{"id":177768,"date":"2020-06-10T08:44:35","date_gmt":"2020-06-10T05:44:35","guid":{"rendered":"http:\/\/arantv.az\/?p=177768"},"modified":"2020-06-10T08:44:35","modified_gmt":"2020-06-10T05:44:35","slug":"prezident-ilham-%c9%99liyev-az%c9%99rbaycan-beyn%c9%99lxalq-arenada-siyasi-c%c9%99h%c9%99td%c9%99n-iqtisadi-v%c9%99-sosial-sah%c9%99d%c9%99-ozunu-guclu-dovl%c9%99t-kimi-gost%c9%99rdi","status":"publish","type":"post","link":"https:\/\/arantv.az\/?p=177768","title":{"rendered":"Prezident \u0130lham \u018fliyev: Az\u0259rbaycan beyn\u0259lxalq arenada siyasi c\u0259h\u0259td\u0259n, iqtisadi v\u0259 sosial sah\u0259d\u0259 \u00f6z\u00fcn\u00fc g\u00fccl\u00fc d\u00f6vl\u0259t kimi g\u00f6st\u0259rdi"},"content":{"rendered":"<p><strong>Az\u0259rbaycan beyn\u0259lxalq arenada siyasi c\u0259h\u0259td\u0259n, iqtisadi v\u0259 sosial sah\u0259d\u0259 \u00f6z\u00fcn\u00fc g\u00fccl\u00fc d\u00f6vl\u0259t kimi g\u00f6st\u0259rdi.<\/strong><\/p>\n<p><strong>ARANTV.AZ\u00a0<\/strong><a href=\"http:\/\/azertag.az\/\" target=\"_blank\" rel=\"noopener\">AZ\u018fRTAC<\/a>-a istinad\u0259n bildirir ki,\u00a0bunu Prezident \u0130lham \u018fliyev iyunun 9-da \u00fc\u00e7 modul tipli x\u0259st\u0259xanan\u0131n a\u00e7\u0131l\u0131\u015f\u0131ndan sonra h\u0259kim kollektivi il\u0259 g\u00f6r\u00fc\u015f\u00fcnd\u0259 \u00e7\u0131x\u0131\u015f\u0131 zaman\u0131 deyib.<\/p>\n<p>D\u00f6vl\u0259t ba\u015f\u00e7\u0131s\u0131 bildirib: &#8220;Bilirsiniz ki, Sumqay\u0131t \u015f\u0259h\u0259rin\u0259 m\u0259n daim b\u00f6y\u00fck diqq\u0259t g\u00f6st\u0259rir\u0259m v\u0259 Prezident kimi d\u0259f\u0259l\u0259rl\u0259 Sumqay\u0131tda olmu\u015fam, orta hesabla minimum ild\u0259 iki d\u0259f\u0259, b\u0259zi ill\u0259rd\u0259 daha da \u00e7ox. Sumqay\u0131t\u0131n s\u0259naye potensial\u0131n\u0131n inki\u015faf\u0131 bu g\u00fcn g\u00f6z qaba\u011f\u0131ndad\u0131r. Sumqay\u0131t n\u0259inki Az\u0259rbaycan\u0131n, eyni zamanda, C\u0259nubi Qafqaz\u0131n ikinci b\u00f6y\u00fck s\u0259naye \u015f\u0259h\u0259ridir v\u0259 eyni zamanda, m\u00fcasir s\u0259naye \u015f\u0259h\u0259ridir. \u00c7\u00fcnki bildiyiniz kimi, &#8211; ya\u015fl\u0131 n\u0259sil bunu yax\u015f\u0131 bilir, &#8211; \u0259vv\u0259lki d\u00f6vrd\u0259 Sumqay\u0131tda \u00e7ox \u00e7\u0259tin ekoloji v\u0259ziyy\u0259t m\u00f6vcud idi. Bu g\u00fcn yeni istifad\u0259y\u0259 verilmi\u015f b\u00fct\u00fcn m\u00fc\u0259ssis\u0259l\u0259r y\u00fcz faiz ekoloji standartlara cavab verir. Buna g\u00f6r\u0259 Sumqay\u0131tda indi ekoloji v\u0259ziyy\u0259t \u00e7ox yax\u015f\u0131la\u015f\u0131b v\u0259 hava da t\u0259mizdir. Sumqay\u0131t bu g\u00fcn parklar, ba\u011flar \u015f\u0259h\u0259ridir, ya\u015f\u0131lla\u015fd\u0131rma i\u015fl\u0259ri gedir. \u0130ndi insanlar\u0131 narahat ed\u0259n v\u0259 ekoloji problem yaradan Ac\u0131d\u0259r\u0259 kanal\u0131 da t\u0259mizl\u0259nir. Buraya da b\u00f6y\u00fck v\u0259sait ayr\u0131l\u0131r. Bununla paralel olaraq, \u015f\u0259h\u0259r infrastrukturu yenil\u0259\u015fir, o c\u00fcml\u0259d\u0259n sosial obyektl\u0259r in\u015fa edilir. 1 sayl\u0131 \u015f\u0259h\u0259r x\u0259st\u0259xanas\u0131n\u0131n \u0259sasl\u0131 t\u0259mirind\u0259n sonra \u0259lb\u0259tt\u0259 ki, v\u0259ziyy\u0259t daha da yax\u015f\u0131la\u015f\u0131b.<\/p>\n<p>M\u0259nim g\u00f6st\u0259ri\u015fiml\u0259 haz\u0131rda 2 sayl\u0131 x\u0259st\u0259xanan\u0131n tikintisi gedir. \u0130lkin m\u0259rh\u0259l\u0259d\u0259 bel\u0259 t\u0259klif olundu ki, o t\u0259mir edilsin. Amma sonra m\u0259n\u0259 veril\u0259n m\u0259lumata g\u00f6r\u0259, bu, m\u00fcmk\u00fcns\u00fcz olub v\u0259 dem\u0259k olar ki, x\u0259st\u0259xana yenid\u0259n tikil\u0259c\u0259k. Bu, bir daha onu g\u00f6st\u0259rir ki, vaxt\u0131nda g\u00f6r\u00fclm\u00fc\u015f i\u015fl\u0259r \u0259n b\u00f6hranl\u0131 d\u00f6vrd\u0259 biz\u0259 laz\u0131m ola bil\u0259r. Bildiyiniz kimi, b\u00fct\u00fcn \u00f6lk\u0259 \u00fczr\u0259 yeni x\u0259st\u0259xanalar\u0131n tikintisi dem\u0259k olar ki, ba\u015fa \u00e7at\u0131r, b\u0259lk\u0259 bir, ya iki \u015f\u0259h\u0259rd\u0259 h\u0259l\u0259 ki, istifad\u0259y\u0259 verilm\u0259yib, amma o da n\u0259z\u0259rd\u0259 tutulur. Bel\u0259likl\u0259, \u00f6lk\u0259mizin h\u0259r bir \u015f\u0259h\u0259rind\u0259 m\u00fcasir tibb m\u00fc\u0259ssis\u0259si var, \u00f6z\u00fc d\u0259 m\u0259rk\u0259zi rayon x\u0259st\u0259xanas\u0131 s\u0259viyy\u0259sind\u0259, eyni zamanda, 20-y\u0259 yax\u0131n m\u00fcalic\u0259-diaqnostika m\u0259rk\u0259zi. \u0130lk n\u00f6vb\u0259d\u0259, \u0259g\u0259r bu infrastruktur olmasayd\u0131, biz indi icbari tibbi s\u0131\u011forta sistemin\u0259 ke\u00e7\u0259 bilm\u0259zdik. \u00c7\u00fcnki bunun \u0259sas \u015f\u0259rti m\u00f6vcud infrastrukturun m\u00fcasir s\u0259viyy\u0259d\u0259 olmas\u0131d\u0131r.<\/p>\n<p>Bildiyiniz kimi, biz bu ilin \u0259vv\u0259lind\u0259n \u00f6lk\u0259 \u00fczr\u0259 tam icbari tibbi s\u0131\u011fortaya ke\u00e7m\u0259li idik, ancaq pandemiya planlar\u0131m\u0131za m\u00fcdaxil\u0259 etdi. Biz indi bir ne\u00e7\u0259 pilot layih\u0259ni icra ed\u0259r\u0259k g\u00f6rd\u00fck ki, bunun \u00fcst\u00fcnl\u00fcy\u00fc n\u0259d\u0259n ibar\u0259tdir v\u0259 v\u0259t\u0259nda\u015flar da g\u00f6rd\u00fc. Ona g\u00f6r\u0259 g\u0259l\u0259n ilin \u0259vv\u0259lind\u0259n art\u0131q \u00f6lk\u0259 \u00fczr\u0259 icbari tibbi s\u0131\u011fortaya tam ke\u00e7id n\u0259z\u0259rd\u0259 tutulur. Bir daha dem\u0259k ist\u0259yir\u0259m ki, \u0259g\u0259r biz bu tibb ocaqlar\u0131n\u0131 vaxt\u0131nda tikm\u0259s\u0259ydik, indi x\u0259st\u0259l\u0259ri m\u00fcalic\u0259 etm\u0259k m\u00fcmk\u00fcn olmazd\u0131. Bax\u0131n, indi 20-d\u0259n \u00e7ox x\u0259st\u0259xanada koronavirus x\u0259st\u0259l\u0259ri m\u00fcalic\u0259 olunur, b\u00f6lg\u0259l\u0259rd\u0259 yeni tikilmi\u015f b\u00fct\u00fcn x\u0259st\u0259xanalarda. \u018fg\u0259r bu olmasayd\u0131, harada m\u00fcalic\u0259 olunacaqd\u0131? Bak\u0131 \u015f\u0259h\u0259rind\u0259 \u0259n \u00e7ox harada m\u00fcalic\u0259 olunur: Tibb Universitetinin C\u0259rrahiyy\u0259 Klinikas\u0131nda v\u0259 Tibb Universitetinin T\u0259dris-Terapevtik Klinikas\u0131nda. \u018fn \u00e7ox m\u00fcalic\u0259 olunan x\u0259st\u0259l\u0259r oradad\u0131r. Yeni klinikada 575 \u00e7arpay\u0131 m\u00f6vcuddur. Bizim dig\u0259r t\u0259mir edilmi\u015f, yaxud da yenid\u0259n tikilmi\u015f klinikalard\u0131r v\u0259 b\u00fct\u00fcn klinikalar tibbi avadanl\u0131qla t\u0259min olunub. Son ill\u0259rin istehsal\u0131, apar\u0131c\u0131 \u015firk\u0259tl\u0259rin istehsal\u0131 olan avadanl\u0131q biz\u0259 imkan verir ki, ist\u0259nil\u0259n x\u0259st\u0259nin m\u00fcalic\u0259sini t\u0259min ed\u0259k. Ona g\u00f6r\u0259, bax, bu g\u00f6r\u00fclm\u00fc\u015f i\u015fl\u0259rdir v\u0259 son 16 il \u0259rzind\u0259 b\u00fct\u00f6vl\u00fckd\u0259 700-d\u0259n \u00e7ox tibb m\u00fc\u0259ssis\u0259si ya yenid\u0259n tikilib, ya da \u0259sasl\u0131 t\u0259mir edilib. Bu g\u00fccl\u00fc sosial s\u0259hiyy\u0259 infrastrukturu biz\u0259 imkan verdi ki, bu v\u0259ziyy\u0259td\u0259n d\u0259 \u015f\u0259r\u0259fl\u0259 \u00e7\u0131xaq. Biz iki min \u0259lav\u0259 \u00e7arpay\u0131n\u0131 ona g\u00f6r\u0259 yarad\u0131r\u0131q ki, bu, bir ehtiyat olsun, Allah el\u0259m\u0259sin, bu x\u0259st\u0259lik daha geni\u015f yay\u0131lsa, bizim imkan\u0131m\u0131z olsun. Laz\u0131m olarsa, \u0259lav\u0259 10 x\u0259st\u0259xana da tik\u0259rik. Y\u0259ni, bu m\u0259qs\u0259dl\u0259r \u00fc\u00e7\u00fcn biz ist\u0259nil\u0259n v\u0259saiti tapa bil\u0259rik v\u0259 tap\u0131r\u0131q.<\/p>\n<p>Bu d\u00f6vr \u0259rzind\u0259 bir daha dem\u0259k ist\u0259yir\u0259m ki, Az\u0259rbaycan beyn\u0259lxalq arenada siyasi c\u0259h\u0259td\u0259n \u00f6z\u00fcn\u00fc g\u00fccl\u00fc d\u00f6vl\u0259t kimi g\u00f6st\u0259rdi, iqtisadi sah\u0259d\u0259 g\u00fccl\u00fc d\u00f6vl\u0259t kimi g\u00f6st\u0259rdi, sosial sah\u0259d\u0259 g\u00fccl\u00fc d\u00f6vl\u0259t kimi g\u00f6st\u0259rdi. G\u00f6st\u0259rdi ki, siyas\u0259timizin m\u0259rk\u0259zind\u0259 Az\u0259rbaycan v\u0259t\u0259nda\u015f\u0131 durur. Onu da bildirm\u0259liy\u0259m ki, bu d\u00f6vr \u0259rzind\u0259 apar\u0131c\u0131 beyn\u0259lxalq maliyy\u0259 qurumlar\u0131n\u0131n hesablamalar\u0131na g\u00f6r\u0259, 150-d\u0259n \u00e7ox \u00f6lk\u0259 beyn\u0259lxalq maliyy\u0259 qurumlar\u0131na yard\u0131mla ba\u011fl\u0131 m\u00fcraci\u0259t edib. Az\u0259rbaycan\u0131n ad\u0131 bu siyah\u0131da yoxdur. Biz he\u00e7 kimd\u0259n yard\u0131m alm\u0131r\u0131q, he\u00e7 kimd\u0259n yard\u0131m ist\u0259mirik, biz kredit ist\u0259mirik. Ancaq y\u00fcks\u0259k texnoloji layih\u0259l\u0259rin h\u0259yata ke\u00e7irilm\u0259si \u00fc\u00e7\u00fcn kredit ala bil\u0259rik, biz\u0259 m\u0259qbul olan \u015f\u0259rtl\u0259rl\u0259. Ona g\u00f6r\u0259 b\u00fct\u00fcn parametrl\u0259r \u00fczr\u0259 Az\u0259rbaycan liderlik g\u00f6st\u0259rib. Bu liderlik art\u0131q regionumuzun \u00e7\u0259r\u00e7iv\u0259l\u0259rind\u0259n \u00e7oxdan \u00e7\u0131x\u0131b&#8221;.<\/p>\n","protected":false},"excerpt":{"rendered":"<p>Az\u0259rbaycan beyn\u0259lxalq arenada siyasi c\u0259h\u0259td\u0259n, iqtisadi v\u0259 sosial sah\u0259d\u0259 \u00f6z\u00fcn\u00fc g\u00fccl\u00fc d\u00f6vl\u0259t kimi g\u00f6st\u0259rdi. ARANTV.AZ\u00a0AZ\u018fRTAC-a istinad\u0259n bildirir ki,\u00a0bunu Prezident \u0130lham \u018fliyev iyunun 9-da \u00fc\u00e7 modul tipli x\u0259st\u0259xanan\u0131n a\u00e7\u0131l\u0131\u015f\u0131ndan sonra h\u0259kim kollektivi il\u0259 g\u00f6r\u00fc\u015f\u00fcnd\u0259 \u00e7\u0131x\u0131\u015f\u0131 zaman\u0131 deyib. D\u00f6vl\u0259t ba\u015f\u00e7\u0131s\u0131 bildirib: &#8220;Bilirsiniz ki, Sumqay\u0131t \u015f\u0259h\u0259rin\u0259 m\u0259n daim b\u00f6y\u00fck diqq\u0259t g\u00f6st\u0259rir\u0259m v\u0259 Prezident kimi d\u0259f\u0259l\u0259rl\u0259 Sumqay\u0131tda olmu\u015fam, orta hesabla minimum ild\u0259 iki d\u0259f\u0259, b\u0259zi ill\u0259rd\u0259 daha da \u00e7ox. Sumqay\u0131t\u0131n s\u0259naye potensial\u0131n\u0131n inki\u015faf\u0131 bu g\u00fcn g\u00f6z qaba\u011f\u0131ndad\u0131r. Sumqay\u0131t n\u0259inki Az\u0259rbaycan\u0131n, eyni zamanda, C\u0259nubi Qafqaz\u0131n ikinci b\u00f6y\u00fck s\u0259naye \u015f\u0259h\u0259ridir v\u0259 eyni zamanda, m\u00fcasir s\u0259naye \u015f\u0259h\u0259ridir.&hellip;<\/p>\n","protected":false},"author":2,"featured_media":177769,"comment_status":"closed","ping_status":"closed","sticky":false,"template":"","format":"standard","meta":{"om_disable_all_campaigns":false,"_monsterinsights_skip_tracking":false,"_monsterinsights_sitenote_active":false,"_monsterinsights_sitenote_note":"","_monsterinsights_sitenote_category":0},"categories":[4],"tags":[],"aioseo_notices":[],"gutentor_comment":0,"rttpg_featured_image_url":{"full":["https:\/\/arantv.az\/wp-content\/uploads\/2020\/06\/857004.jpg",994,663,false],"landscape":["https:\/\/arantv.az\/wp-content\/uploads\/2020\/06\/857004.jpg",994,663,false],"portraits":["https:\/\/arantv.az\/wp-content\/uploads\/2020\/06\/857004.jpg",994,663,false],"thumbnail":["https:\/\/arantv.az\/wp-content\/uploads\/2020\/06\/857004-150x150.jpg",150,150,true],"medium":["https:\/\/arantv.az\/wp-content\/uploads\/2020\/06\/857004-300x200.jpg",300,200,true],"large":["https:\/\/arantv.az\/wp-content\/uploads\/2020\/06\/857004.jpg",640,427,false],"1536x1536":["https:\/\/arantv.az\/wp-content\/uploads\/2020\/06\/857004.jpg",994,663,false],"2048x2048":["https:\/\/arantv.az\/wp-content\/uploads\/2020\/06\/857004.jpg",994,663,false],"post-thumbnail":["https:\/\/arantv.az\/wp-content\/uploads\/2020\/06\/857004-240x172.jpg",240,172,true],"advps-thumb-one":["https:\/\/arantv.az\/wp-content\/uploads\/2020\/06\/857004-994x620.jpg",994,620,true]},"rttpg_author":{"display_name":"V\u00fcsal Rafiqo\u011flu","author_link":"https:\/\/arantv.az\/?author=2"},"rttpg_comment":0,"rttpg_category":"<a href=\"https:\/\/arantv.az\/?cat=4\" rel=\"category\">Siyas\u0259t<\/a>","rttpg_excerpt":"Az\u0259rbaycan beyn\u0259lxalq arenada siyasi c\u0259h\u0259td\u0259n, iqtisadi v\u0259 sosial sah\u0259d\u0259 \u00f6z\u00fcn\u00fc g\u00fccl\u00fc d\u00f6vl\u0259t kimi g\u00f6st\u0259rdi. ARANTV.AZ\u00a0AZ\u018fRTAC-a istinad\u0259n bildirir ki,\u00a0bunu Prezident \u0130lham \u018fliyev iyunun 9-da \u00fc\u00e7 modul tipli x\u0259st\u0259xanan\u0131n a\u00e7\u0131l\u0131\u015f\u0131ndan sonra h\u0259kim kollektivi il\u0259 g\u00f6r\u00fc\u015f\u00fcnd\u0259 \u00e7\u0131x\u0131\u015f\u0131 zaman\u0131 deyib. D\u00f6vl\u0259t ba\u015f\u00e7\u0131s\u0131 bildirib: &#8220;Bilirsiniz ki, Sumqay\u0131t \u015f\u0259h\u0259rin\u0259 m\u0259n daim b\u00f6y\u00fck diqq\u0259t g\u00f6st\u0259rir\u0259m v\u0259 Prezident kimi d\u0259f\u0259l\u0259rl\u0259 Sumqay\u0131tda olmu\u015fam, orta&hellip;","_links":{"self":[{"href":"https:\/\/arantv.az\/index.php?rest_route=\/wp\/v2\/posts\/177768"}],"collection":[{"href":"https:\/\/arantv.az\/index.php?rest_route=\/wp\/v2\/posts"}],"about":[{"href":"https:\/\/arantv.az\/index.php?rest_route=\/wp\/v2\/types\/post"}],"author":[{"embeddable":true,"href":"https:\/\/arantv.az\/index.php?rest_route=\/wp\/v2\/users\/2"}],"replies":[{"embeddable":true,"href":"https:\/\/arantv.az\/index.php?rest_route=%2Fwp%2Fv2%2Fcomments&post=177768"}],"version-history":[{"count":0,"href":"https:\/\/arantv.az\/index.php?rest_route=\/wp\/v2\/posts\/177768\/revisions"}],"wp:featuredmedia":[{"embeddable":true,"href":"https:\/\/arantv.az\/index.php?rest_route=\/wp\/v2\/media\/177769"}],"wp:attachment":[{"href":"https:\/\/arantv.az\/index.php?rest_route=%2Fwp%2Fv2%2Fmedia&parent=177768"}],"wp:term":[{"taxonomy":"category","embeddable":true,"href":"https:\/\/arantv.az\/index.php?rest_route=%2Fwp%2Fv2%2Fcategories&post=177768"},{"taxonomy":"post_tag","embeddable":true,"href":"https:\/\/arantv.az\/index.php?rest_route=%2Fwp%2Fv2%2Ftags&post=177768"}],"curies":[{"name":"wp","href":"https:\/\/api.w.org\/{rel}","templated":true}]}}