{"id":177772,"date":"2020-06-10T08:46:05","date_gmt":"2020-06-10T05:46:05","guid":{"rendered":"http:\/\/arantv.az\/?p=177772"},"modified":"2020-06-10T08:46:05","modified_gmt":"2020-06-10T05:46:05","slug":"prezident-ilham-%c9%99liyev-erm%c9%99nistan-r%c9%99hb%c9%99rliyi-yuzl%c9%99rl%c9%99-l%c9%99n%c9%99tl%c9%99-dolu-cagirislar-esidir","status":"publish","type":"post","link":"https:\/\/arantv.az\/?p=177772","title":{"rendered":"Prezident \u0130lham \u018fliyev: Erm\u0259nistan r\u0259hb\u0259rliyi y\u00fczl\u0259rl\u0259 l\u0259n\u0259tl\u0259 dolu \u00e7a\u011f\u0131r\u0131\u015flar e\u015fidir"},"content":{"rendered":"<p>Erm\u0259nistan r\u0259hb\u0259rliyi y\u00fczl\u0259rl\u0259 l\u0259n\u0259tl\u0259 dolu \u00e7a\u011f\u0131r\u0131\u015flar e\u015fidir.<\/p>\n<p><strong>ARANTV.AZ\u00a0<\/strong>\u00a0<a href=\"http:\/\/azertag.az\/\" target=\"_blank\" rel=\"noopener\">AZ\u018fRTAC<\/a>-a istinad\u0259n bildirir ki,\u00a0bunu Prezident \u0130lham \u018fliyev iyunun 9-da \u00fc\u00e7 modul tipli x\u0259st\u0259xanan\u0131n a\u00e7\u0131l\u0131\u015f\u0131 zaman\u0131 h\u0259kim kollektivi il\u0259 g\u00f6r\u00fc\u015f\u00fcnd\u0259 \u00e7\u0131x\u0131\u015f\u0131 zaman\u0131 deyib.<\/p>\n<p>D\u00f6vl\u0259t ba\u015f\u00e7\u0131s\u0131 bildirib:<\/p>\n<p>&#8220;D\u00fcnyada ba\u015f vermi\u015f hadis\u0259l\u0259r\u0259 v\u0259 bir \u00e7ox inki\u015faf etmi\u015f \u00f6lk\u0259l\u0259rd\u0259 koronavirusla ba\u011fl\u0131 ac\u0131nacaql\u0131 v\u0259ziyy\u0259t\u0259 baxd\u0131qda bir daha g\u00f6r\u00fcr\u00fck ki, Az\u0259rbaycan bu sah\u0259d\u0259 d\u0259 \u00f6z modelini ortaya qoyub v\u0259 b\u00fct\u00fcn h\u0259d\u0259fl\u0259r\u0259 ard\u0131c\u0131ll\u0131qla, m\u0259qs\u0259dy\u00f6nl\u00fc \u015f\u0259kild\u0259 \u00e7ata bilib. \u018flb\u0259tt\u0259 ki, m\u0259n bizi ba\u015fqa \u00f6lk\u0259l\u0259rl\u0259 m\u00fcqayis\u0259 etm\u0259k fikrind\u0259 deyil\u0259m. Ancaq d\u00fcnyada h\u0259r \u015fey m\u00fcqayis\u0259 il\u0259 \u00f6l\u00e7\u00fcl\u00fcr. Misal \u00fc\u00e7\u00fcn bu g\u00fcn\u0259 q\u0259d\u0259r Az\u0259rbaycanda yoluxanlar\u0131n say\u0131 8 min\u0259 q\u0259d\u0259rdir, 350 mind\u0259n \u00e7ox test ke\u00e7irilib v\u0259 adamba\u015f\u0131na testl\u0259rin say\u0131na g\u00f6r\u0259 biz qabaqc\u0131l yerl\u0259rd\u0259yik. Ancaq qon\u015fu Erm\u0259nistanda yoluxanlar\u0131n say\u0131 13 mini \u00f6t\u00fcb v\u0259 testl\u0259rin say\u0131 bizd\u0259kind\u0259n 5-6 d\u0259f\u0259 azd\u0131r. N\u0259z\u0259r\u0259 alsaq ki, Erm\u0259nistan \u0259halisi Az\u0259rbaycan \u0259halisind\u0259n 5 d\u0259f\u0259 azd\u0131r, m\u0259nz\u0259r\u0259 tam ayd\u0131nd\u0131r. \u018fg\u0259r m\u0259n g\u00fcnd\u0259 y\u00fczl\u0259rl\u0259 t\u0259\u015f\u0259kk\u00fcr m\u0259ktubu al\u0131ramsa, Erm\u0259nistan r\u0259hb\u0259rliyi y\u00fczl\u0259rl\u0259 l\u0259n\u0259tl\u0259 dolu \u00e7a\u011f\u0131r\u0131\u015flar e\u015fidir.<\/p>\n<p>\u0130nki\u015faf etmi\u015f \u00f6lk\u0259l\u0259rl\u0259 dig\u0259r m\u00fcqayis\u0259ni d\u0259 apara bil\u0259r\u0259m. M\u0259s\u0259l\u0259n, bir ne\u00e7\u0259 inki\u015faf etmi\u015f \u00f6lk\u0259 var ki, orada \u00f6l\u0259nl\u0259rin say\u0131 bizd\u0259 yoluxanlar\u0131n say\u0131ndan \u00e7oxdur. O inki\u015faf etmi\u015f \u00f6lk\u0259l\u0259r ki, orada s\u0259hiyy\u0259 sistemi h\u0259mi\u015f\u0259 etalon, bir n\u00fcmun\u0259 hesab edilib. B\u0259zi inki\u015faf etmi\u015f \u00f6lk\u0259l\u0259rd\u0259, o \u00f6lk\u0259l\u0259rd\u0259 ki, \u0259halisi biziml\u0259 t\u0259xmin\u0259n eynidir, on min\u0259 yax\u0131n insan \u00f6l\u00fcb. Bizd\u0259 is\u0259 sad\u0259c\u0259 yoluxanlar\u0131n say\u0131 8 min\u0259 q\u0259d\u0259rdir. Ona g\u00f6r\u0259 bizd\u0259ki yana\u015fma, &#8211; h\u0259r bir yoluxmu\u015f insana tibbi xidm\u0259t g\u00f6st\u0259rilir, &#8211; \u0259n d\u00fczg\u00fcn, \u0259n humanist yana\u015fmad\u0131r v\u0259 bu istiqam\u0259td\u0259 \u0259lav\u0259 add\u0131mlar at\u0131lacaq&#8221;.<\/p>\n","protected":false},"excerpt":{"rendered":"<p>Erm\u0259nistan r\u0259hb\u0259rliyi y\u00fczl\u0259rl\u0259 l\u0259n\u0259tl\u0259 dolu \u00e7a\u011f\u0131r\u0131\u015flar e\u015fidir. ARANTV.AZ\u00a0\u00a0AZ\u018fRTAC-a istinad\u0259n bildirir ki,\u00a0bunu Prezident \u0130lham \u018fliyev iyunun 9-da \u00fc\u00e7 modul tipli x\u0259st\u0259xanan\u0131n a\u00e7\u0131l\u0131\u015f\u0131 zaman\u0131 h\u0259kim kollektivi il\u0259 g\u00f6r\u00fc\u015f\u00fcnd\u0259 \u00e7\u0131x\u0131\u015f\u0131 zaman\u0131 deyib. D\u00f6vl\u0259t ba\u015f\u00e7\u0131s\u0131 bildirib: &#8220;D\u00fcnyada ba\u015f vermi\u015f hadis\u0259l\u0259r\u0259 v\u0259 bir \u00e7ox inki\u015faf etmi\u015f \u00f6lk\u0259l\u0259rd\u0259 koronavirusla ba\u011fl\u0131 ac\u0131nacaql\u0131 v\u0259ziyy\u0259t\u0259 baxd\u0131qda bir daha g\u00f6r\u00fcr\u00fck ki, Az\u0259rbaycan bu sah\u0259d\u0259 d\u0259 \u00f6z modelini ortaya qoyub v\u0259 b\u00fct\u00fcn h\u0259d\u0259fl\u0259r\u0259 ard\u0131c\u0131ll\u0131qla, m\u0259qs\u0259dy\u00f6nl\u00fc \u015f\u0259kild\u0259 \u00e7ata bilib. \u018flb\u0259tt\u0259 ki, m\u0259n bizi ba\u015fqa \u00f6lk\u0259l\u0259rl\u0259 m\u00fcqayis\u0259 etm\u0259k fikrind\u0259 deyil\u0259m. Ancaq d\u00fcnyada h\u0259r \u015fey m\u00fcqayis\u0259 il\u0259 \u00f6l\u00e7\u00fcl\u00fcr. Misal \u00fc\u00e7\u00fcn bu g\u00fcn\u0259 q\u0259d\u0259r Az\u0259rbaycanda&hellip;<\/p>\n","protected":false},"author":2,"featured_media":177773,"comment_status":"closed","ping_status":"closed","sticky":false,"template":"","format":"standard","meta":{"om_disable_all_campaigns":false,"_monsterinsights_skip_tracking":false,"_monsterinsights_sitenote_active":false,"_monsterinsights_sitenote_note":"","_monsterinsights_sitenote_category":0},"categories":[4],"tags":[],"aioseo_notices":[],"gutentor_comment":0,"rttpg_featured_image_url":{"full":["https:\/\/arantv.az\/wp-content\/uploads\/2020\/06\/385906-77.jpg",800,600,false],"landscape":["https:\/\/arantv.az\/wp-content\/uploads\/2020\/06\/385906-77.jpg",800,600,false],"portraits":["https:\/\/arantv.az\/wp-content\/uploads\/2020\/06\/385906-77.jpg",800,600,false],"thumbnail":["https:\/\/arantv.az\/wp-content\/uploads\/2020\/06\/385906-77-150x150.jpg",150,150,true],"medium":["https:\/\/arantv.az\/wp-content\/uploads\/2020\/06\/385906-77-300x225.jpg",300,225,true],"large":["https:\/\/arantv.az\/wp-content\/uploads\/2020\/06\/385906-77.jpg",640,480,false],"1536x1536":["https:\/\/arantv.az\/wp-content\/uploads\/2020\/06\/385906-77.jpg",800,600,false],"2048x2048":["https:\/\/arantv.az\/wp-content\/uploads\/2020\/06\/385906-77.jpg",800,600,false],"post-thumbnail":["https:\/\/arantv.az\/wp-content\/uploads\/2020\/06\/385906-77-240x172.jpg",240,172,true],"advps-thumb-one":["https:\/\/arantv.az\/wp-content\/uploads\/2020\/06\/385906-77.jpg",800,600,false]},"rttpg_author":{"display_name":"V\u00fcsal Rafiqo\u011flu","author_link":"https:\/\/arantv.az\/?author=2"},"rttpg_comment":0,"rttpg_category":"<a href=\"https:\/\/arantv.az\/?cat=4\" rel=\"category\">Siyas\u0259t<\/a>","rttpg_excerpt":"Erm\u0259nistan r\u0259hb\u0259rliyi y\u00fczl\u0259rl\u0259 l\u0259n\u0259tl\u0259 dolu \u00e7a\u011f\u0131r\u0131\u015flar e\u015fidir. ARANTV.AZ\u00a0\u00a0AZ\u018fRTAC-a istinad\u0259n bildirir ki,\u00a0bunu Prezident \u0130lham \u018fliyev iyunun 9-da \u00fc\u00e7 modul tipli x\u0259st\u0259xanan\u0131n a\u00e7\u0131l\u0131\u015f\u0131 zaman\u0131 h\u0259kim kollektivi il\u0259 g\u00f6r\u00fc\u015f\u00fcnd\u0259 \u00e7\u0131x\u0131\u015f\u0131 zaman\u0131 deyib. D\u00f6vl\u0259t ba\u015f\u00e7\u0131s\u0131 bildirib: &#8220;D\u00fcnyada ba\u015f vermi\u015f hadis\u0259l\u0259r\u0259 v\u0259 bir \u00e7ox inki\u015faf etmi\u015f \u00f6lk\u0259l\u0259rd\u0259 koronavirusla ba\u011fl\u0131 ac\u0131nacaql\u0131 v\u0259ziyy\u0259t\u0259 baxd\u0131qda bir daha g\u00f6r\u00fcr\u00fck ki, Az\u0259rbaycan bu sah\u0259d\u0259 d\u0259&hellip;","_links":{"self":[{"href":"https:\/\/arantv.az\/index.php?rest_route=\/wp\/v2\/posts\/177772"}],"collection":[{"href":"https:\/\/arantv.az\/index.php?rest_route=\/wp\/v2\/posts"}],"about":[{"href":"https:\/\/arantv.az\/index.php?rest_route=\/wp\/v2\/types\/post"}],"author":[{"embeddable":true,"href":"https:\/\/arantv.az\/index.php?rest_route=\/wp\/v2\/users\/2"}],"replies":[{"embeddable":true,"href":"https:\/\/arantv.az\/index.php?rest_route=%2Fwp%2Fv2%2Fcomments&post=177772"}],"version-history":[{"count":0,"href":"https:\/\/arantv.az\/index.php?rest_route=\/wp\/v2\/posts\/177772\/revisions"}],"wp:featuredmedia":[{"embeddable":true,"href":"https:\/\/arantv.az\/index.php?rest_route=\/wp\/v2\/media\/177773"}],"wp:attachment":[{"href":"https:\/\/arantv.az\/index.php?rest_route=%2Fwp%2Fv2%2Fmedia&parent=177772"}],"wp:term":[{"taxonomy":"category","embeddable":true,"href":"https:\/\/arantv.az\/index.php?rest_route=%2Fwp%2Fv2%2Fcategories&post=177772"},{"taxonomy":"post_tag","embeddable":true,"href":"https:\/\/arantv.az\/index.php?rest_route=%2Fwp%2Fv2%2Ftags&post=177772"}],"curies":[{"name":"wp","href":"https:\/\/api.w.org\/{rel}","templated":true}]}}