{"id":177788,"date":"2020-06-10T09:02:57","date_gmt":"2020-06-10T06:02:57","guid":{"rendered":"http:\/\/arantv.az\/?p=177788"},"modified":"2020-06-10T09:02:57","modified_gmt":"2020-06-10T06:02:57","slug":"karantinin-ikinci-gunu-cor%c9%99k-m%c9%99hsullarinin-istehsalina-icaz%c9%99-veril%c9%99c%c9%99k","status":"publish","type":"post","link":"https:\/\/arantv.az\/?p=177788","title":{"rendered":"Karantinin ikinci g\u00fcn\u00fc \u00e7\u00f6r\u0259k m\u0259hsullar\u0131n\u0131n istehsal\u0131na icaz\u0259 veril\u0259c\u0259k"},"content":{"rendered":"<p><strong>\u0130yunun 14-\u00fc saat 00:00-dan 16 iyun 06:00-d\u0259k Bak\u0131, G\u0259nc\u0259, L\u0259nk\u0259ran v\u0259 Sumqay\u0131t \u015f\u0259h\u0259rl\u0259rind\u0259, Ab\u015feron, Yevlax, \u0130smay\u0131ll\u0131, K\u00fcrd\u0259mir v\u0259 Salyan rayonlar\u0131nda t\u0259tbiq edil\u0259n qada\u011fa m\u00fcdd\u0259tinin ikinci g\u00fcn\u00fc \u00e7\u00f6r\u0259k m\u0259hsullar\u0131n\u0131n istehsal\u0131na icaz\u0259 veril\u0259c\u0259k.<\/strong><\/p>\n<p><strong>ARANTV.AZ<\/strong>-\u0131n x\u0259b\u0259rin\u0259 g\u00f6r\u0259, \u00e7\u00f6r\u0259k m\u0259hsullar\u0131n\u0131n istehsal\u0131na iyunun 15-i saat 16:00-dan etibar\u0259n icaz\u0259 veril\u0259c\u0259k.Publika.az<\/p>\n","protected":false},"excerpt":{"rendered":"<p>\u0130yunun 14-\u00fc saat 00:00-dan 16 iyun 06:00-d\u0259k Bak\u0131, G\u0259nc\u0259, L\u0259nk\u0259ran v\u0259 Sumqay\u0131t \u015f\u0259h\u0259rl\u0259rind\u0259, Ab\u015feron, Yevlax, \u0130smay\u0131ll\u0131, K\u00fcrd\u0259mir v\u0259 Salyan rayonlar\u0131nda t\u0259tbiq edil\u0259n qada\u011fa m\u00fcdd\u0259tinin ikinci g\u00fcn\u00fc \u00e7\u00f6r\u0259k m\u0259hsullar\u0131n\u0131n istehsal\u0131na icaz\u0259 veril\u0259c\u0259k. ARANTV.AZ-\u0131n x\u0259b\u0259rin\u0259 g\u00f6r\u0259, \u00e7\u00f6r\u0259k m\u0259hsullar\u0131n\u0131n istehsal\u0131na iyunun 15-i saat 16:00-dan etibar\u0259n icaz\u0259 veril\u0259c\u0259k.Publika.az<\/p>\n","protected":false},"author":2,"featured_media":177789,"comment_status":"closed","ping_status":"closed","sticky":false,"template":"","format":"standard","meta":{"om_disable_all_campaigns":false,"_monsterinsights_skip_tracking":false,"_monsterinsights_sitenote_active":false,"_monsterinsights_sitenote_note":"","_monsterinsights_sitenote_category":0},"categories":[26],"tags":[],"aioseo_notices":[],"gutentor_comment":0,"rttpg_featured_image_url":{"full":["https:\/\/arantv.az\/wp-content\/uploads\/2020\/06\/corek_esas_5.jpg",800,450,false],"landscape":["https:\/\/arantv.az\/wp-content\/uploads\/2020\/06\/corek_esas_5.jpg",800,450,false],"portraits":["https:\/\/arantv.az\/wp-content\/uploads\/2020\/06\/corek_esas_5.jpg",800,450,false],"thumbnail":["https:\/\/arantv.az\/wp-content\/uploads\/2020\/06\/corek_esas_5-150x150.jpg",150,150,true],"medium":["https:\/\/arantv.az\/wp-content\/uploads\/2020\/06\/corek_esas_5-300x169.jpg",300,169,true],"large":["https:\/\/arantv.az\/wp-content\/uploads\/2020\/06\/corek_esas_5.jpg",640,360,false],"1536x1536":["https:\/\/arantv.az\/wp-content\/uploads\/2020\/06\/corek_esas_5.jpg",800,450,false],"2048x2048":["https:\/\/arantv.az\/wp-content\/uploads\/2020\/06\/corek_esas_5.jpg",800,450,false],"post-thumbnail":["https:\/\/arantv.az\/wp-content\/uploads\/2020\/06\/corek_esas_5-240x172.jpg",240,172,true],"advps-thumb-one":["https:\/\/arantv.az\/wp-content\/uploads\/2020\/06\/corek_esas_5.jpg",800,450,false]},"rttpg_author":{"display_name":"V\u00fcsal Rafiqo\u011flu","author_link":"https:\/\/arantv.az\/?author=2"},"rttpg_comment":0,"rttpg_category":"<a href=\"https:\/\/arantv.az\/?cat=26\" rel=\"category\">Sosial<\/a>","rttpg_excerpt":"\u0130yunun 14-\u00fc saat 00:00-dan 16 iyun 06:00-d\u0259k Bak\u0131, G\u0259nc\u0259, L\u0259nk\u0259ran v\u0259 Sumqay\u0131t \u015f\u0259h\u0259rl\u0259rind\u0259, Ab\u015feron, Yevlax, \u0130smay\u0131ll\u0131, K\u00fcrd\u0259mir v\u0259 Salyan rayonlar\u0131nda t\u0259tbiq edil\u0259n qada\u011fa m\u00fcdd\u0259tinin ikinci g\u00fcn\u00fc \u00e7\u00f6r\u0259k m\u0259hsullar\u0131n\u0131n istehsal\u0131na icaz\u0259 veril\u0259c\u0259k. ARANTV.AZ-\u0131n x\u0259b\u0259rin\u0259 g\u00f6r\u0259, \u00e7\u00f6r\u0259k m\u0259hsullar\u0131n\u0131n istehsal\u0131na iyunun 15-i saat 16:00-dan etibar\u0259n icaz\u0259 veril\u0259c\u0259k.Publika.az","_links":{"self":[{"href":"https:\/\/arantv.az\/index.php?rest_route=\/wp\/v2\/posts\/177788"}],"collection":[{"href":"https:\/\/arantv.az\/index.php?rest_route=\/wp\/v2\/posts"}],"about":[{"href":"https:\/\/arantv.az\/index.php?rest_route=\/wp\/v2\/types\/post"}],"author":[{"embeddable":true,"href":"https:\/\/arantv.az\/index.php?rest_route=\/wp\/v2\/users\/2"}],"replies":[{"embeddable":true,"href":"https:\/\/arantv.az\/index.php?rest_route=%2Fwp%2Fv2%2Fcomments&post=177788"}],"version-history":[{"count":0,"href":"https:\/\/arantv.az\/index.php?rest_route=\/wp\/v2\/posts\/177788\/revisions"}],"wp:featuredmedia":[{"embeddable":true,"href":"https:\/\/arantv.az\/index.php?rest_route=\/wp\/v2\/media\/177789"}],"wp:attachment":[{"href":"https:\/\/arantv.az\/index.php?rest_route=%2Fwp%2Fv2%2Fmedia&parent=177788"}],"wp:term":[{"taxonomy":"category","embeddable":true,"href":"https:\/\/arantv.az\/index.php?rest_route=%2Fwp%2Fv2%2Fcategories&post=177788"},{"taxonomy":"post_tag","embeddable":true,"href":"https:\/\/arantv.az\/index.php?rest_route=%2Fwp%2Fv2%2Ftags&post=177788"}],"curies":[{"name":"wp","href":"https:\/\/api.w.org\/{rel}","templated":true}]}}