{"id":177816,"date":"2020-06-10T09:33:50","date_gmt":"2020-06-10T06:33:50","guid":{"rendered":"http:\/\/arantv.az\/?p=177816"},"modified":"2020-06-10T09:33:50","modified_gmt":"2020-06-10T06:33:50","slug":"jirinovski-yefremova-s%c9%99rt-c%c9%99za-ist%c9%99di-yoxsa-icib-p%c9%99nc%c9%99r%c9%99d%c9%99n-yixilacaq","status":"publish","type":"post","link":"https:\/\/arantv.az\/?p=177816","title":{"rendered":"Jirinovski Yefremova s\u0259rt c\u0259za ist\u0259di: \u201cYoxsa i\u00e7ib p\u0259nc\u0259r\u0259d\u0259n y\u0131x\u0131lacaq\u201d"},"content":{"rendered":"<p>Rusiya Liberal Demokrat Partiyas\u0131n\u0131n lideri Vladimir Jirinovski t\u00f6r\u0259tdiyi d\u0259h\u015f\u0259tli q\u0259za il\u0259 g\u00fcnd\u0259m\u0259 g\u0259l\u0259n m\u0259\u015fhur aktyor Mixail Yefremovun h\u0259bs edilm\u0259li oldu\u011funu bildirib.<\/p>\n<p>Bu bar\u0259d\u0259 V.Jirinovski sosial \u015f\u0259b\u0259k\u0259 hesab\u0131nda yaz\u0131b.<\/p>\n<div id=\"AdviadNativeVideo0\" class=\"AdviadNativeVideo\"><\/div>\n<p>\u201cO ev h\u0259bsind\u0259n\u00a0ya s\u0259rh\u0259dd\u0259n k\u0259nara qa\u00e7acaq, ya da i\u00e7\u0259c\u0259k v\u0259 p\u0259nc\u0259r\u0259d\u0259n y\u0131x\u0131lacaq\u201d, &#8211; dey\u0259 partiya lideri qeyd edib.<\/p>\n<p>O\u00a0vur\u011fulay\u0131b ki, M.Yefremov t\u00f6r\u0259tdiyi cinay\u0259t\u0259 g\u00f6r\u0259 s\u0259rt \u015f\u0259kild\u0259 &#8211; 12 il m\u00fcdd\u0259tin\u0259 h\u0259bsl\u0259 c\u0259zaland\u0131r\u0131lmal\u0131d\u0131r.<\/p>\n<p>Xat\u0131rladaq ki, m\u0259\u015fhur aktyor M.Yefremov iyunun 8-d\u0259 ax\u015fam saatlar\u0131nda i\u00e7kili v\u0259ziyy\u0259td\u0259 a\u011f\u0131r q\u0259za t\u00f6r\u0259dib. N\u0259tic\u0259d\u0259 bir n\u0259f\u0259r \u00f6l\u00fcb.<\/p>\n","protected":false},"excerpt":{"rendered":"<p>Rusiya Liberal Demokrat Partiyas\u0131n\u0131n lideri Vladimir Jirinovski t\u00f6r\u0259tdiyi d\u0259h\u015f\u0259tli q\u0259za il\u0259 g\u00fcnd\u0259m\u0259 g\u0259l\u0259n m\u0259\u015fhur aktyor Mixail Yefremovun h\u0259bs edilm\u0259li oldu\u011funu bildirib. Bu bar\u0259d\u0259 V.Jirinovski sosial \u015f\u0259b\u0259k\u0259 hesab\u0131nda yaz\u0131b. \u201cO ev h\u0259bsind\u0259n\u00a0ya s\u0259rh\u0259dd\u0259n k\u0259nara qa\u00e7acaq, ya da i\u00e7\u0259c\u0259k v\u0259 p\u0259nc\u0259r\u0259d\u0259n y\u0131x\u0131lacaq\u201d, &#8211; dey\u0259 partiya lideri qeyd edib. O\u00a0vur\u011fulay\u0131b ki, M.Yefremov t\u00f6r\u0259tdiyi cinay\u0259t\u0259 g\u00f6r\u0259 s\u0259rt \u015f\u0259kild\u0259 &#8211; 12 il m\u00fcdd\u0259tin\u0259 h\u0259bsl\u0259 c\u0259zaland\u0131r\u0131lmal\u0131d\u0131r. Xat\u0131rladaq ki, m\u0259\u015fhur aktyor M.Yefremov iyunun 8-d\u0259 ax\u015fam saatlar\u0131nda i\u00e7kili v\u0259ziyy\u0259td\u0259 a\u011f\u0131r q\u0259za t\u00f6r\u0259dib. N\u0259tic\u0259d\u0259 bir n\u0259f\u0259r \u00f6l\u00fcb.<\/p>\n","protected":false},"author":2,"featured_media":177817,"comment_status":"closed","ping_status":"closed","sticky":false,"template":"","format":"standard","meta":{"om_disable_all_campaigns":false,"_monsterinsights_skip_tracking":false,"_monsterinsights_sitenote_active":false,"_monsterinsights_sitenote_note":"","_monsterinsights_sitenote_category":0},"categories":[7],"tags":[],"aioseo_notices":[],"gutentor_comment":0,"rttpg_featured_image_url":{"full":["https:\/\/arantv.az\/wp-content\/uploads\/2020\/06\/ochevidec-avarii-s-uchastiem-efremova-v.jpg",620,413,false],"landscape":["https:\/\/arantv.az\/wp-content\/uploads\/2020\/06\/ochevidec-avarii-s-uchastiem-efremova-v.jpg",620,413,false],"portraits":["https:\/\/arantv.az\/wp-content\/uploads\/2020\/06\/ochevidec-avarii-s-uchastiem-efremova-v.jpg",620,413,false],"thumbnail":["https:\/\/arantv.az\/wp-content\/uploads\/2020\/06\/ochevidec-avarii-s-uchastiem-efremova-v-150x150.jpg",150,150,true],"medium":["https:\/\/arantv.az\/wp-content\/uploads\/2020\/06\/ochevidec-avarii-s-uchastiem-efremova-v-300x200.jpg",300,200,true],"large":["https:\/\/arantv.az\/wp-content\/uploads\/2020\/06\/ochevidec-avarii-s-uchastiem-efremova-v.jpg",620,413,false],"1536x1536":["https:\/\/arantv.az\/wp-content\/uploads\/2020\/06\/ochevidec-avarii-s-uchastiem-efremova-v.jpg",620,413,false],"2048x2048":["https:\/\/arantv.az\/wp-content\/uploads\/2020\/06\/ochevidec-avarii-s-uchastiem-efremova-v.jpg",620,413,false],"post-thumbnail":["https:\/\/arantv.az\/wp-content\/uploads\/2020\/06\/ochevidec-avarii-s-uchastiem-efremova-v-240x172.jpg",240,172,true],"advps-thumb-one":["https:\/\/arantv.az\/wp-content\/uploads\/2020\/06\/ochevidec-avarii-s-uchastiem-efremova-v.jpg",620,413,false]},"rttpg_author":{"display_name":"V\u00fcsal Rafiqo\u011flu","author_link":"https:\/\/arantv.az\/?author=2"},"rttpg_comment":0,"rttpg_category":"<a href=\"https:\/\/arantv.az\/?cat=7\" rel=\"category\">D\u00fcnya<\/a>","rttpg_excerpt":"Rusiya Liberal Demokrat Partiyas\u0131n\u0131n lideri Vladimir Jirinovski t\u00f6r\u0259tdiyi d\u0259h\u015f\u0259tli q\u0259za il\u0259 g\u00fcnd\u0259m\u0259 g\u0259l\u0259n m\u0259\u015fhur aktyor Mixail Yefremovun h\u0259bs edilm\u0259li oldu\u011funu bildirib. Bu bar\u0259d\u0259 V.Jirinovski sosial \u015f\u0259b\u0259k\u0259 hesab\u0131nda yaz\u0131b. \u201cO ev h\u0259bsind\u0259n\u00a0ya s\u0259rh\u0259dd\u0259n k\u0259nara qa\u00e7acaq, ya da i\u00e7\u0259c\u0259k v\u0259 p\u0259nc\u0259r\u0259d\u0259n y\u0131x\u0131lacaq\u201d, &#8211; dey\u0259 partiya lideri qeyd edib. O\u00a0vur\u011fulay\u0131b ki, M.Yefremov t\u00f6r\u0259tdiyi cinay\u0259t\u0259 g\u00f6r\u0259 s\u0259rt \u015f\u0259kild\u0259 &#8211;&hellip;","_links":{"self":[{"href":"https:\/\/arantv.az\/index.php?rest_route=\/wp\/v2\/posts\/177816"}],"collection":[{"href":"https:\/\/arantv.az\/index.php?rest_route=\/wp\/v2\/posts"}],"about":[{"href":"https:\/\/arantv.az\/index.php?rest_route=\/wp\/v2\/types\/post"}],"author":[{"embeddable":true,"href":"https:\/\/arantv.az\/index.php?rest_route=\/wp\/v2\/users\/2"}],"replies":[{"embeddable":true,"href":"https:\/\/arantv.az\/index.php?rest_route=%2Fwp%2Fv2%2Fcomments&post=177816"}],"version-history":[{"count":0,"href":"https:\/\/arantv.az\/index.php?rest_route=\/wp\/v2\/posts\/177816\/revisions"}],"wp:featuredmedia":[{"embeddable":true,"href":"https:\/\/arantv.az\/index.php?rest_route=\/wp\/v2\/media\/177817"}],"wp:attachment":[{"href":"https:\/\/arantv.az\/index.php?rest_route=%2Fwp%2Fv2%2Fmedia&parent=177816"}],"wp:term":[{"taxonomy":"category","embeddable":true,"href":"https:\/\/arantv.az\/index.php?rest_route=%2Fwp%2Fv2%2Fcategories&post=177816"},{"taxonomy":"post_tag","embeddable":true,"href":"https:\/\/arantv.az\/index.php?rest_route=%2Fwp%2Fv2%2Ftags&post=177816"}],"curies":[{"name":"wp","href":"https:\/\/api.w.org\/{rel}","templated":true}]}}