{"id":17784,"date":"2018-10-09T08:43:52","date_gmt":"2018-10-09T05:43:52","guid":{"rendered":"http:\/\/arantv.az\/?p=17784"},"modified":"2018-10-09T08:43:52","modified_gmt":"2018-10-09T05:43:52","slug":"avropa-surasi-parlament-assambleyasinin-payiz-sessiyasi-oz-isin%c9%99-baslayib","status":"publish","type":"post","link":"https:\/\/arantv.az\/?p=17784","title":{"rendered":"Avropa \u015euras\u0131 Parlament Assambleyas\u0131n\u0131n pay\u0131z sessiyas\u0131 \u00f6z i\u015fin\u0259 ba\u015flay\u0131b"},"content":{"rendered":"<p><strong>ARANTV.AZ<\/strong> x\u0259b\u0259r verir ki, Avropa \u015euras\u0131 Parlament Assambleyas\u0131n\u0131n pay\u0131z sessiyas\u0131 ba\u015flay\u0131b. Sessiyan\u0131n el\u0259 ilk g\u00fcn\u00fcnd\u0259n ikili standartlar \u00f6z\u00fcn\u00fc g\u00f6st\u0259rm\u0259y\u0259 ba\u015flay\u0131b. Bu d\u0259f\u0259 avropal\u0131 parlamentaril\u0259r T\u00fcrkiy\u0259d\u0259 ke\u00e7irilmi\u015f n\u00f6vb\u0259d\u0259nk\u0259nar se\u00e7kil\u0259r\u0259 q\u0259r\u0259zli m\u00fcnasib\u0259t s\u0259rgil\u0259yibl\u0259r. Az\u0259rbaycan\u0131n A\u015ePA-dak\u0131 n\u00fcmay\u0259nd\u0259 hey\u0259tinin \u00fczvl\u0259ri is\u0259 qarda\u015f \u00f6lk\u0259d\u0259 ba\u015f tutan prezident v\u0259 parlament se\u00e7kil\u0259rinin tam \u015f\u0259ffaf v\u0259 demokratik prinsipl\u0259r\u0259 uy\u011fun ke\u00e7irildiyini diqq\u0259t\u0259 \u00e7atd\u0131r\u0131blar.<\/p>\n<p>Avropa\u00a0 \u015euras\u0131 Parlament Assambleyas\u0131 pay\u0131z sessiyas\u0131n\u0131n ilk g\u00fcn\u00fcnd\u0259 T\u00fcrkiy\u0259d\u0259 iyun ay\u0131nda ke\u00e7rilmi\u015f n\u00f6vb\u0259d\u0259nk\u0259nar prezident se\u00e7kil\u0259ri il\u0259 ba\u011fl\u0131 m\u00fc\u015fahid\u0259 missiyas\u0131n\u0131n q\u0259r\u0259zli hesabat\u0131 dinl\u0259nildi. Bir ne\u00e7\u0259 parlamentari he\u00e7 bir ciddi \u0259sas g\u0259tirm\u0259d\u0259n T\u00fcrkiy\u0259d\u0259 ke\u00e7irilmi\u015f se\u00e7kil\u0259ri t\u0259nqid etdi. Az\u0259rbaycan\u0131n A\u015ePA-dak\u0131 n\u00fcmay\u0259nd\u0259 hey\u0259tinin \u00fczvl\u0259ri is\u0259 qarda\u015f \u00f6lk\u0259d\u0259 ba\u015f tutmu\u015f prezident v\u0259 parlament se\u00e7kil\u0259rinin tam \u015f\u0259ffaf v\u0259 demokratik prinsipl\u0259r\u0259 uy\u011fun ke\u00e7irildiyini diqq\u0259t\u0259 \u00e7atd\u0131rd\u0131lar. Az\u0259rbaycan\u0131n A\u015ePA-dak\u0131 n\u00fcmay\u0259nd\u0259 hey\u0259tinin r\u0259hb\u0259ri S\u0259m\u0259d Seyidov bildirdi ki, se\u00e7icil\u0259rin 86 faizi se\u00e7kil\u0259rd\u0259 i\u015ftirak edib. Onun s\u00f6zl\u0259rin\u0259 g\u00f6r\u0259,\u00a0 Avropan\u0131n bir s\u0131ra \u00f6lk\u0259l\u0259rind\u0259 bel\u0259 y\u00fcks\u0259k g\u00f6st\u0259rici qeyd\u0259 al\u0131nm\u0131r. Dig\u0259r mill\u0259t v\u0259kill\u0259rimiz d\u0259 T\u00fcrkiy\u0259nin b\u00fct\u00fcn regionlar\u0131nda s\u0259sverm\u0259nin u\u011furla ba\u015f tutdu\u011funu vur\u011fulad\u0131lar. Az\u0259rbaycan\u0131n T\u00fcrkiy\u0259y\u0259 h\u0259r zaman d\u0259st\u0259k oldu\u011funu dey\u0259n qarda\u015f \u00f6lk\u0259nin A\u015ePA-dak\u0131 n\u00fcmay\u0259nd\u0259 hey\u0259tinin \u00fczvl\u0259ri d\u0259 ikili standartlar\u0131 k\u0259skin q\u0131nay\u0131rlar.<\/p>\n<p>A\u015ePA-n\u0131n sessiyas\u0131 oktyabr\u0131n 12-d\u0259k davam ed\u0259c\u0259k.<\/p>\n","protected":false},"excerpt":{"rendered":"<p>ARANTV.AZ x\u0259b\u0259r verir ki, Avropa \u015euras\u0131 Parlament Assambleyas\u0131n\u0131n pay\u0131z sessiyas\u0131 ba\u015flay\u0131b. Sessiyan\u0131n el\u0259 ilk g\u00fcn\u00fcnd\u0259n ikili standartlar \u00f6z\u00fcn\u00fc g\u00f6st\u0259rm\u0259y\u0259 ba\u015flay\u0131b. Bu d\u0259f\u0259 avropal\u0131 parlamentaril\u0259r T\u00fcrkiy\u0259d\u0259 ke\u00e7irilmi\u015f n\u00f6vb\u0259d\u0259nk\u0259nar se\u00e7kil\u0259r\u0259 q\u0259r\u0259zli m\u00fcnasib\u0259t s\u0259rgil\u0259yibl\u0259r. Az\u0259rbaycan\u0131n A\u015ePA-dak\u0131 n\u00fcmay\u0259nd\u0259 hey\u0259tinin \u00fczvl\u0259ri is\u0259 qarda\u015f \u00f6lk\u0259d\u0259 ba\u015f tutan prezident v\u0259 parlament se\u00e7kil\u0259rinin tam \u015f\u0259ffaf v\u0259 demokratik prinsipl\u0259r\u0259 uy\u011fun ke\u00e7irildiyini diqq\u0259t\u0259 \u00e7atd\u0131r\u0131blar. Avropa\u00a0 \u015euras\u0131 Parlament Assambleyas\u0131 pay\u0131z sessiyas\u0131n\u0131n ilk g\u00fcn\u00fcnd\u0259 T\u00fcrkiy\u0259d\u0259 iyun ay\u0131nda ke\u00e7rilmi\u015f n\u00f6vb\u0259d\u0259nk\u0259nar prezident se\u00e7kil\u0259ri il\u0259 ba\u011fl\u0131 m\u00fc\u015fahid\u0259 missiyas\u0131n\u0131n q\u0259r\u0259zli hesabat\u0131 dinl\u0259nildi. Bir ne\u00e7\u0259 parlamentari he\u00e7 bir ciddi \u0259sas g\u0259tirm\u0259d\u0259n T\u00fcrkiy\u0259d\u0259 ke\u00e7irilmi\u015f se\u00e7kil\u0259ri t\u0259nqid etdi. Az\u0259rbaycan\u0131n&hellip;<\/p>\n","protected":false},"author":2,"featured_media":17602,"comment_status":"closed","ping_status":"closed","sticky":false,"template":"","format":"standard","meta":{"om_disable_all_campaigns":false,"_monsterinsights_skip_tracking":false,"_monsterinsights_sitenote_active":false,"_monsterinsights_sitenote_note":"","_monsterinsights_sitenote_category":0},"categories":[4],"tags":[],"aioseo_notices":[],"gutentor_comment":0,"rttpg_featured_image_url":{"full":["https:\/\/arantv.az\/wp-content\/uploads\/2018\/10\/52u75q3sv3ad8pbg23m0j2ede1aspa.jpg",869,468,false],"landscape":["https:\/\/arantv.az\/wp-content\/uploads\/2018\/10\/52u75q3sv3ad8pbg23m0j2ede1aspa.jpg",869,468,false],"portraits":["https:\/\/arantv.az\/wp-content\/uploads\/2018\/10\/52u75q3sv3ad8pbg23m0j2ede1aspa.jpg",869,468,false],"thumbnail":["https:\/\/arantv.az\/wp-content\/uploads\/2018\/10\/52u75q3sv3ad8pbg23m0j2ede1aspa-150x150.jpg",150,150,true],"medium":["https:\/\/arantv.az\/wp-content\/uploads\/2018\/10\/52u75q3sv3ad8pbg23m0j2ede1aspa-300x162.jpg",300,162,true],"large":["https:\/\/arantv.az\/wp-content\/uploads\/2018\/10\/52u75q3sv3ad8pbg23m0j2ede1aspa.jpg",640,345,false],"1536x1536":["https:\/\/arantv.az\/wp-content\/uploads\/2018\/10\/52u75q3sv3ad8pbg23m0j2ede1aspa.jpg",869,468,false],"2048x2048":["https:\/\/arantv.az\/wp-content\/uploads\/2018\/10\/52u75q3sv3ad8pbg23m0j2ede1aspa.jpg",869,468,false],"post-thumbnail":["https:\/\/arantv.az\/wp-content\/uploads\/2018\/10\/52u75q3sv3ad8pbg23m0j2ede1aspa-240x172.jpg",240,172,true],"advps-thumb-one":["https:\/\/arantv.az\/wp-content\/uploads\/2018\/10\/52u75q3sv3ad8pbg23m0j2ede1aspa.jpg",869,468,false]},"rttpg_author":{"display_name":"V\u00fcsal Rafiqo\u011flu","author_link":"https:\/\/arantv.az\/?author=2"},"rttpg_comment":0,"rttpg_category":"<a href=\"https:\/\/arantv.az\/?cat=4\" rel=\"category\">Siyas\u0259t<\/a>","rttpg_excerpt":"ARANTV.AZ x\u0259b\u0259r verir ki, Avropa \u015euras\u0131 Parlament Assambleyas\u0131n\u0131n pay\u0131z sessiyas\u0131 ba\u015flay\u0131b. Sessiyan\u0131n el\u0259 ilk g\u00fcn\u00fcnd\u0259n ikili standartlar \u00f6z\u00fcn\u00fc g\u00f6st\u0259rm\u0259y\u0259 ba\u015flay\u0131b. Bu d\u0259f\u0259 avropal\u0131 parlamentaril\u0259r T\u00fcrkiy\u0259d\u0259 ke\u00e7irilmi\u015f n\u00f6vb\u0259d\u0259nk\u0259nar se\u00e7kil\u0259r\u0259 q\u0259r\u0259zli m\u00fcnasib\u0259t s\u0259rgil\u0259yibl\u0259r. Az\u0259rbaycan\u0131n A\u015ePA-dak\u0131 n\u00fcmay\u0259nd\u0259 hey\u0259tinin \u00fczvl\u0259ri is\u0259 qarda\u015f \u00f6lk\u0259d\u0259 ba\u015f tutan prezident v\u0259 parlament se\u00e7kil\u0259rinin tam \u015f\u0259ffaf v\u0259 demokratik prinsipl\u0259r\u0259 uy\u011fun ke\u00e7irildiyini diqq\u0259t\u0259 \u00e7atd\u0131r\u0131blar. Avropa\u00a0&hellip;","_links":{"self":[{"href":"https:\/\/arantv.az\/index.php?rest_route=\/wp\/v2\/posts\/17784"}],"collection":[{"href":"https:\/\/arantv.az\/index.php?rest_route=\/wp\/v2\/posts"}],"about":[{"href":"https:\/\/arantv.az\/index.php?rest_route=\/wp\/v2\/types\/post"}],"author":[{"embeddable":true,"href":"https:\/\/arantv.az\/index.php?rest_route=\/wp\/v2\/users\/2"}],"replies":[{"embeddable":true,"href":"https:\/\/arantv.az\/index.php?rest_route=%2Fwp%2Fv2%2Fcomments&post=17784"}],"version-history":[{"count":0,"href":"https:\/\/arantv.az\/index.php?rest_route=\/wp\/v2\/posts\/17784\/revisions"}],"wp:featuredmedia":[{"embeddable":true,"href":"https:\/\/arantv.az\/index.php?rest_route=\/wp\/v2\/media\/17602"}],"wp:attachment":[{"href":"https:\/\/arantv.az\/index.php?rest_route=%2Fwp%2Fv2%2Fmedia&parent=17784"}],"wp:term":[{"taxonomy":"category","embeddable":true,"href":"https:\/\/arantv.az\/index.php?rest_route=%2Fwp%2Fv2%2Fcategories&post=17784"},{"taxonomy":"post_tag","embeddable":true,"href":"https:\/\/arantv.az\/index.php?rest_route=%2Fwp%2Fv2%2Ftags&post=17784"}],"curies":[{"name":"wp","href":"https:\/\/api.w.org\/{rel}","templated":true}]}}