{"id":17809,"date":"2018-10-09T09:33:25","date_gmt":"2018-10-09T06:33:25","guid":{"rendered":"http:\/\/arantv.az\/?p=17809"},"modified":"2018-10-09T09:33:25","modified_gmt":"2018-10-09T06:33:25","slug":"b%c9%99rd%c9%99-regional-%c9%99dliyy%c9%99-idar%c9%99si-m%c9%99kt%c9%99bd%c9%99-aciq-d%c9%99rs-t%c9%99skil-edib","status":"publish","type":"post","link":"https:\/\/arantv.az\/?p=17809","title":{"rendered":"B\u0259rd\u0259 regional \u0259dliyy\u0259 idar\u0259si m\u0259kt\u0259bd\u0259 a\u00e7\u0131q d\u0259rs t\u0259\u015fkil edib"},"content":{"rendered":"<p>B\u0259rd\u0259 regional \u0259dliyy\u0259 idar\u0259sinin \u0259m\u0259kda\u015flar\u0131 t\u0259r\u0259find\u0259n rayon Qeydiyyat \u015f\u00f6b\u0259sinin \u0259m\u0259kda\u015flar\u0131 il\u0259 birlikd\u0259 B\u0259rd\u0259 rayon H.Zeynalov ad\u0131na G\u0259r\u0259n\u0259 k\u0259nd tam orta m\u0259kt\u0259bin yuxar\u0131 sinif \u015fagirdl\u0259ri \u00fc\u00e7\u00fcn \u0259dliyy\u0259 tarixin\u0259 h\u0259sr olunmu\u015f a\u00e7\u0131q d\u0259rs t\u0259\u015fkil edilmi\u015f, habel\u0259 elektron xidm\u0259tl\u0259rin t\u0259qdimat\u0131 ke\u00e7irilmi\u015fdir. Bu bar\u0259d\u0259 m\u0259lumat\u0131 ad\u0131\u00e7\u0259kil\u0259n idar\u0259 yay\u0131b.<\/p>\n<p><strong>ARANTV.AZ<\/strong> x\u0259b\u0259r verir ki, Az\u0259rbaycan \u0259dliyy\u0259sinin 100 illik yubileyinin qeyd edilm\u0259si il\u0259 ba\u011fl\u0131 \u018fdliyy\u0259 Nazirliyi Kolegiyas\u0131n\u0131n 26.01.2018-ci il tarixli q\u0259rar\u0131 il\u0259 t\u0259sdiq edilmi\u015f T\u0259dbirl\u0259r Plan\u0131na uy\u011fun olaraq B\u0259rd\u0259 regional \u0259dliyy\u0259 idar\u0259si t\u0259r\u0259find\u0259n m\u00fcvafiq t\u0259dbirl\u0259r ilin sonunad\u0259k davam etdiril\u0259c\u0259kdir.<\/p>\n<p><img loading=\"lazy\" class=\"alignnone size-medium wp-image-17813\" src=\"https:\/\/arantv.az\/wp-content\/uploads\/2018\/10\/43531072_1904835183157928_5764373103719219200_n-300x202.jpg\" alt=\"\" width=\"300\" height=\"202\" \/> <img loading=\"lazy\" class=\"alignnone size-medium wp-image-17814\" src=\"https:\/\/arantv.az\/wp-content\/uploads\/2018\/10\/43447164_2139730882955957_6880409064115798016_n-300x202.jpg\" alt=\"\" width=\"300\" height=\"202\" \/><\/p>\n<p>Belediyye.info<\/p>\n<div class=\"news-details-all\">\n<p>&nbsp;<\/p>\n<\/div>\n","protected":false},"excerpt":{"rendered":"<p>B\u0259rd\u0259 regional \u0259dliyy\u0259 idar\u0259sinin \u0259m\u0259kda\u015flar\u0131 t\u0259r\u0259find\u0259n rayon Qeydiyyat \u015f\u00f6b\u0259sinin \u0259m\u0259kda\u015flar\u0131 il\u0259 birlikd\u0259 B\u0259rd\u0259 rayon H.Zeynalov ad\u0131na G\u0259r\u0259n\u0259 k\u0259nd tam orta m\u0259kt\u0259bin yuxar\u0131 sinif \u015fagirdl\u0259ri \u00fc\u00e7\u00fcn \u0259dliyy\u0259 tarixin\u0259 h\u0259sr olunmu\u015f a\u00e7\u0131q d\u0259rs t\u0259\u015fkil edilmi\u015f, habel\u0259 elektron xidm\u0259tl\u0259rin t\u0259qdimat\u0131 ke\u00e7irilmi\u015fdir. Bu bar\u0259d\u0259 m\u0259lumat\u0131 ad\u0131\u00e7\u0259kil\u0259n idar\u0259 yay\u0131b. ARANTV.AZ x\u0259b\u0259r verir ki, Az\u0259rbaycan \u0259dliyy\u0259sinin 100 illik yubileyinin qeyd edilm\u0259si il\u0259 ba\u011fl\u0131 \u018fdliyy\u0259 Nazirliyi Kolegiyas\u0131n\u0131n 26.01.2018-ci il tarixli q\u0259rar\u0131 il\u0259 t\u0259sdiq edilmi\u015f T\u0259dbirl\u0259r Plan\u0131na uy\u011fun olaraq B\u0259rd\u0259 regional \u0259dliyy\u0259 idar\u0259si t\u0259r\u0259find\u0259n m\u00fcvafiq t\u0259dbirl\u0259r ilin sonunad\u0259k davam etdiril\u0259c\u0259kdir. Belediyye.info &nbsp;<\/p>\n","protected":false},"author":2,"featured_media":17814,"comment_status":"closed","ping_status":"closed","sticky":false,"template":"","format":"standard","meta":{"om_disable_all_campaigns":false,"_monsterinsights_skip_tracking":false,"_monsterinsights_sitenote_active":false,"_monsterinsights_sitenote_note":"","_monsterinsights_sitenote_category":0},"categories":[1,2],"tags":[],"aioseo_notices":[],"gutentor_comment":0,"rttpg_featured_image_url":{"full":["https:\/\/arantv.az\/wp-content\/uploads\/2018\/10\/43447164_2139730882955957_6880409064115798016_n.jpg",784,528,false],"landscape":["https:\/\/arantv.az\/wp-content\/uploads\/2018\/10\/43447164_2139730882955957_6880409064115798016_n.jpg",784,528,false],"portraits":["https:\/\/arantv.az\/wp-content\/uploads\/2018\/10\/43447164_2139730882955957_6880409064115798016_n.jpg",784,528,false],"thumbnail":["https:\/\/arantv.az\/wp-content\/uploads\/2018\/10\/43447164_2139730882955957_6880409064115798016_n-150x150.jpg",150,150,true],"medium":["https:\/\/arantv.az\/wp-content\/uploads\/2018\/10\/43447164_2139730882955957_6880409064115798016_n-300x202.jpg",300,202,true],"large":["https:\/\/arantv.az\/wp-content\/uploads\/2018\/10\/43447164_2139730882955957_6880409064115798016_n.jpg",640,431,false],"1536x1536":["https:\/\/arantv.az\/wp-content\/uploads\/2018\/10\/43447164_2139730882955957_6880409064115798016_n.jpg",784,528,false],"2048x2048":["https:\/\/arantv.az\/wp-content\/uploads\/2018\/10\/43447164_2139730882955957_6880409064115798016_n.jpg",784,528,false],"post-thumbnail":["https:\/\/arantv.az\/wp-content\/uploads\/2018\/10\/43447164_2139730882955957_6880409064115798016_n-240x172.jpg",240,172,true],"advps-thumb-one":["https:\/\/arantv.az\/wp-content\/uploads\/2018\/10\/43447164_2139730882955957_6880409064115798016_n.jpg",784,528,false]},"rttpg_author":{"display_name":"V\u00fcsal Rafiqo\u011flu","author_link":"https:\/\/arantv.az\/?author=2"},"rttpg_comment":0,"rttpg_category":"<a href=\"https:\/\/arantv.az\/?cat=1\" rel=\"category\">C\u0259miyy\u0259t<\/a> <a href=\"https:\/\/arantv.az\/?cat=2\" rel=\"category\">Region X\u0259b\u0259rl\u0259ri<\/a>","rttpg_excerpt":"B\u0259rd\u0259 regional \u0259dliyy\u0259 idar\u0259sinin \u0259m\u0259kda\u015flar\u0131 t\u0259r\u0259find\u0259n rayon Qeydiyyat \u015f\u00f6b\u0259sinin \u0259m\u0259kda\u015flar\u0131 il\u0259 birlikd\u0259 B\u0259rd\u0259 rayon H.Zeynalov ad\u0131na G\u0259r\u0259n\u0259 k\u0259nd tam orta m\u0259kt\u0259bin yuxar\u0131 sinif \u015fagirdl\u0259ri \u00fc\u00e7\u00fcn \u0259dliyy\u0259 tarixin\u0259 h\u0259sr olunmu\u015f a\u00e7\u0131q d\u0259rs t\u0259\u015fkil edilmi\u015f, habel\u0259 elektron xidm\u0259tl\u0259rin t\u0259qdimat\u0131 ke\u00e7irilmi\u015fdir. Bu bar\u0259d\u0259 m\u0259lumat\u0131 ad\u0131\u00e7\u0259kil\u0259n idar\u0259 yay\u0131b. ARANTV.AZ x\u0259b\u0259r verir ki, Az\u0259rbaycan \u0259dliyy\u0259sinin 100 illik yubileyinin qeyd edilm\u0259si&hellip;","_links":{"self":[{"href":"https:\/\/arantv.az\/index.php?rest_route=\/wp\/v2\/posts\/17809"}],"collection":[{"href":"https:\/\/arantv.az\/index.php?rest_route=\/wp\/v2\/posts"}],"about":[{"href":"https:\/\/arantv.az\/index.php?rest_route=\/wp\/v2\/types\/post"}],"author":[{"embeddable":true,"href":"https:\/\/arantv.az\/index.php?rest_route=\/wp\/v2\/users\/2"}],"replies":[{"embeddable":true,"href":"https:\/\/arantv.az\/index.php?rest_route=%2Fwp%2Fv2%2Fcomments&post=17809"}],"version-history":[{"count":0,"href":"https:\/\/arantv.az\/index.php?rest_route=\/wp\/v2\/posts\/17809\/revisions"}],"wp:featuredmedia":[{"embeddable":true,"href":"https:\/\/arantv.az\/index.php?rest_route=\/wp\/v2\/media\/17814"}],"wp:attachment":[{"href":"https:\/\/arantv.az\/index.php?rest_route=%2Fwp%2Fv2%2Fmedia&parent=17809"}],"wp:term":[{"taxonomy":"category","embeddable":true,"href":"https:\/\/arantv.az\/index.php?rest_route=%2Fwp%2Fv2%2Fcategories&post=17809"},{"taxonomy":"post_tag","embeddable":true,"href":"https:\/\/arantv.az\/index.php?rest_route=%2Fwp%2Fv2%2Ftags&post=17809"}],"curies":[{"name":"wp","href":"https:\/\/api.w.org\/{rel}","templated":true}]}}