{"id":17823,"date":"2018-10-09T11:23:36","date_gmt":"2018-10-09T08:23:36","guid":{"rendered":"http:\/\/arantv.az\/?p=17823"},"modified":"2018-10-09T11:23:36","modified_gmt":"2018-10-09T08:23:36","slug":"almaniyanin-travellers-archive-turizm-internet-jurnalinda-olk%c9%99mizl%c9%99-bagli-m%c9%99qal%c9%99-d%c9%99rc-olunub","status":"publish","type":"post","link":"https:\/\/arantv.az\/?p=17823","title":{"rendered":"Almaniyan\u0131n \u201cTravellers Archive\u201d turizm internet jurnal\u0131nda \u00f6lk\u0259mizl\u0259 ba\u011fl\u0131 m\u0259qal\u0259 d\u0259rc olunub"},"content":{"rendered":"<p><strong>ARANTV.AZ<\/strong> x\u0259b\u0259r verir ki, Almaniyan\u0131n \u201cTravellers Archive\u201d turizm internet jurnal\u0131nda \u00f6lk\u0259mizl\u0259 ba\u011fl\u0131 m\u0259qal\u0259 d\u0259rc olunub. \u201cAz\u0259rbaycan h\u0259r add\u0131mda heyr\u0259tl\u0259ndirir\u201d adl\u0131 yaz\u0131da bildirilir ki, \u00f6lk\u0259 qeyri-adi turizm mar\u015frutudur. M\u0259d\u0259ni v\u0259 co\u011frafi bax\u0131mdan f\u0259ql\u0259nir. M\u0259qal\u0259d\u0259 dilimiz, ad\u0259t-\u0259n\u0259n\u0259l\u0259rimiz, milli m\u0259tb\u0259ximizd\u0259n b\u0259hs olunur, \u00f6lk\u0259mizin multikulturalizm \u0259n\u0259n\u0259l\u0259ri bar\u0259d\u0259 geni\u015f m\u0259lumat verilir. Qeyd edilir ki, Az\u0259rbaycanda tolerantl\u0131q, dini d\u00f6z\u00fcml\u00fcl\u00fck h\u00f6km s\u00fcr\u00fcr. M\u00fcxt\u0259lif dinl\u0259rin n\u00fcmay\u0259nd\u0259l\u0259ri birg\u0259 dinc ya\u015fay\u0131rlar.<\/p>\n","protected":false},"excerpt":{"rendered":"<p>ARANTV.AZ x\u0259b\u0259r verir ki, Almaniyan\u0131n \u201cTravellers Archive\u201d turizm internet jurnal\u0131nda \u00f6lk\u0259mizl\u0259 ba\u011fl\u0131 m\u0259qal\u0259 d\u0259rc olunub. \u201cAz\u0259rbaycan h\u0259r add\u0131mda heyr\u0259tl\u0259ndirir\u201d adl\u0131 yaz\u0131da bildirilir ki, \u00f6lk\u0259 qeyri-adi turizm mar\u015frutudur. M\u0259d\u0259ni v\u0259 co\u011frafi bax\u0131mdan f\u0259ql\u0259nir. M\u0259qal\u0259d\u0259 dilimiz, ad\u0259t-\u0259n\u0259n\u0259l\u0259rimiz, milli m\u0259tb\u0259ximizd\u0259n b\u0259hs olunur, \u00f6lk\u0259mizin multikulturalizm \u0259n\u0259n\u0259l\u0259ri bar\u0259d\u0259 geni\u015f m\u0259lumat verilir. Qeyd edilir ki, Az\u0259rbaycanda tolerantl\u0131q, dini d\u00f6z\u00fcml\u00fcl\u00fck h\u00f6km s\u00fcr\u00fcr. M\u00fcxt\u0259lif dinl\u0259rin n\u00fcmay\u0259nd\u0259l\u0259ri birg\u0259 dinc ya\u015fay\u0131rlar.<\/p>\n","protected":false},"author":2,"featured_media":17824,"comment_status":"closed","ping_status":"closed","sticky":false,"template":"","format":"standard","meta":{"om_disable_all_campaigns":false,"_monsterinsights_skip_tracking":false,"_monsterinsights_sitenote_active":false,"_monsterinsights_sitenote_note":"","_monsterinsights_sitenote_category":0},"categories":[19],"tags":[],"aioseo_notices":[],"gutentor_comment":0,"rttpg_featured_image_url":{"full":["https:\/\/arantv.az\/wp-content\/uploads\/2018\/10\/t8ejrslj0g4e9quvv16dtandi7tr.jpg",1000,467,false],"landscape":["https:\/\/arantv.az\/wp-content\/uploads\/2018\/10\/t8ejrslj0g4e9quvv16dtandi7tr.jpg",1000,467,false],"portraits":["https:\/\/arantv.az\/wp-content\/uploads\/2018\/10\/t8ejrslj0g4e9quvv16dtandi7tr.jpg",1000,467,false],"thumbnail":["https:\/\/arantv.az\/wp-content\/uploads\/2018\/10\/t8ejrslj0g4e9quvv16dtandi7tr-150x150.jpg",150,150,true],"medium":["https:\/\/arantv.az\/wp-content\/uploads\/2018\/10\/t8ejrslj0g4e9quvv16dtandi7tr-300x140.jpg",300,140,true],"large":["https:\/\/arantv.az\/wp-content\/uploads\/2018\/10\/t8ejrslj0g4e9quvv16dtandi7tr.jpg",640,299,false],"1536x1536":["https:\/\/arantv.az\/wp-content\/uploads\/2018\/10\/t8ejrslj0g4e9quvv16dtandi7tr.jpg",1000,467,false],"2048x2048":["https:\/\/arantv.az\/wp-content\/uploads\/2018\/10\/t8ejrslj0g4e9quvv16dtandi7tr.jpg",1000,467,false],"post-thumbnail":["https:\/\/arantv.az\/wp-content\/uploads\/2018\/10\/t8ejrslj0g4e9quvv16dtandi7tr-240x172.jpg",240,172,true],"advps-thumb-one":["https:\/\/arantv.az\/wp-content\/uploads\/2018\/10\/t8ejrslj0g4e9quvv16dtandi7tr.jpg",1000,467,false]},"rttpg_author":{"display_name":"V\u00fcsal Rafiqo\u011flu","author_link":"https:\/\/arantv.az\/?author=2"},"rttpg_comment":0,"rttpg_category":"<a href=\"https:\/\/arantv.az\/?cat=19\" rel=\"category\">G\u00fcnd\u0259m<\/a>","rttpg_excerpt":"ARANTV.AZ x\u0259b\u0259r verir ki, Almaniyan\u0131n \u201cTravellers Archive\u201d turizm internet jurnal\u0131nda \u00f6lk\u0259mizl\u0259 ba\u011fl\u0131 m\u0259qal\u0259 d\u0259rc olunub. \u201cAz\u0259rbaycan h\u0259r add\u0131mda heyr\u0259tl\u0259ndirir\u201d adl\u0131 yaz\u0131da bildirilir ki, \u00f6lk\u0259 qeyri-adi turizm mar\u015frutudur. M\u0259d\u0259ni v\u0259 co\u011frafi bax\u0131mdan f\u0259ql\u0259nir. M\u0259qal\u0259d\u0259 dilimiz, ad\u0259t-\u0259n\u0259n\u0259l\u0259rimiz, milli m\u0259tb\u0259ximizd\u0259n b\u0259hs olunur, \u00f6lk\u0259mizin multikulturalizm \u0259n\u0259n\u0259l\u0259ri bar\u0259d\u0259 geni\u015f m\u0259lumat verilir. Qeyd edilir ki, Az\u0259rbaycanda tolerantl\u0131q, dini d\u00f6z\u00fcml\u00fcl\u00fck h\u00f6km s\u00fcr\u00fcr.&hellip;","_links":{"self":[{"href":"https:\/\/arantv.az\/index.php?rest_route=\/wp\/v2\/posts\/17823"}],"collection":[{"href":"https:\/\/arantv.az\/index.php?rest_route=\/wp\/v2\/posts"}],"about":[{"href":"https:\/\/arantv.az\/index.php?rest_route=\/wp\/v2\/types\/post"}],"author":[{"embeddable":true,"href":"https:\/\/arantv.az\/index.php?rest_route=\/wp\/v2\/users\/2"}],"replies":[{"embeddable":true,"href":"https:\/\/arantv.az\/index.php?rest_route=%2Fwp%2Fv2%2Fcomments&post=17823"}],"version-history":[{"count":0,"href":"https:\/\/arantv.az\/index.php?rest_route=\/wp\/v2\/posts\/17823\/revisions"}],"wp:featuredmedia":[{"embeddable":true,"href":"https:\/\/arantv.az\/index.php?rest_route=\/wp\/v2\/media\/17824"}],"wp:attachment":[{"href":"https:\/\/arantv.az\/index.php?rest_route=%2Fwp%2Fv2%2Fmedia&parent=17823"}],"wp:term":[{"taxonomy":"category","embeddable":true,"href":"https:\/\/arantv.az\/index.php?rest_route=%2Fwp%2Fv2%2Fcategories&post=17823"},{"taxonomy":"post_tag","embeddable":true,"href":"https:\/\/arantv.az\/index.php?rest_route=%2Fwp%2Fv2%2Ftags&post=17823"}],"curies":[{"name":"wp","href":"https:\/\/api.w.org\/{rel}","templated":true}]}}