{"id":17852,"date":"2018-10-09T11:44:01","date_gmt":"2018-10-09T08:44:01","guid":{"rendered":"http:\/\/arantv.az\/?p=17852"},"modified":"2018-10-09T11:44:01","modified_gmt":"2018-10-09T08:44:01","slug":"sumqayitdan-bakiya-g%c9%99l%c9%99n-25-yasli-oglan-samaxi-yolunda-itkin-dusdu","status":"publish","type":"post","link":"https:\/\/arantv.az\/?p=17852","title":{"rendered":"Sumqay\u0131tdan Bak\u0131ya g\u0259l\u0259n 25 ya\u015fl\u0131 o\u011flan &#8220;\u015eamax\u0131 yolu&#8221;nda itkin d\u00fc\u015fd\u00fc"},"content":{"rendered":"<p><strong>Sumqay\u0131t \u015f\u0259h\u0259r sakini Bak\u0131da itkin d\u00fc\u015f\u00fcb.<\/strong><\/p>\n<p><strong>ARANTV.AZ<\/strong> trend-\u0259 istinad\u0259n x\u0259b\u0259r verir ki, Sumqay\u0131t \u015f\u0259h\u0259ri, X\u0259z\u0259r ba\u011flar\u0131 ya\u015fay\u0131\u015f massivind\u0259 ya\u015fayan, 1993-c\u00fc il t\u0259v\u0259ll\u00fcdl\u00fc H\u00fcseynzad\u0259 \u0130lkin Alim o\u011flu sentyabr\u0131n 30-da Bak\u0131n\u0131n Yasamal rayonu, Moskva prospektind\u0259 &#8220;\u015eamax\u0131 yolu&#8221; adlanan \u0259razid\u0259 avtobusdan d\u00fc\u015f\u0259r\u0259k nam\u0259lum istiqam\u0259t\u0259 gedib v\u0259 bir daha geri qay\u0131tmay\u0131b.<\/p>\n<p>Faktla ba\u011fl\u0131 Yasamal Rayon Polis \u0130dar\u0259sinin 27-ci polis b\u00f6lm\u0259sind\u0259 ara\u015fd\u0131rma apar\u0131l\u0131r.<\/p>\n","protected":false},"excerpt":{"rendered":"<p>Sumqay\u0131t \u015f\u0259h\u0259r sakini Bak\u0131da itkin d\u00fc\u015f\u00fcb. ARANTV.AZ trend-\u0259 istinad\u0259n x\u0259b\u0259r verir ki, Sumqay\u0131t \u015f\u0259h\u0259ri, X\u0259z\u0259r ba\u011flar\u0131 ya\u015fay\u0131\u015f massivind\u0259 ya\u015fayan, 1993-c\u00fc il t\u0259v\u0259ll\u00fcdl\u00fc H\u00fcseynzad\u0259 \u0130lkin Alim o\u011flu sentyabr\u0131n 30-da Bak\u0131n\u0131n Yasamal rayonu, Moskva prospektind\u0259 &#8220;\u015eamax\u0131 yolu&#8221; adlanan \u0259razid\u0259 avtobusdan d\u00fc\u015f\u0259r\u0259k nam\u0259lum istiqam\u0259t\u0259 gedib v\u0259 bir daha geri qay\u0131tmay\u0131b. Faktla ba\u011fl\u0131 Yasamal Rayon Polis \u0130dar\u0259sinin 27-ci polis b\u00f6lm\u0259sind\u0259 ara\u015fd\u0131rma apar\u0131l\u0131r.<\/p>\n","protected":false},"author":2,"featured_media":17853,"comment_status":"closed","ping_status":"closed","sticky":false,"template":"","format":"standard","meta":{"om_disable_all_campaigns":false,"_monsterinsights_skip_tracking":false,"_monsterinsights_sitenote_active":false,"_monsterinsights_sitenote_note":"","_monsterinsights_sitenote_category":0},"categories":[1],"tags":[],"aioseo_notices":[],"gutentor_comment":0,"rttpg_featured_image_url":{"full":["https:\/\/arantv.az\/wp-content\/uploads\/2018\/10\/itkin_oglan.jpg",482,361,false],"landscape":["https:\/\/arantv.az\/wp-content\/uploads\/2018\/10\/itkin_oglan.jpg",482,361,false],"portraits":["https:\/\/arantv.az\/wp-content\/uploads\/2018\/10\/itkin_oglan.jpg",482,361,false],"thumbnail":["https:\/\/arantv.az\/wp-content\/uploads\/2018\/10\/itkin_oglan-150x150.jpg",150,150,true],"medium":["https:\/\/arantv.az\/wp-content\/uploads\/2018\/10\/itkin_oglan-300x225.jpg",300,225,true],"large":["https:\/\/arantv.az\/wp-content\/uploads\/2018\/10\/itkin_oglan.jpg",482,361,false],"1536x1536":["https:\/\/arantv.az\/wp-content\/uploads\/2018\/10\/itkin_oglan.jpg",482,361,false],"2048x2048":["https:\/\/arantv.az\/wp-content\/uploads\/2018\/10\/itkin_oglan.jpg",482,361,false],"post-thumbnail":["https:\/\/arantv.az\/wp-content\/uploads\/2018\/10\/itkin_oglan-240x172.jpg",240,172,true],"advps-thumb-one":["https:\/\/arantv.az\/wp-content\/uploads\/2018\/10\/itkin_oglan.jpg",482,361,false]},"rttpg_author":{"display_name":"V\u00fcsal Rafiqo\u011flu","author_link":"https:\/\/arantv.az\/?author=2"},"rttpg_comment":0,"rttpg_category":"<a href=\"https:\/\/arantv.az\/?cat=1\" rel=\"category\">C\u0259miyy\u0259t<\/a>","rttpg_excerpt":"Sumqay\u0131t \u015f\u0259h\u0259r sakini Bak\u0131da itkin d\u00fc\u015f\u00fcb. ARANTV.AZ trend-\u0259 istinad\u0259n x\u0259b\u0259r verir ki, Sumqay\u0131t \u015f\u0259h\u0259ri, X\u0259z\u0259r ba\u011flar\u0131 ya\u015fay\u0131\u015f massivind\u0259 ya\u015fayan, 1993-c\u00fc il t\u0259v\u0259ll\u00fcdl\u00fc H\u00fcseynzad\u0259 \u0130lkin Alim o\u011flu sentyabr\u0131n 30-da Bak\u0131n\u0131n Yasamal rayonu, Moskva prospektind\u0259 &#8220;\u015eamax\u0131 yolu&#8221; adlanan \u0259razid\u0259 avtobusdan d\u00fc\u015f\u0259r\u0259k nam\u0259lum istiqam\u0259t\u0259 gedib v\u0259 bir daha geri qay\u0131tmay\u0131b. Faktla ba\u011fl\u0131 Yasamal Rayon Polis \u0130dar\u0259sinin 27-ci polis&hellip;","_links":{"self":[{"href":"https:\/\/arantv.az\/index.php?rest_route=\/wp\/v2\/posts\/17852"}],"collection":[{"href":"https:\/\/arantv.az\/index.php?rest_route=\/wp\/v2\/posts"}],"about":[{"href":"https:\/\/arantv.az\/index.php?rest_route=\/wp\/v2\/types\/post"}],"author":[{"embeddable":true,"href":"https:\/\/arantv.az\/index.php?rest_route=\/wp\/v2\/users\/2"}],"replies":[{"embeddable":true,"href":"https:\/\/arantv.az\/index.php?rest_route=%2Fwp%2Fv2%2Fcomments&post=17852"}],"version-history":[{"count":0,"href":"https:\/\/arantv.az\/index.php?rest_route=\/wp\/v2\/posts\/17852\/revisions"}],"wp:featuredmedia":[{"embeddable":true,"href":"https:\/\/arantv.az\/index.php?rest_route=\/wp\/v2\/media\/17853"}],"wp:attachment":[{"href":"https:\/\/arantv.az\/index.php?rest_route=%2Fwp%2Fv2%2Fmedia&parent=17852"}],"wp:term":[{"taxonomy":"category","embeddable":true,"href":"https:\/\/arantv.az\/index.php?rest_route=%2Fwp%2Fv2%2Fcategories&post=17852"},{"taxonomy":"post_tag","embeddable":true,"href":"https:\/\/arantv.az\/index.php?rest_route=%2Fwp%2Fv2%2Ftags&post=17852"}],"curies":[{"name":"wp","href":"https:\/\/api.w.org\/{rel}","templated":true}]}}