{"id":178544,"date":"2020-06-11T13:45:54","date_gmt":"2020-06-11T10:45:54","guid":{"rendered":"http:\/\/arantv.az\/?p=178544"},"modified":"2020-06-11T13:45:54","modified_gmt":"2020-06-11T10:45:54","slug":"prezident-ilham-%c9%99liyev-enerji-t%c9%99minati-il%c9%99-dayaniqliliq-%c9%99msalina-gor%c9%99-az%c9%99rbaycan-dunya-miqyasinda-ikinci-yerd%c9%99dir","status":"publish","type":"post","link":"https:\/\/arantv.az\/?p=178544","title":{"rendered":"Prezident \u0130lham \u018fliyev: &#8220;Enerji t\u0259minat\u0131 il\u0259 dayan\u0131ql\u0131l\u0131q \u0259msal\u0131na g\u00f6r\u0259 Az\u0259rbaycan d\u00fcnya miqyas\u0131nda ikinci yerd\u0259dir&#8221;"},"content":{"rendered":"<blockquote><p><strong><em>Bu g\u00fcn enerji t\u0259minat\u0131 il\u0259 dayan\u0131ql\u0131l\u0131q \u0259msal\u0131na g\u00f6r\u0259 Az\u0259rbaycan d\u00fcnya miqyas\u0131nda ikinci yerd\u0259dir.<\/em><\/strong><\/p><\/blockquote>\n<p><strong>ARANTV.AZ<\/strong>\u00a0\u00a0<a href=\"http:\/\/azertag.az\/\" target=\"_blank\" rel=\"noopener\">AZ\u018fRTAC<\/a>-a istinad\u0259n bildirir ki, bunu Prezident \u0130lham \u018fliyev iyunun 11-d\u0259 Bak\u0131 \u015f\u0259h\u0259rinin X\u0259tai rayonunda &#8220;Az\u0259renerji&#8221; A\u00e7\u0131q S\u0259hmdar C\u0259miyy\u0259tinin 110\/35\/10 kilovoltluq &#8220;\u018fhm\u0259dli&#8221; yar\u0131mstansiyas\u0131n\u0131n a\u00e7\u0131l\u0131\u015f\u0131nda i\u015ftirak ed\u0259rk\u0259n deyib.<\/p>\n<p>D\u00f6vl\u0259t ba\u015f\u00e7\u0131s\u0131 bildirib: &#8220;Son ill\u0259r \u0259rzind\u0259 energetika sah\u0259sind\u0259 \u00e7ox b\u00f6y\u00fck i\u015fl\u0259r g\u00f6r\u00fcl\u00fcb, h\u0259m generasiya g\u00fccl\u0259ri art\u0131b, eyni zamanda, siz itirilmi\u015f g\u00fccl\u0259ri b\u0259rpa edirsiniz. Yax\u0131n zamanlarda Ming\u0259\u00e7evird\u0259ki \u0130stilik Elektrik Stansiyas\u0131n\u0131n da yenid\u0259nqurmadan sonra a\u00e7\u0131l\u0131\u015f\u0131n\u0131 ed\u0259c\u0259yik. \u018fslind\u0259, bu, yenid\u0259n tikilmi\u015f 2400 meqavat g\u00fcc\u00fcnd\u0259 elektrik stansiyas\u0131d\u0131r v\u0259 yar\u0131mstansiyalar\u0131n tikintisi. M\u0259hz buna g\u00f6r\u0259 bu g\u00fcn enerji t\u0259minat\u0131 il\u0259 dayan\u0131ql\u0131l\u0131q \u0259msal\u0131na g\u00f6r\u0259 Az\u0259rbaycan d\u00fcnya miqyas\u0131nda ikinci yerd\u0259dir. \u00d6z\u00fc d\u0259 bunu biz demirik, Davos \u00dcmumd\u00fcnya \u0130qtisadi Forumu deyir. Y\u0259ni, biz bir \u00e7ox inki\u015faf etmi\u015f \u00f6lk\u0259l\u0259ri d\u0259 qabaqlam\u0131\u015f\u0131q v\u0259 i\u015fl\u0259r davam edir. M\u0259nim rayonlara s\u0259f\u0259rl\u0259rim \u00e7\u0259r\u00e7iv\u0259sind\u0259 d\u0259 yeni yar\u0131mstansiyalar a\u00e7\u0131l\u0131r. Bu yax\u0131nlarda T\u0259rt\u0259rd\u0259, A\u011fcab\u0259did\u0259 iki yar\u0131mstansiya a\u00e7\u0131l\u0131bd\u0131r. \u0130ndi &#8220;\u018fhm\u0259dli&#8221; yar\u0131mstansiyas\u0131, &#8220;8-ci Kilometr&#8221;, &#8220;X\u0131rdalan&#8221;, &#8220;Buzovna&#8221;, &#8220;A\u011f \u015f\u0259h\u0259r&#8221;.&#8221;<\/p>\n","protected":false},"excerpt":{"rendered":"<p>Bu g\u00fcn enerji t\u0259minat\u0131 il\u0259 dayan\u0131ql\u0131l\u0131q \u0259msal\u0131na g\u00f6r\u0259 Az\u0259rbaycan d\u00fcnya miqyas\u0131nda ikinci yerd\u0259dir. ARANTV.AZ\u00a0\u00a0AZ\u018fRTAC-a istinad\u0259n bildirir ki, bunu Prezident \u0130lham \u018fliyev iyunun 11-d\u0259 Bak\u0131 \u015f\u0259h\u0259rinin X\u0259tai rayonunda &#8220;Az\u0259renerji&#8221; A\u00e7\u0131q S\u0259hmdar C\u0259miyy\u0259tinin 110\/35\/10 kilovoltluq &#8220;\u018fhm\u0259dli&#8221; yar\u0131mstansiyas\u0131n\u0131n a\u00e7\u0131l\u0131\u015f\u0131nda i\u015ftirak ed\u0259rk\u0259n deyib. D\u00f6vl\u0259t ba\u015f\u00e7\u0131s\u0131 bildirib: &#8220;Son ill\u0259r \u0259rzind\u0259 energetika sah\u0259sind\u0259 \u00e7ox b\u00f6y\u00fck i\u015fl\u0259r g\u00f6r\u00fcl\u00fcb, h\u0259m generasiya g\u00fccl\u0259ri art\u0131b, eyni zamanda, siz itirilmi\u015f g\u00fccl\u0259ri b\u0259rpa edirsiniz. Yax\u0131n zamanlarda Ming\u0259\u00e7evird\u0259ki \u0130stilik Elektrik Stansiyas\u0131n\u0131n da yenid\u0259nqurmadan sonra a\u00e7\u0131l\u0131\u015f\u0131n\u0131 ed\u0259c\u0259yik. \u018fslind\u0259, bu, yenid\u0259n tikilmi\u015f 2400 meqavat g\u00fcc\u00fcnd\u0259 elektrik stansiyas\u0131d\u0131r v\u0259 yar\u0131mstansiyalar\u0131n tikintisi. M\u0259hz buna g\u00f6r\u0259 bu g\u00fcn&hellip;<\/p>\n","protected":false},"author":2,"featured_media":178545,"comment_status":"closed","ping_status":"closed","sticky":false,"template":"","format":"standard","meta":{"om_disable_all_campaigns":false,"_monsterinsights_skip_tracking":false,"_monsterinsights_sitenote_active":false,"_monsterinsights_sitenote_note":"","_monsterinsights_sitenote_category":0},"categories":[4],"tags":[],"aioseo_notices":[],"gutentor_comment":0,"rttpg_featured_image_url":{"full":["https:\/\/arantv.az\/wp-content\/uploads\/2020\/06\/857385_17.jpg",930,669,false],"landscape":["https:\/\/arantv.az\/wp-content\/uploads\/2020\/06\/857385_17.jpg",930,669,false],"portraits":["https:\/\/arantv.az\/wp-content\/uploads\/2020\/06\/857385_17.jpg",930,669,false],"thumbnail":["https:\/\/arantv.az\/wp-content\/uploads\/2020\/06\/857385_17-150x150.jpg",150,150,true],"medium":["https:\/\/arantv.az\/wp-content\/uploads\/2020\/06\/857385_17-300x216.jpg",300,216,true],"large":["https:\/\/arantv.az\/wp-content\/uploads\/2020\/06\/857385_17.jpg",640,460,false],"1536x1536":["https:\/\/arantv.az\/wp-content\/uploads\/2020\/06\/857385_17.jpg",930,669,false],"2048x2048":["https:\/\/arantv.az\/wp-content\/uploads\/2020\/06\/857385_17.jpg",930,669,false],"post-thumbnail":["https:\/\/arantv.az\/wp-content\/uploads\/2020\/06\/857385_17-240x172.jpg",240,172,true],"advps-thumb-one":["https:\/\/arantv.az\/wp-content\/uploads\/2020\/06\/857385_17-930x620.jpg",930,620,true]},"rttpg_author":{"display_name":"V\u00fcsal Rafiqo\u011flu","author_link":"https:\/\/arantv.az\/?author=2"},"rttpg_comment":0,"rttpg_category":"<a href=\"https:\/\/arantv.az\/?cat=4\" rel=\"category\">Siyas\u0259t<\/a>","rttpg_excerpt":"Bu g\u00fcn enerji t\u0259minat\u0131 il\u0259 dayan\u0131ql\u0131l\u0131q \u0259msal\u0131na g\u00f6r\u0259 Az\u0259rbaycan d\u00fcnya miqyas\u0131nda ikinci yerd\u0259dir. ARANTV.AZ\u00a0\u00a0AZ\u018fRTAC-a istinad\u0259n bildirir ki, bunu Prezident \u0130lham \u018fliyev iyunun 11-d\u0259 Bak\u0131 \u015f\u0259h\u0259rinin X\u0259tai rayonunda &#8220;Az\u0259renerji&#8221; A\u00e7\u0131q S\u0259hmdar C\u0259miyy\u0259tinin 110\/35\/10 kilovoltluq &#8220;\u018fhm\u0259dli&#8221; yar\u0131mstansiyas\u0131n\u0131n a\u00e7\u0131l\u0131\u015f\u0131nda i\u015ftirak ed\u0259rk\u0259n deyib. D\u00f6vl\u0259t ba\u015f\u00e7\u0131s\u0131 bildirib: &#8220;Son ill\u0259r \u0259rzind\u0259 energetika sah\u0259sind\u0259 \u00e7ox b\u00f6y\u00fck i\u015fl\u0259r g\u00f6r\u00fcl\u00fcb, h\u0259m generasiya g\u00fccl\u0259ri art\u0131b,&hellip;","_links":{"self":[{"href":"https:\/\/arantv.az\/index.php?rest_route=\/wp\/v2\/posts\/178544"}],"collection":[{"href":"https:\/\/arantv.az\/index.php?rest_route=\/wp\/v2\/posts"}],"about":[{"href":"https:\/\/arantv.az\/index.php?rest_route=\/wp\/v2\/types\/post"}],"author":[{"embeddable":true,"href":"https:\/\/arantv.az\/index.php?rest_route=\/wp\/v2\/users\/2"}],"replies":[{"embeddable":true,"href":"https:\/\/arantv.az\/index.php?rest_route=%2Fwp%2Fv2%2Fcomments&post=178544"}],"version-history":[{"count":0,"href":"https:\/\/arantv.az\/index.php?rest_route=\/wp\/v2\/posts\/178544\/revisions"}],"wp:featuredmedia":[{"embeddable":true,"href":"https:\/\/arantv.az\/index.php?rest_route=\/wp\/v2\/media\/178545"}],"wp:attachment":[{"href":"https:\/\/arantv.az\/index.php?rest_route=%2Fwp%2Fv2%2Fmedia&parent=178544"}],"wp:term":[{"taxonomy":"category","embeddable":true,"href":"https:\/\/arantv.az\/index.php?rest_route=%2Fwp%2Fv2%2Fcategories&post=178544"},{"taxonomy":"post_tag","embeddable":true,"href":"https:\/\/arantv.az\/index.php?rest_route=%2Fwp%2Fv2%2Ftags&post=178544"}],"curies":[{"name":"wp","href":"https:\/\/api.w.org\/{rel}","templated":true}]}}