{"id":178548,"date":"2020-06-11T13:46:45","date_gmt":"2020-06-11T10:46:45","guid":{"rendered":"http:\/\/arantv.az\/?p=178548"},"modified":"2020-06-11T13:46:45","modified_gmt":"2020-06-11T10:46:45","slug":"bu-%c9%99razil%c9%99rd%c9%99-asan-xidm%c9%99tin-f%c9%99aliyy%c9%99ti-m%c9%99hdudlasdirilacaq","status":"publish","type":"post","link":"https:\/\/arantv.az\/?p=178548","title":{"rendered":"Bu \u0259razil\u0259rd\u0259 ASAN xidm\u0259tin f\u0259aliyy\u0259ti m\u0259hdudla\u015fd\u0131r\u0131lacaq"},"content":{"rendered":"<p><strong>Nazirl\u0259r Kabineti yan\u0131nda Operativ Q\u0259rargah t\u0259r\u0259find\u0259n 2020-ci il 14 iyun saat 00:00-dan 16 iyun saat 06:00-d\u0259k Bak\u0131, G\u0259nc\u0259, L\u0259nk\u0259ran v\u0259 Sumqay\u0131t \u015f\u0259h\u0259rl\u0259rinin, Ab\u015feron, Yevlax, \u0130smay\u0131ll\u0131, K\u00fcrd\u0259mir v\u0259 Salyan rayonlar\u0131n\u0131n \u0259razisind\u0259 s\u0259rtl\u0259\u015fdirilmi\u015f karantin rejiminin t\u0259tbiqi il\u0259 \u0259laq\u0259dar b\u0259zi &#8220;ASAN xidm\u0259t&#8221; v\u0259 &#8220;ASAN Kommunal&#8221; m\u0259rk\u0259zl\u0259rinin f\u0259aliyy\u0259ti m\u0259hdudla\u015fd\u0131r\u0131lacaq.<\/strong><\/p>\n<p><strong>ARANTV.AZ<\/strong> x\u0259b\u0259r verir ki,\u00a0Prezident yan\u0131nda V\u0259t\u0259nda\u015flara Xidm\u0259t v\u0259 Sosial \u0130nnovasiyalar \u00fczr\u0259 D\u00f6vl\u0259t Agentliyind\u0259n\u00a0<a href=\"https:\/\/az.trend.az\/\" target=\"_blank\" rel=\"noopener\">Trend<\/a>-\u0259 veril\u0259n m\u0259lumatda bildirilir ki, m\u00fcvafiq Q\u0259rara \u0259sas\u0259n 14 v\u0259 15 iyun tarixl\u0259rind\u0259 Bak\u0131 \u015f\u0259h\u0259rind\u0259ki b\u00fct\u00fcn &#8220;ASAN xidm\u0259t&#8221; v\u0259 &#8220;ASAN Kommunal&#8221;, o c\u00fcml\u0259d\u0259n Sumqay\u0131t, G\u0259nc\u0259 v\u0259 K\u00fcrd\u0259mir regional &#8220;ASAN xidm\u0259t&#8221; m\u0259rk\u0259zl\u0259ri f\u0259aliyy\u0259t g\u00f6st\u0259rm\u0259y\u0259c\u0259k.<\/p>\n<p>Qeyd olunan tarixl\u0259rd\u0259 haz\u0131r s\u0259n\u0259dl\u0259rin g\u00f6t\u00fcr\u00fclm\u0259si \u00fc\u00e7\u00fcn m\u0259rk\u0259zl\u0259r\u0259 m\u00fcraci\u0259t etm\u0259li olan v\u0259t\u0259nda\u015flar n\u00f6vb\u0259ti i\u015f g\u00fcnl\u0259rind\u0259 m\u00fcvafiq xidm\u0259tl\u0259rd\u0259n yararlana bil\u0259rl\u0259r.<\/p>\n<p>Xat\u0131rladaq ki, 27 aprel tarixind\u0259n &#8220;ASAN xidm\u0259t&#8221; v\u0259 &#8220;ASAN Kommunal&#8221; m\u0259rk\u0259zl\u0259rind\u0259 v\u0259t\u0259nda\u015flar\u0131n q\u0259bulu &#8220;ASAN xidm\u0259t&#8221; mobil t\u0259tbiqi, www.asan.gov.az sayt\u0131 v\u0259 108 \u00c7a\u011fr\u0131 M\u0259rk\u0259zi vasit\u0259si il\u0259 \u0259vv\u0259lc\u0259d\u0259n onlayn n\u00f6vb\u0259 tutmaqla h\u0259yata ke\u00e7irilir.<\/p>\n","protected":false},"excerpt":{"rendered":"<p>Nazirl\u0259r Kabineti yan\u0131nda Operativ Q\u0259rargah t\u0259r\u0259find\u0259n 2020-ci il 14 iyun saat 00:00-dan 16 iyun saat 06:00-d\u0259k Bak\u0131, G\u0259nc\u0259, L\u0259nk\u0259ran v\u0259 Sumqay\u0131t \u015f\u0259h\u0259rl\u0259rinin, Ab\u015feron, Yevlax, \u0130smay\u0131ll\u0131, K\u00fcrd\u0259mir v\u0259 Salyan rayonlar\u0131n\u0131n \u0259razisind\u0259 s\u0259rtl\u0259\u015fdirilmi\u015f karantin rejiminin t\u0259tbiqi il\u0259 \u0259laq\u0259dar b\u0259zi &#8220;ASAN xidm\u0259t&#8221; v\u0259 &#8220;ASAN Kommunal&#8221; m\u0259rk\u0259zl\u0259rinin f\u0259aliyy\u0259ti m\u0259hdudla\u015fd\u0131r\u0131lacaq. ARANTV.AZ x\u0259b\u0259r verir ki,\u00a0Prezident yan\u0131nda V\u0259t\u0259nda\u015flara Xidm\u0259t v\u0259 Sosial \u0130nnovasiyalar \u00fczr\u0259 D\u00f6vl\u0259t Agentliyind\u0259n\u00a0Trend-\u0259 veril\u0259n m\u0259lumatda bildirilir ki, m\u00fcvafiq Q\u0259rara \u0259sas\u0259n 14 v\u0259 15 iyun tarixl\u0259rind\u0259 Bak\u0131 \u015f\u0259h\u0259rind\u0259ki b\u00fct\u00fcn &#8220;ASAN xidm\u0259t&#8221; v\u0259 &#8220;ASAN Kommunal&#8221;, o c\u00fcml\u0259d\u0259n Sumqay\u0131t, G\u0259nc\u0259 v\u0259 K\u00fcrd\u0259mir regional &#8220;ASAN xidm\u0259t&#8221; m\u0259rk\u0259zl\u0259ri f\u0259aliyy\u0259t g\u00f6st\u0259rm\u0259y\u0259c\u0259k.&hellip;<\/p>\n","protected":false},"author":2,"featured_media":178549,"comment_status":"closed","ping_status":"closed","sticky":false,"template":"","format":"standard","meta":{"om_disable_all_campaigns":false,"_monsterinsights_skip_tracking":false,"_monsterinsights_sitenote_active":false,"_monsterinsights_sitenote_note":"","_monsterinsights_sitenote_category":0},"categories":[26],"tags":[],"aioseo_notices":[],"gutentor_comment":0,"rttpg_featured_image_url":{"full":["https:\/\/arantv.az\/wp-content\/uploads\/2020\/06\/857424.jpg",800,600,false],"landscape":["https:\/\/arantv.az\/wp-content\/uploads\/2020\/06\/857424.jpg",800,600,false],"portraits":["https:\/\/arantv.az\/wp-content\/uploads\/2020\/06\/857424.jpg",800,600,false],"thumbnail":["https:\/\/arantv.az\/wp-content\/uploads\/2020\/06\/857424-150x150.jpg",150,150,true],"medium":["https:\/\/arantv.az\/wp-content\/uploads\/2020\/06\/857424-300x225.jpg",300,225,true],"large":["https:\/\/arantv.az\/wp-content\/uploads\/2020\/06\/857424.jpg",640,480,false],"1536x1536":["https:\/\/arantv.az\/wp-content\/uploads\/2020\/06\/857424.jpg",800,600,false],"2048x2048":["https:\/\/arantv.az\/wp-content\/uploads\/2020\/06\/857424.jpg",800,600,false],"post-thumbnail":["https:\/\/arantv.az\/wp-content\/uploads\/2020\/06\/857424-240x172.jpg",240,172,true],"advps-thumb-one":["https:\/\/arantv.az\/wp-content\/uploads\/2020\/06\/857424.jpg",800,600,false]},"rttpg_author":{"display_name":"V\u00fcsal Rafiqo\u011flu","author_link":"https:\/\/arantv.az\/?author=2"},"rttpg_comment":0,"rttpg_category":"<a href=\"https:\/\/arantv.az\/?cat=26\" rel=\"category\">Sosial<\/a>","rttpg_excerpt":"Nazirl\u0259r Kabineti yan\u0131nda Operativ Q\u0259rargah t\u0259r\u0259find\u0259n 2020-ci il 14 iyun saat 00:00-dan 16 iyun saat 06:00-d\u0259k Bak\u0131, G\u0259nc\u0259, L\u0259nk\u0259ran v\u0259 Sumqay\u0131t \u015f\u0259h\u0259rl\u0259rinin, Ab\u015feron, Yevlax, \u0130smay\u0131ll\u0131, K\u00fcrd\u0259mir v\u0259 Salyan rayonlar\u0131n\u0131n \u0259razisind\u0259 s\u0259rtl\u0259\u015fdirilmi\u015f karantin rejiminin t\u0259tbiqi il\u0259 \u0259laq\u0259dar b\u0259zi &#8220;ASAN xidm\u0259t&#8221; v\u0259 &#8220;ASAN Kommunal&#8221; m\u0259rk\u0259zl\u0259rinin f\u0259aliyy\u0259ti m\u0259hdudla\u015fd\u0131r\u0131lacaq. ARANTV.AZ x\u0259b\u0259r verir ki,\u00a0Prezident yan\u0131nda V\u0259t\u0259nda\u015flara Xidm\u0259t v\u0259 Sosial \u0130nnovasiyalar&hellip;","_links":{"self":[{"href":"https:\/\/arantv.az\/index.php?rest_route=\/wp\/v2\/posts\/178548"}],"collection":[{"href":"https:\/\/arantv.az\/index.php?rest_route=\/wp\/v2\/posts"}],"about":[{"href":"https:\/\/arantv.az\/index.php?rest_route=\/wp\/v2\/types\/post"}],"author":[{"embeddable":true,"href":"https:\/\/arantv.az\/index.php?rest_route=\/wp\/v2\/users\/2"}],"replies":[{"embeddable":true,"href":"https:\/\/arantv.az\/index.php?rest_route=%2Fwp%2Fv2%2Fcomments&post=178548"}],"version-history":[{"count":0,"href":"https:\/\/arantv.az\/index.php?rest_route=\/wp\/v2\/posts\/178548\/revisions"}],"wp:featuredmedia":[{"embeddable":true,"href":"https:\/\/arantv.az\/index.php?rest_route=\/wp\/v2\/media\/178549"}],"wp:attachment":[{"href":"https:\/\/arantv.az\/index.php?rest_route=%2Fwp%2Fv2%2Fmedia&parent=178548"}],"wp:term":[{"taxonomy":"category","embeddable":true,"href":"https:\/\/arantv.az\/index.php?rest_route=%2Fwp%2Fv2%2Fcategories&post=178548"},{"taxonomy":"post_tag","embeddable":true,"href":"https:\/\/arantv.az\/index.php?rest_route=%2Fwp%2Fv2%2Ftags&post=178548"}],"curies":[{"name":"wp","href":"https:\/\/api.w.org\/{rel}","templated":true}]}}