{"id":17856,"date":"2018-10-09T11:46:02","date_gmt":"2018-10-09T08:46:02","guid":{"rendered":"http:\/\/arantv.az\/?p=17856"},"modified":"2018-10-09T11:46:02","modified_gmt":"2018-10-09T08:46:02","slug":"bakida-daha-bir-avtobus-faci%c9%99si-1-olu","status":"publish","type":"post","link":"https:\/\/arantv.az\/?p=17856","title":{"rendered":"Bak\u0131da daha bir AVTOBUS FAC\u0130\u018fS\u0130: 1 \u00f6l\u00fc"},"content":{"rendered":"<p><strong>D\u00fcn\u0259n Qarada\u011f rayonunun L\u00f6kbatan q\u0259s\u0259b\u0259si \u0259razisind\u0259 ba\u015f vermi\u015f yol-n\u0259qliyyat hadis\u0259si n\u0259tic\u0259sind\u0259 a\u011f\u0131r x\u0259sar\u0259t alan qad\u0131n\u0131n h\u0259yat\u0131n\u0131 xilas etm\u0259k m\u00fcmk\u00fcn olmay\u0131b.<\/strong><\/p>\n<p><b>ARANTV.AZ\u00a0<\/b>x\u0259b\u0259r verir ki, oktyabr\u0131n 8-d\u0259 saat 11 rad\u0259l\u0259rind\u0259 Qarada\u011f rayonunun L\u00f6kbatan q\u0259s\u0259b\u0259si \u0259razisind\u0259 L\u0259nk\u0259ran rayon sakini H\u00fcseyna\u011fa Z\u0259kiyev idar\u0259 etdiyi \u201cFord Transit\u201d markal\u0131 mikroavtobusu a\u015f\u0131r\u0131b. N\u0259tic\u0259d\u0259 s\u00fcr\u00fcc\u00fc v\u0259 s\u0259rni\u015finl\u0259ri &#8211; Lerik rayon sakini Q\u0259m\u0259r Salayeva v\u0259 Davud Qas\u0131mov x\u0259st\u0259xanaya yerl\u0259\u015fdirilmi\u015f, Q.Salayeva orada \u00f6l\u00fcb.<\/p>\n<p>Ba\u015f \u0130stintaq v\u0259 T\u0259hqiqat \u0130dar\u0259si t\u0259r\u0259find\u0259n ara\u015fd\u0131rma apar\u0131l\u0131r.<\/p>\n<p>publika.az<\/p>\n","protected":false},"excerpt":{"rendered":"<p>D\u00fcn\u0259n Qarada\u011f rayonunun L\u00f6kbatan q\u0259s\u0259b\u0259si \u0259razisind\u0259 ba\u015f vermi\u015f yol-n\u0259qliyyat hadis\u0259si n\u0259tic\u0259sind\u0259 a\u011f\u0131r x\u0259sar\u0259t alan qad\u0131n\u0131n h\u0259yat\u0131n\u0131 xilas etm\u0259k m\u00fcmk\u00fcn olmay\u0131b. ARANTV.AZ\u00a0x\u0259b\u0259r verir ki, oktyabr\u0131n 8-d\u0259 saat 11 rad\u0259l\u0259rind\u0259 Qarada\u011f rayonunun L\u00f6kbatan q\u0259s\u0259b\u0259si \u0259razisind\u0259 L\u0259nk\u0259ran rayon sakini H\u00fcseyna\u011fa Z\u0259kiyev idar\u0259 etdiyi \u201cFord Transit\u201d markal\u0131 mikroavtobusu a\u015f\u0131r\u0131b. N\u0259tic\u0259d\u0259 s\u00fcr\u00fcc\u00fc v\u0259 s\u0259rni\u015finl\u0259ri &#8211; Lerik rayon sakini Q\u0259m\u0259r Salayeva v\u0259 Davud Qas\u0131mov x\u0259st\u0259xanaya yerl\u0259\u015fdirilmi\u015f, Q.Salayeva orada \u00f6l\u00fcb. Ba\u015f \u0130stintaq v\u0259 T\u0259hqiqat \u0130dar\u0259si t\u0259r\u0259find\u0259n ara\u015fd\u0131rma apar\u0131l\u0131r. publika.az<\/p>\n","protected":false},"author":2,"featured_media":17857,"comment_status":"closed","ping_status":"closed","sticky":false,"template":"","format":"standard","meta":{"om_disable_all_campaigns":false,"_monsterinsights_skip_tracking":false,"_monsterinsights_sitenote_active":false,"_monsterinsights_sitenote_note":"","_monsterinsights_sitenote_category":0},"categories":[5],"tags":[],"aioseo_notices":[],"gutentor_comment":0,"rttpg_featured_image_url":{"full":["https:\/\/arantv.az\/wp-content\/uploads\/2018\/10\/xestexana_087.jpg",800,450,false],"landscape":["https:\/\/arantv.az\/wp-content\/uploads\/2018\/10\/xestexana_087.jpg",800,450,false],"portraits":["https:\/\/arantv.az\/wp-content\/uploads\/2018\/10\/xestexana_087.jpg",800,450,false],"thumbnail":["https:\/\/arantv.az\/wp-content\/uploads\/2018\/10\/xestexana_087-150x150.jpg",150,150,true],"medium":["https:\/\/arantv.az\/wp-content\/uploads\/2018\/10\/xestexana_087-300x169.jpg",300,169,true],"large":["https:\/\/arantv.az\/wp-content\/uploads\/2018\/10\/xestexana_087.jpg",640,360,false],"1536x1536":["https:\/\/arantv.az\/wp-content\/uploads\/2018\/10\/xestexana_087.jpg",800,450,false],"2048x2048":["https:\/\/arantv.az\/wp-content\/uploads\/2018\/10\/xestexana_087.jpg",800,450,false],"post-thumbnail":["https:\/\/arantv.az\/wp-content\/uploads\/2018\/10\/xestexana_087-240x172.jpg",240,172,true],"advps-thumb-one":["https:\/\/arantv.az\/wp-content\/uploads\/2018\/10\/xestexana_087.jpg",800,450,false]},"rttpg_author":{"display_name":"V\u00fcsal Rafiqo\u011flu","author_link":"https:\/\/arantv.az\/?author=2"},"rttpg_comment":0,"rttpg_category":"<a href=\"https:\/\/arantv.az\/?cat=5\" rel=\"category\">Hadis\u0259<\/a>","rttpg_excerpt":"D\u00fcn\u0259n Qarada\u011f rayonunun L\u00f6kbatan q\u0259s\u0259b\u0259si \u0259razisind\u0259 ba\u015f vermi\u015f yol-n\u0259qliyyat hadis\u0259si n\u0259tic\u0259sind\u0259 a\u011f\u0131r x\u0259sar\u0259t alan qad\u0131n\u0131n h\u0259yat\u0131n\u0131 xilas etm\u0259k m\u00fcmk\u00fcn olmay\u0131b. ARANTV.AZ\u00a0x\u0259b\u0259r verir ki, oktyabr\u0131n 8-d\u0259 saat 11 rad\u0259l\u0259rind\u0259 Qarada\u011f rayonunun L\u00f6kbatan q\u0259s\u0259b\u0259si \u0259razisind\u0259 L\u0259nk\u0259ran rayon sakini H\u00fcseyna\u011fa Z\u0259kiyev idar\u0259 etdiyi \u201cFord Transit\u201d markal\u0131 mikroavtobusu a\u015f\u0131r\u0131b. N\u0259tic\u0259d\u0259 s\u00fcr\u00fcc\u00fc v\u0259 s\u0259rni\u015finl\u0259ri &#8211; Lerik rayon sakini Q\u0259m\u0259r Salayeva&hellip;","_links":{"self":[{"href":"https:\/\/arantv.az\/index.php?rest_route=\/wp\/v2\/posts\/17856"}],"collection":[{"href":"https:\/\/arantv.az\/index.php?rest_route=\/wp\/v2\/posts"}],"about":[{"href":"https:\/\/arantv.az\/index.php?rest_route=\/wp\/v2\/types\/post"}],"author":[{"embeddable":true,"href":"https:\/\/arantv.az\/index.php?rest_route=\/wp\/v2\/users\/2"}],"replies":[{"embeddable":true,"href":"https:\/\/arantv.az\/index.php?rest_route=%2Fwp%2Fv2%2Fcomments&post=17856"}],"version-history":[{"count":0,"href":"https:\/\/arantv.az\/index.php?rest_route=\/wp\/v2\/posts\/17856\/revisions"}],"wp:featuredmedia":[{"embeddable":true,"href":"https:\/\/arantv.az\/index.php?rest_route=\/wp\/v2\/media\/17857"}],"wp:attachment":[{"href":"https:\/\/arantv.az\/index.php?rest_route=%2Fwp%2Fv2%2Fmedia&parent=17856"}],"wp:term":[{"taxonomy":"category","embeddable":true,"href":"https:\/\/arantv.az\/index.php?rest_route=%2Fwp%2Fv2%2Fcategories&post=17856"},{"taxonomy":"post_tag","embeddable":true,"href":"https:\/\/arantv.az\/index.php?rest_route=%2Fwp%2Fv2%2Ftags&post=17856"}],"curies":[{"name":"wp","href":"https:\/\/api.w.org\/{rel}","templated":true}]}}