{"id":178652,"date":"2020-06-12T08:08:18","date_gmt":"2020-06-12T05:08:18","guid":{"rendered":"http:\/\/arantv.az\/?p=178652"},"modified":"2020-06-12T08:08:18","modified_gmt":"2020-06-12T05:08:18","slug":"bu-yayin-ayri-ayri-gunl%c9%99rind%c9%99-anomal-istil%c9%99rin-olacagi-gozl%c9%99nilir","status":"publish","type":"post","link":"https:\/\/arantv.az\/?p=178652","title":{"rendered":"Bu yay\u0131n ayr\u0131-ayr\u0131 g\u00fcnl\u0259rind\u0259 anomal istil\u0259rin olaca\u011f\u0131 g\u00f6zl\u0259nilir"},"content":{"rendered":"<p>Az\u0259rbaycanda builki yay d\u00f6vr\u00fcnd\u0259 ayr\u0131-ayr\u0131 g\u00fcnl\u0259rd\u0259 anomal isti g\u00fcnl\u0259rin olaca\u011f\u0131 istisna edilmir.<\/p>\n<p><strong>ARANTV.AZ<\/strong>\u00a0 x\u0259b\u0259r verir ki, bunu\u00a0<a href=\"http:\/\/az.trend.az\/\" target=\"_blank\" rel=\"noopener\">Trend<\/a>-\u0259 Ekologiya v\u0259 T\u0259bii S\u0259rv\u0259tl\u0259r Nazirliyinin Milli Hidrometeorologiya Xidm\u0259tinin ba\u015f hidroloqu Asif Verdiyev bildirib.<\/p>\n<p>Onun s\u00f6zl\u0259rin\u0259 g\u00f6r\u0259, ad\u0259t\u0259n, yay d\u00f6vr\u00fcnd\u0259 anomal istil\u0259r iyul-avqust aylar\u0131n\u0131n ayr\u0131-ayr\u0131 g\u00fcnl\u0259rind\u0259 m\u00fc\u015fahid\u0259 edilir:<\/p>\n<p>&#8220;Statistik m\u0259lumatlar da onu g\u00f6st\u0259rir ki, \u0259vv\u0259ll\u0259r davaml\u0131 anomal isti g\u00fcnl\u0259r 1-2 g\u00fcn davam edirdis\u0259, art\u0131q son ill\u0259rd\u0259 bel\u0259 g\u00fcnl\u0259r davaml\u0131 olaraq, 1 h\u0259ft\u0259y\u0259d\u0259k m\u00fc\u015fahid\u0259 edilir. Bu da o dem\u0259kdir ki, ilb\u0259il istil\u0259\u015fm\u0259 olur&#8221;.<\/p>\n<p>A.Verdiyev \u0259lav\u0259 edib ki, Bak\u0131 v\u0259 Ab\u015feron yar\u0131madas\u0131nda 35 d\u0259r\u0259c\u0259d\u0259n y\u00fcks\u0259k temperaturun qeyd\u0259 al\u0131nd\u0131\u011f\u0131 g\u00fcnl\u0259rin say\u0131 art\u0131b.<\/p>\n<p>M\u00fct\u0259x\u0259ssis bunun iqlim d\u0259yi\u015fikliyi il\u0259 \u0259laq\u0259dar oldu\u011funu s\u00f6yl\u0259yib:<\/p>\n<p>&#8220;Son m\u0259lumatlar onu g\u00f6st\u0259rir ki, iyul-avqust aylar\u0131 Az\u0259rbaycanda yay\u0131n \u0259n isti aylar\u0131d\u0131r. Yay aylar\u0131nda Bak\u0131da \u0259n y\u00fcks\u0259k temperatur 2015-ci il 4 avqustda 41,2 d\u0259r\u0259c\u0259, 2017-ci il 9 avqustda 42,6 d\u0259r\u0259c\u0259, 2018-ci il 1 iyulda 42,7 d\u0259r\u0259c\u0259 isti olmaqla qeyd\u0259 al\u0131n\u0131b&#8221;.<\/p>\n","protected":false},"excerpt":{"rendered":"<p>Az\u0259rbaycanda builki yay d\u00f6vr\u00fcnd\u0259 ayr\u0131-ayr\u0131 g\u00fcnl\u0259rd\u0259 anomal isti g\u00fcnl\u0259rin olaca\u011f\u0131 istisna edilmir. ARANTV.AZ\u00a0 x\u0259b\u0259r verir ki, bunu\u00a0Trend-\u0259 Ekologiya v\u0259 T\u0259bii S\u0259rv\u0259tl\u0259r Nazirliyinin Milli Hidrometeorologiya Xidm\u0259tinin ba\u015f hidroloqu Asif Verdiyev bildirib. Onun s\u00f6zl\u0259rin\u0259 g\u00f6r\u0259, ad\u0259t\u0259n, yay d\u00f6vr\u00fcnd\u0259 anomal istil\u0259r iyul-avqust aylar\u0131n\u0131n ayr\u0131-ayr\u0131 g\u00fcnl\u0259rind\u0259 m\u00fc\u015fahid\u0259 edilir: &#8220;Statistik m\u0259lumatlar da onu g\u00f6st\u0259rir ki, \u0259vv\u0259ll\u0259r davaml\u0131 anomal isti g\u00fcnl\u0259r 1-2 g\u00fcn davam edirdis\u0259, art\u0131q son ill\u0259rd\u0259 bel\u0259 g\u00fcnl\u0259r davaml\u0131 olaraq, 1 h\u0259ft\u0259y\u0259d\u0259k m\u00fc\u015fahid\u0259 edilir. Bu da o dem\u0259kdir ki, ilb\u0259il istil\u0259\u015fm\u0259 olur&#8221;. A.Verdiyev \u0259lav\u0259 edib ki, Bak\u0131 v\u0259 Ab\u015feron yar\u0131madas\u0131nda 35 d\u0259r\u0259c\u0259d\u0259n y\u00fcks\u0259k temperaturun&hellip;<\/p>\n","protected":false},"author":2,"featured_media":178653,"comment_status":"closed","ping_status":"closed","sticky":false,"template":"","format":"standard","meta":{"om_disable_all_campaigns":false,"_monsterinsights_skip_tracking":false,"_monsterinsights_sitenote_active":false,"_monsterinsights_sitenote_note":"","_monsterinsights_sitenote_category":0},"categories":[22],"tags":[],"aioseo_notices":[],"gutentor_comment":0,"rttpg_featured_image_url":{"full":["https:\/\/arantv.az\/wp-content\/uploads\/2020\/06\/857560.jpg",808,541,false],"landscape":["https:\/\/arantv.az\/wp-content\/uploads\/2020\/06\/857560.jpg",808,541,false],"portraits":["https:\/\/arantv.az\/wp-content\/uploads\/2020\/06\/857560.jpg",808,541,false],"thumbnail":["https:\/\/arantv.az\/wp-content\/uploads\/2020\/06\/857560-150x150.jpg",150,150,true],"medium":["https:\/\/arantv.az\/wp-content\/uploads\/2020\/06\/857560-300x201.jpg",300,201,true],"large":["https:\/\/arantv.az\/wp-content\/uploads\/2020\/06\/857560.jpg",640,429,false],"1536x1536":["https:\/\/arantv.az\/wp-content\/uploads\/2020\/06\/857560.jpg",808,541,false],"2048x2048":["https:\/\/arantv.az\/wp-content\/uploads\/2020\/06\/857560.jpg",808,541,false],"post-thumbnail":["https:\/\/arantv.az\/wp-content\/uploads\/2020\/06\/857560-240x172.jpg",240,172,true],"advps-thumb-one":["https:\/\/arantv.az\/wp-content\/uploads\/2020\/06\/857560.jpg",808,541,false]},"rttpg_author":{"display_name":"V\u00fcsal Rafiqo\u011flu","author_link":"https:\/\/arantv.az\/?author=2"},"rttpg_comment":0,"rttpg_category":"<a href=\"https:\/\/arantv.az\/?cat=22\" rel=\"category\">Hava<\/a>","rttpg_excerpt":"Az\u0259rbaycanda builki yay d\u00f6vr\u00fcnd\u0259 ayr\u0131-ayr\u0131 g\u00fcnl\u0259rd\u0259 anomal isti g\u00fcnl\u0259rin olaca\u011f\u0131 istisna edilmir. ARANTV.AZ\u00a0 x\u0259b\u0259r verir ki, bunu\u00a0Trend-\u0259 Ekologiya v\u0259 T\u0259bii S\u0259rv\u0259tl\u0259r Nazirliyinin Milli Hidrometeorologiya Xidm\u0259tinin ba\u015f hidroloqu Asif Verdiyev bildirib. Onun s\u00f6zl\u0259rin\u0259 g\u00f6r\u0259, ad\u0259t\u0259n, yay d\u00f6vr\u00fcnd\u0259 anomal istil\u0259r iyul-avqust aylar\u0131n\u0131n ayr\u0131-ayr\u0131 g\u00fcnl\u0259rind\u0259 m\u00fc\u015fahid\u0259 edilir: &#8220;Statistik m\u0259lumatlar da onu g\u00f6st\u0259rir ki, \u0259vv\u0259ll\u0259r davaml\u0131 anomal isti g\u00fcnl\u0259r&hellip;","_links":{"self":[{"href":"https:\/\/arantv.az\/index.php?rest_route=\/wp\/v2\/posts\/178652"}],"collection":[{"href":"https:\/\/arantv.az\/index.php?rest_route=\/wp\/v2\/posts"}],"about":[{"href":"https:\/\/arantv.az\/index.php?rest_route=\/wp\/v2\/types\/post"}],"author":[{"embeddable":true,"href":"https:\/\/arantv.az\/index.php?rest_route=\/wp\/v2\/users\/2"}],"replies":[{"embeddable":true,"href":"https:\/\/arantv.az\/index.php?rest_route=%2Fwp%2Fv2%2Fcomments&post=178652"}],"version-history":[{"count":0,"href":"https:\/\/arantv.az\/index.php?rest_route=\/wp\/v2\/posts\/178652\/revisions"}],"wp:featuredmedia":[{"embeddable":true,"href":"https:\/\/arantv.az\/index.php?rest_route=\/wp\/v2\/media\/178653"}],"wp:attachment":[{"href":"https:\/\/arantv.az\/index.php?rest_route=%2Fwp%2Fv2%2Fmedia&parent=178652"}],"wp:term":[{"taxonomy":"category","embeddable":true,"href":"https:\/\/arantv.az\/index.php?rest_route=%2Fwp%2Fv2%2Fcategories&post=178652"},{"taxonomy":"post_tag","embeddable":true,"href":"https:\/\/arantv.az\/index.php?rest_route=%2Fwp%2Fv2%2Ftags&post=178652"}],"curies":[{"name":"wp","href":"https:\/\/api.w.org\/{rel}","templated":true}]}}