{"id":178660,"date":"2020-06-12T08:10:16","date_gmt":"2020-06-12T05:10:16","guid":{"rendered":"http:\/\/arantv.az\/?p=178660"},"modified":"2020-06-12T08:10:16","modified_gmt":"2020-06-12T05:10:16","slug":"ovladliga-goturulm%c9%99-il%c9%99-bagli-qanunvericiliy%c9%99-edil%c9%99n-yeni-d%c9%99yisikliyin-mahiyy%c9%99ti-aciqlandi","status":"publish","type":"post","link":"https:\/\/arantv.az\/?p=178660","title":{"rendered":"\u00d6vladl\u0131\u011fa g\u00f6t\u00fcr\u00fclm\u0259 il\u0259 ba\u011fl\u0131 qanunvericiliy\u0259 edil\u0259n yeni d\u0259yi\u015fikliyin mahiyy\u0259ti a\u00e7\u0131qland\u0131"},"content":{"rendered":"<p>\u018fm\u0259k v\u0259 \u018fhalinin Sosial M\u00fcdafi\u0259si Nazirliyi valideyn himay\u0259sind\u0259n m\u0259hrum olmu\u015f u\u015faqlar\u0131n \u00f6vladl\u0131\u011fa g\u00f6t\u00fcr\u00fclm\u0259si il\u0259 ba\u011fl\u0131 qanunvericiliy\u0259 edil\u0259n yeni d\u0259yi\u015fikliyin mahiyy\u0259tini a\u00e7\u0131qlay\u0131b.<\/p>\n<p><strong>ARANTV.AZ\u00a0<\/strong>\u00a0<a href=\"http:\/\/az.trend.az\/\" target=\"_blank\" rel=\"noopener\">Trend<\/a>-\u0259 istinad\u0259n bildirir ki, nazirliyin \u0130ctimaiyy\u0259tl\u0259 \u0259laq\u0259l\u0259r v\u0259 kommunikasiya \u015f\u00f6b\u0259sinin m\u00fcdiri Fazil Tal\u0131bovun dediyin\u0259 g\u00f6r\u0259, \u00f6t\u0259n ilin noyabr ay\u0131ndan \u00f6lk\u0259mizd\u0259 \u00f6vladl\u0131\u011fag\u00f6t\u00fcrm\u0259 sah\u0259sin\u0259 idar\u0259etm\u0259 v\u0259 xidm\u0259tl\u0259r \u018fm\u0259k v\u0259 \u018fhalinin Sosial M\u00fcdafi\u0259si Nazirliyi t\u0259r\u0259find\u0259n elektron texnologiyalar \u00fcz\u0259rind\u0259n m\u00fcasir qaydada, \u015f\u0259ffaf h\u0259yata ke\u00e7irilir:<\/p>\n<p>Prezident \u0130lham \u018fliyevin 2020-ci il 27 fevral tarixli F\u0259rman\u0131 il\u0259 &#8220;Valideyn himay\u0259sind\u0259n m\u0259hrum olmu\u015f u\u015faqlar\u0131n \u00f6vladl\u0131\u011fa g\u00f6t\u00fcr\u00fclm\u0259si, o c\u00fcml\u0259d\u0259n Az\u0259rbaycan Respublikas\u0131n\u0131n v\u0259t\u0259nda\u015f\u0131 olan u\u015faqlar\u0131n \u0259cn\u0259bil\u0259r v\u0259 v\u0259t\u0259nda\u015fl\u0131\u011f\u0131 olmayan \u015f\u0259xsl\u0259r t\u0259r\u0259find\u0259n \u00f6vladl\u0131\u011fa g\u00f6t\u00fcr\u00fclm\u0259si Qaydas\u0131&#8221; t\u0259sdiq edilib. Qaydada g\u00f6st\u0259rilir ki, (2.16-c\u0131 madd\u0259) valideyn-namiz\u0259din \u00f6vladl\u0131\u011fa u\u015faq g\u00f6t\u00fcrm\u0259k bar\u0259d\u0259 notarial qaydada t\u0259sdiq edil\u0259n \u0259riz\u0259si \u018fdliyy\u0259 Nazirliyinin &#8220;Elektron notariat&#8221; informasiya sistemi vasit\u0259sil\u0259 \u018f\u018fSMN-nin &#8220;Valideyn himay\u0259sind\u0259n m\u0259hrum olmu\u015f u\u015faqlar v\u0259 \u00f6vladl\u0131\u011fag\u00f6t\u00fcrm\u0259&#8221; altsistemin\u0259 \u00f6t\u00fcr\u00fcld\u00fckd\u0259n sonra valideyn-namiz\u0259d \u00f6vladl\u0131\u011fag\u00f6t\u00fcrm\u0259 il\u0259 ba\u011fl\u0131 m\u00fcraci\u0259t etm\u0259k \u00fc\u00e7\u00fcn Nazirliyin &#8220;e-sosial&#8221; internet portal\u0131nda qeydiyyatdan ke\u00e7m\u0259kl\u0259 \u00f6z \u015f\u0259xsi kabinetini yarad\u0131r.<\/p>\n<p>Nazirl\u0259r Kabinetinin 8 iyun 2020-ci il tarixli 193 n\u00f6mr\u0259li &#8220;Notariat h\u0259r\u0259k\u0259tl\u0259rinin apar\u0131lmas\u0131 qaydalar\u0131 haqq\u0131nda T\u0259limat\u0131n t\u0259sdiq edilm\u0259si bar\u0259d\u0259&#8221; NK-n\u0131n 2000-ci il 11 sentyabr tarixli 167 n\u00f6mr\u0259li Q\u0259rar\u0131nda d\u0259yi\u015fiklik edilm\u0259si haqq\u0131nda&#8221; Q\u0259rar\u0131 il\u0259 &#8220;Az\u0259rbaycan Respublikas\u0131nda notariat h\u0259r\u0259k\u0259tl\u0259rinin apar\u0131lmas\u0131 qaydalar\u0131 haqq\u0131nda T\u0259limat&#8221;\u0131n 7-ci hiss\u0259sin\u0259 d\u0259 bununla ba\u011fl\u0131 m\u00fcvafiq abzas \u0259lav\u0259 edilir. Bu abzasda n\u0259z\u0259rd\u0259 tutulur ki, valideyn himay\u0259sind\u0259n m\u0259hrum olmu\u015f u\u015faqlar\u0131 \u00f6vladl\u0131\u011fa g\u00f6t\u00fcrm\u0259yi arzu ed\u0259n \u015f\u0259xsl\u0259rin (valideyn-namiz\u0259d) \u00f6vladl\u0131\u011fa u\u015faq g\u00f6t\u00fcrm\u0259k bar\u0259d\u0259 \u018f\u018fSMN-\u0259 \u0259riz\u0259si notarial qaydada t\u0259sdiq edildikd\u0259n sonra h\u0259min Qaydan\u0131n 2.16-c\u0131 b\u0259ndin\u0259 m\u00fcvafiq olaraq &#8220;Elektron notariat&#8221; informasiya sistemi vasit\u0259sil\u0259 &#8220;Valideyn himay\u0259sind\u0259n m\u0259hrum olmu\u015f u\u015faqlar v\u0259 \u00f6vladl\u0131\u011fag\u00f6t\u00fcrm\u0259&#8221; altsistemin\u0259 \u00f6t\u00fcr\u00fcl\u00fcr. \u018friz\u0259d\u0259ki m\u0259lumatlarda, o c\u00fcml\u0259d\u0259n ail\u0259 t\u0259rkibind\u0259, el\u0259c\u0259 d\u0259 onlar\u0131n faktiki ya\u015fad\u0131\u011f\u0131 \u00fcnvanda d\u0259yi\u015fiklik olduqda valideyn-namiz\u0259din m\u0259lumatlar yenil\u0259nm\u0259kl\u0259 yeni \u0259riz\u0259si notarial qaydada t\u0259sdiql\u0259n\u0259r\u0259k 10 g\u00fcn m\u00fcdd\u0259tind\u0259 t\u0259krar olaraq altsistem\u0259 \u00f6t\u00fcr\u00fcl\u00fcr:<\/p>\n<p>&#8220;Valideyn-namiz\u0259din \u00f6vladl\u0131\u011fa u\u015faq g\u00f6t\u00fcrm\u0259k bar\u0259d\u0259 notarial qaydada t\u0259sdiq edil\u0259n \u0259riz\u0259si \u018fdliyy\u0259 Nazirliyinin e-sistemind\u0259n &#8220;Valideyn himay\u0259sind\u0259n m\u0259hrum olmu\u015f u\u015faqlar v\u0259 \u00f6vladl\u0131\u011fag\u00f6t\u00fcrm\u0259&#8221; altsistemin\u0259 \u00f6t\u00fcr\u00fcld\u00fckd\u0259n sonra valideyn-namiz\u0259d u\u00e7ota al\u0131n\u0131r.<\/p>\n<p>Bel\u0259likl\u0259, NK-n\u0131n bu q\u0259rar\u0131 \u00f6vladl\u0131\u011fag\u00f6t\u00fcrm\u0259 sah\u0259sin\u0259 idar\u0259etm\u0259 v\u0259 xidm\u0259tl\u0259rin elektron texnologiyalar vasit\u0259sil\u0259 apar\u0131lmas\u0131nda m\u00fcvafiq h\u00fcquqi t\u0259nziml\u0259m\u0259ni t\u0259min edir&#8221;.<\/p>\n","protected":false},"excerpt":{"rendered":"<p>\u018fm\u0259k v\u0259 \u018fhalinin Sosial M\u00fcdafi\u0259si Nazirliyi valideyn himay\u0259sind\u0259n m\u0259hrum olmu\u015f u\u015faqlar\u0131n \u00f6vladl\u0131\u011fa g\u00f6t\u00fcr\u00fclm\u0259si il\u0259 ba\u011fl\u0131 qanunvericiliy\u0259 edil\u0259n yeni d\u0259yi\u015fikliyin mahiyy\u0259tini a\u00e7\u0131qlay\u0131b. ARANTV.AZ\u00a0\u00a0Trend-\u0259 istinad\u0259n bildirir ki, nazirliyin \u0130ctimaiyy\u0259tl\u0259 \u0259laq\u0259l\u0259r v\u0259 kommunikasiya \u015f\u00f6b\u0259sinin m\u00fcdiri Fazil Tal\u0131bovun dediyin\u0259 g\u00f6r\u0259, \u00f6t\u0259n ilin noyabr ay\u0131ndan \u00f6lk\u0259mizd\u0259 \u00f6vladl\u0131\u011fag\u00f6t\u00fcrm\u0259 sah\u0259sin\u0259 idar\u0259etm\u0259 v\u0259 xidm\u0259tl\u0259r \u018fm\u0259k v\u0259 \u018fhalinin Sosial M\u00fcdafi\u0259si Nazirliyi t\u0259r\u0259find\u0259n elektron texnologiyalar \u00fcz\u0259rind\u0259n m\u00fcasir qaydada, \u015f\u0259ffaf h\u0259yata ke\u00e7irilir: Prezident \u0130lham \u018fliyevin 2020-ci il 27 fevral tarixli F\u0259rman\u0131 il\u0259 &#8220;Valideyn himay\u0259sind\u0259n m\u0259hrum olmu\u015f u\u015faqlar\u0131n \u00f6vladl\u0131\u011fa g\u00f6t\u00fcr\u00fclm\u0259si, o c\u00fcml\u0259d\u0259n Az\u0259rbaycan Respublikas\u0131n\u0131n v\u0259t\u0259nda\u015f\u0131 olan u\u015faqlar\u0131n \u0259cn\u0259bil\u0259r v\u0259 v\u0259t\u0259nda\u015fl\u0131\u011f\u0131 olmayan \u015f\u0259xsl\u0259r&hellip;<\/p>\n","protected":false},"author":2,"featured_media":178661,"comment_status":"closed","ping_status":"closed","sticky":false,"template":"","format":"standard","meta":{"om_disable_all_campaigns":false,"_monsterinsights_skip_tracking":false,"_monsterinsights_sitenote_active":false,"_monsterinsights_sitenote_note":"","_monsterinsights_sitenote_category":0},"categories":[26],"tags":[],"aioseo_notices":[],"gutentor_comment":0,"rttpg_featured_image_url":{"full":["https:\/\/arantv.az\/wp-content\/uploads\/2020\/06\/389gt45.jpg",800,600,false],"landscape":["https:\/\/arantv.az\/wp-content\/uploads\/2020\/06\/389gt45.jpg",800,600,false],"portraits":["https:\/\/arantv.az\/wp-content\/uploads\/2020\/06\/389gt45.jpg",800,600,false],"thumbnail":["https:\/\/arantv.az\/wp-content\/uploads\/2020\/06\/389gt45-150x150.jpg",150,150,true],"medium":["https:\/\/arantv.az\/wp-content\/uploads\/2020\/06\/389gt45-300x225.jpg",300,225,true],"large":["https:\/\/arantv.az\/wp-content\/uploads\/2020\/06\/389gt45.jpg",640,480,false],"1536x1536":["https:\/\/arantv.az\/wp-content\/uploads\/2020\/06\/389gt45.jpg",800,600,false],"2048x2048":["https:\/\/arantv.az\/wp-content\/uploads\/2020\/06\/389gt45.jpg",800,600,false],"post-thumbnail":["https:\/\/arantv.az\/wp-content\/uploads\/2020\/06\/389gt45-240x172.jpg",240,172,true],"advps-thumb-one":["https:\/\/arantv.az\/wp-content\/uploads\/2020\/06\/389gt45.jpg",800,600,false]},"rttpg_author":{"display_name":"V\u00fcsal Rafiqo\u011flu","author_link":"https:\/\/arantv.az\/?author=2"},"rttpg_comment":0,"rttpg_category":"<a href=\"https:\/\/arantv.az\/?cat=26\" rel=\"category\">Sosial<\/a>","rttpg_excerpt":"\u018fm\u0259k v\u0259 \u018fhalinin Sosial M\u00fcdafi\u0259si Nazirliyi valideyn himay\u0259sind\u0259n m\u0259hrum olmu\u015f u\u015faqlar\u0131n \u00f6vladl\u0131\u011fa g\u00f6t\u00fcr\u00fclm\u0259si il\u0259 ba\u011fl\u0131 qanunvericiliy\u0259 edil\u0259n yeni d\u0259yi\u015fikliyin mahiyy\u0259tini a\u00e7\u0131qlay\u0131b. ARANTV.AZ\u00a0\u00a0Trend-\u0259 istinad\u0259n bildirir ki, nazirliyin \u0130ctimaiyy\u0259tl\u0259 \u0259laq\u0259l\u0259r v\u0259 kommunikasiya \u015f\u00f6b\u0259sinin m\u00fcdiri Fazil Tal\u0131bovun dediyin\u0259 g\u00f6r\u0259, \u00f6t\u0259n ilin noyabr ay\u0131ndan \u00f6lk\u0259mizd\u0259 \u00f6vladl\u0131\u011fag\u00f6t\u00fcrm\u0259 sah\u0259sin\u0259 idar\u0259etm\u0259 v\u0259 xidm\u0259tl\u0259r \u018fm\u0259k v\u0259 \u018fhalinin Sosial M\u00fcdafi\u0259si Nazirliyi t\u0259r\u0259find\u0259n elektron texnologiyalar&hellip;","_links":{"self":[{"href":"https:\/\/arantv.az\/index.php?rest_route=\/wp\/v2\/posts\/178660"}],"collection":[{"href":"https:\/\/arantv.az\/index.php?rest_route=\/wp\/v2\/posts"}],"about":[{"href":"https:\/\/arantv.az\/index.php?rest_route=\/wp\/v2\/types\/post"}],"author":[{"embeddable":true,"href":"https:\/\/arantv.az\/index.php?rest_route=\/wp\/v2\/users\/2"}],"replies":[{"embeddable":true,"href":"https:\/\/arantv.az\/index.php?rest_route=%2Fwp%2Fv2%2Fcomments&post=178660"}],"version-history":[{"count":0,"href":"https:\/\/arantv.az\/index.php?rest_route=\/wp\/v2\/posts\/178660\/revisions"}],"wp:featuredmedia":[{"embeddable":true,"href":"https:\/\/arantv.az\/index.php?rest_route=\/wp\/v2\/media\/178661"}],"wp:attachment":[{"href":"https:\/\/arantv.az\/index.php?rest_route=%2Fwp%2Fv2%2Fmedia&parent=178660"}],"wp:term":[{"taxonomy":"category","embeddable":true,"href":"https:\/\/arantv.az\/index.php?rest_route=%2Fwp%2Fv2%2Fcategories&post=178660"},{"taxonomy":"post_tag","embeddable":true,"href":"https:\/\/arantv.az\/index.php?rest_route=%2Fwp%2Fv2%2Ftags&post=178660"}],"curies":[{"name":"wp","href":"https:\/\/api.w.org\/{rel}","templated":true}]}}