{"id":17867,"date":"2018-10-09T13:44:47","date_gmt":"2018-10-09T10:44:47","guid":{"rendered":"http:\/\/arantv.az\/?p=17867"},"modified":"2018-10-09T13:44:47","modified_gmt":"2018-10-09T10:44:47","slug":"bakida-az%c9%99rbaycan-almaniya-biznes-forumu-kecirilir","status":"publish","type":"post","link":"https:\/\/arantv.az\/?p=17867","title":{"rendered":"Bak\u0131da Az\u0259rbaycan-Almaniya Biznes Forumu ke\u00e7irilir"},"content":{"rendered":"<p><strong>ARANTV.AZ<\/strong> x\u0259b\u0259r verir ki, \u201c\u0130lin sonunad\u0259k Almaniya t\u0259r\u0259find\u0259n\u00a0 &#8220;C\u0259nub Qaz D\u0259hlizi&#8221; layih\u0259sin\u0259 1,5 milyard dollarad\u0259k kredit c\u0259lb olunacaq. Bu bar\u0259d\u0259 Bak\u0131da ke\u00e7iril\u0259n Az\u0259rbaycan-Almaniya Biznes Forumunda bildirilib. H\u0259m\u00e7inin qeyd edilib ki, Bak\u0131da v\u0259 Ab\u015feron yar\u0131madas\u0131nda m\u00fcasir elektrik enerjisi t\u0259chizat\u0131n\u0131n qurulmas\u0131nda Alman \u015firk\u0259tinin t\u0259cr\u00fcb\u0259sind\u0259n istifad\u0259 edil\u0259 bil\u0259r.<\/p>\n<p>Az\u0259rbaycan-Almaniya Biznes Forumunun \u0259sas m\u0259qs\u0259di alman \u015firk\u0259tl\u0259ri v\u0259 onlar\u0131n Az\u0259rbaycandak\u0131 t\u0259r\u0259fda\u015flar\u0131n\u0131n layih\u0259 v\u0259 t\u0259klifl\u0259rini t\u0259qdim etm\u0259k, m\u00fcvafiq sah\u0259l\u0259rd\u0259 i\u015fg\u00fczar \u0259m\u0259kda\u015fl\u0131q qurmaq \u00fc\u00e7\u00fcn m\u00f6vcud imkanlar\u0131 m\u00fczakir\u0259 etm\u0259kdir. \u201c\u0130qtisadiyyat\u0131n b\u00fct\u00fcn sferalar\u0131nda r\u0259q\u0259msalla\u015fmaya \u00fcst\u00fcnl\u00fck verilir. Energetika sah\u0259sind\u0259 y\u00fcks\u0259k inki\u015faf \u0259ld\u0259 ed\u0259n Az\u0259rbaycan h\u00f6kum\u0259ti \u00fc\u00e7\u00fcn d\u0259 bu, aktual m\u0259s\u0259l\u0259dir\u201d. Almaniya -Az\u0259rbaycan ticar\u0259t Palatas\u0131n\u0131n icra\u00e7\u0131 direktoru Tobias Baumann bel\u0259 dedi. Energetika nazirinin m\u00fcavini Natiq Abbasov is\u0259 vur\u011fulad\u0131 ki, iki \u00f6lk\u0259 aras\u0131nda enerji sah\u0259sind\u0259 \u0259m\u0259kda\u015fl\u0131\u011f\u0131n geni\u015fl\u0259ndirilm\u0259si \u00fc\u00e7\u00fcn \u0259lveri\u015fli imkanlar var.<\/p>\n<p>Nazir m\u00fcavini enerji sah\u0259sind\u0259 Az\u0259rbaycan-Almaniya \u0259m\u0259kda\u015fl\u0131\u011f\u0131n\u0131n inki\u015faf\u0131nda Almaniyan\u0131n\u00a0\u201cUniper\u201d\u00a0\u015firk\u0259tinin rolundan b\u0259hs etdi.\u00a0 O, &#8220;\u015eahd\u0259niz-2\u201d \u00e7\u0259r\u00e7iv\u0259sind\u0259 hasil edil\u0259c\u0259k qaz\u0131n al\u0131c\u0131lar\u0131ndan birinin bu \u015firk\u0259t oldu\u011funu xat\u0131rlatd\u0131. V\u0259 Ab\u015feron yar\u0131madas\u0131nda m\u00fcasir elektrik enerjisi t\u0259chizat\u0131n\u0131n qurulmas\u0131nda onlar\u0131n t\u0259cr\u00fcb\u0259sinin t\u0259tbiq olunaca\u011f\u0131n\u0131\u00a0 istisna etm\u0259di. \u201c\u0130lin sonunad\u0259k Almaniya t\u0259r\u0259find\u0259n\u00a0 &#8220;C\u0259nub Qaz D\u0259hlizi&#8221; layih\u0259sin\u0259 1,5 milyard dollarad\u0259k kredit c\u0259lb olunacaq\u201d dey\u0259n SOCAR-\u0131n s\u0259rmay\u0259l\u0259r v\u0259 marketinq \u00fczr\u0259 vitse-prezidentinin m\u00fcavini Vitali B\u0259yl\u0259rb\u0259yov \u0259lav\u0259 etdi ki, C\u0259nub Qaz D\u0259hlizi \u0259n uzun boru k\u0259m\u0259rl\u0259ri z\u0259nciridir. Almaniyan\u0131n Az\u0259rbaycandak\u0131 s\u0259firinin m\u00fcavini Andrea Z\u00fchl C\u0259nubi Qafqaz regionunda Az\u0259rbaycan\u0131n Almaniyan\u0131n \u0259sas t\u0259r\u0259fda\u015f\u0131 oldu\u011funu vur\u011fulad\u0131.<\/p>\n<p>Forum Almaniyan\u0131n \u015e\u0259rq Komit\u0259si v\u0259 \u015e\u0259rqi Avropa \u0130qtisadi Birliyi il\u0259 \u0259m\u0259kda\u015fl\u0131q \u00e7\u0259r\u00e7iv\u0259sind\u0259 t\u0259\u015fkil olunub.<\/p>\n<p>&nbsp;<\/p>\n","protected":false},"excerpt":{"rendered":"<p>ARANTV.AZ x\u0259b\u0259r verir ki, \u201c\u0130lin sonunad\u0259k Almaniya t\u0259r\u0259find\u0259n\u00a0 &#8220;C\u0259nub Qaz D\u0259hlizi&#8221; layih\u0259sin\u0259 1,5 milyard dollarad\u0259k kredit c\u0259lb olunacaq. Bu bar\u0259d\u0259 Bak\u0131da ke\u00e7iril\u0259n Az\u0259rbaycan-Almaniya Biznes Forumunda bildirilib. H\u0259m\u00e7inin qeyd edilib ki, Bak\u0131da v\u0259 Ab\u015feron yar\u0131madas\u0131nda m\u00fcasir elektrik enerjisi t\u0259chizat\u0131n\u0131n qurulmas\u0131nda Alman \u015firk\u0259tinin t\u0259cr\u00fcb\u0259sind\u0259n istifad\u0259 edil\u0259 bil\u0259r. Az\u0259rbaycan-Almaniya Biznes Forumunun \u0259sas m\u0259qs\u0259di alman \u015firk\u0259tl\u0259ri v\u0259 onlar\u0131n Az\u0259rbaycandak\u0131 t\u0259r\u0259fda\u015flar\u0131n\u0131n layih\u0259 v\u0259 t\u0259klifl\u0259rini t\u0259qdim etm\u0259k, m\u00fcvafiq sah\u0259l\u0259rd\u0259 i\u015fg\u00fczar \u0259m\u0259kda\u015fl\u0131q qurmaq \u00fc\u00e7\u00fcn m\u00f6vcud imkanlar\u0131 m\u00fczakir\u0259 etm\u0259kdir. \u201c\u0130qtisadiyyat\u0131n b\u00fct\u00fcn sferalar\u0131nda r\u0259q\u0259msalla\u015fmaya \u00fcst\u00fcnl\u00fck verilir. Energetika sah\u0259sind\u0259 y\u00fcks\u0259k inki\u015faf \u0259ld\u0259 ed\u0259n Az\u0259rbaycan h\u00f6kum\u0259ti \u00fc\u00e7\u00fcn d\u0259 bu, aktual m\u0259s\u0259l\u0259dir\u201d.&hellip;<\/p>\n","protected":false},"author":2,"featured_media":17868,"comment_status":"closed","ping_status":"closed","sticky":false,"template":"","format":"standard","meta":{"om_disable_all_campaigns":false,"_monsterinsights_skip_tracking":false,"_monsterinsights_sitenote_active":false,"_monsterinsights_sitenote_note":"","_monsterinsights_sitenote_category":0},"categories":[19],"tags":[],"aioseo_notices":[],"gutentor_comment":0,"rttpg_featured_image_url":{"full":["https:\/\/arantv.az\/wp-content\/uploads\/2018\/10\/t8ejrslj0g4e9quvv16dtandi7azaz.jpg",554,360,false],"landscape":["https:\/\/arantv.az\/wp-content\/uploads\/2018\/10\/t8ejrslj0g4e9quvv16dtandi7azaz.jpg",554,360,false],"portraits":["https:\/\/arantv.az\/wp-content\/uploads\/2018\/10\/t8ejrslj0g4e9quvv16dtandi7azaz.jpg",554,360,false],"thumbnail":["https:\/\/arantv.az\/wp-content\/uploads\/2018\/10\/t8ejrslj0g4e9quvv16dtandi7azaz-150x150.jpg",150,150,true],"medium":["https:\/\/arantv.az\/wp-content\/uploads\/2018\/10\/t8ejrslj0g4e9quvv16dtandi7azaz-300x195.jpg",300,195,true],"large":["https:\/\/arantv.az\/wp-content\/uploads\/2018\/10\/t8ejrslj0g4e9quvv16dtandi7azaz.jpg",554,360,false],"1536x1536":["https:\/\/arantv.az\/wp-content\/uploads\/2018\/10\/t8ejrslj0g4e9quvv16dtandi7azaz.jpg",554,360,false],"2048x2048":["https:\/\/arantv.az\/wp-content\/uploads\/2018\/10\/t8ejrslj0g4e9quvv16dtandi7azaz.jpg",554,360,false],"post-thumbnail":["https:\/\/arantv.az\/wp-content\/uploads\/2018\/10\/t8ejrslj0g4e9quvv16dtandi7azaz-240x172.jpg",240,172,true],"advps-thumb-one":["https:\/\/arantv.az\/wp-content\/uploads\/2018\/10\/t8ejrslj0g4e9quvv16dtandi7azaz.jpg",554,360,false]},"rttpg_author":{"display_name":"V\u00fcsal Rafiqo\u011flu","author_link":"https:\/\/arantv.az\/?author=2"},"rttpg_comment":0,"rttpg_category":"<a href=\"https:\/\/arantv.az\/?cat=19\" rel=\"category\">G\u00fcnd\u0259m<\/a>","rttpg_excerpt":"ARANTV.AZ x\u0259b\u0259r verir ki, \u201c\u0130lin sonunad\u0259k Almaniya t\u0259r\u0259find\u0259n\u00a0 &#8220;C\u0259nub Qaz D\u0259hlizi&#8221; layih\u0259sin\u0259 1,5 milyard dollarad\u0259k kredit c\u0259lb olunacaq. Bu bar\u0259d\u0259 Bak\u0131da ke\u00e7iril\u0259n Az\u0259rbaycan-Almaniya Biznes Forumunda bildirilib. H\u0259m\u00e7inin qeyd edilib ki, Bak\u0131da v\u0259 Ab\u015feron yar\u0131madas\u0131nda m\u00fcasir elektrik enerjisi t\u0259chizat\u0131n\u0131n qurulmas\u0131nda Alman \u015firk\u0259tinin t\u0259cr\u00fcb\u0259sind\u0259n istifad\u0259 edil\u0259 bil\u0259r. Az\u0259rbaycan-Almaniya Biznes Forumunun \u0259sas m\u0259qs\u0259di alman \u015firk\u0259tl\u0259ri v\u0259 onlar\u0131n Az\u0259rbaycandak\u0131&hellip;","_links":{"self":[{"href":"https:\/\/arantv.az\/index.php?rest_route=\/wp\/v2\/posts\/17867"}],"collection":[{"href":"https:\/\/arantv.az\/index.php?rest_route=\/wp\/v2\/posts"}],"about":[{"href":"https:\/\/arantv.az\/index.php?rest_route=\/wp\/v2\/types\/post"}],"author":[{"embeddable":true,"href":"https:\/\/arantv.az\/index.php?rest_route=\/wp\/v2\/users\/2"}],"replies":[{"embeddable":true,"href":"https:\/\/arantv.az\/index.php?rest_route=%2Fwp%2Fv2%2Fcomments&post=17867"}],"version-history":[{"count":0,"href":"https:\/\/arantv.az\/index.php?rest_route=\/wp\/v2\/posts\/17867\/revisions"}],"wp:featuredmedia":[{"embeddable":true,"href":"https:\/\/arantv.az\/index.php?rest_route=\/wp\/v2\/media\/17868"}],"wp:attachment":[{"href":"https:\/\/arantv.az\/index.php?rest_route=%2Fwp%2Fv2%2Fmedia&parent=17867"}],"wp:term":[{"taxonomy":"category","embeddable":true,"href":"https:\/\/arantv.az\/index.php?rest_route=%2Fwp%2Fv2%2Fcategories&post=17867"},{"taxonomy":"post_tag","embeddable":true,"href":"https:\/\/arantv.az\/index.php?rest_route=%2Fwp%2Fv2%2Ftags&post=17867"}],"curies":[{"name":"wp","href":"https:\/\/api.w.org\/{rel}","templated":true}]}}