{"id":17879,"date":"2018-10-09T13:51:34","date_gmt":"2018-10-09T10:51:34","guid":{"rendered":"http:\/\/arantv.az\/?p=17879"},"modified":"2018-10-09T13:51:34","modified_gmt":"2018-10-09T10:51:34","slug":"arvadim-m%c9%99niml%c9%99-yataga-girm%c9%99m%c9%99k-ucun-anasigil%c9%99-qacirdi-h%c9%99yat-yoldasinin-basini-k%c9%99s%c9%99n-xacmaz-sakini","status":"publish","type":"post","link":"https:\/\/arantv.az\/?p=17879","title":{"rendered":"\u201cArvad\u0131m m\u0259niml\u0259 yata\u011fa girm\u0259m\u0259k \u00fc\u00e7\u00fcn anas\u0131gil\u0259 qa\u00e7\u0131rd\u0131\u201d &#8211; H\u0259yat yolda\u015f\u0131n\u0131n ba\u015f\u0131n\u0131 k\u0259s\u0259n Xa\u00e7maz sakini"},"content":{"rendered":"<p><strong>Arvad\u0131n\u0131 onunla yata\u011fa girm\u0259diyin\u0259 g\u00f6r\u0259 \u00f6ld\u00fcr\u0259n \u0259r Ali M\u0259hk\u0259m\u0259y\u0259 kassasiya \u015fikay\u0259ti edib.<\/strong><\/p>\n<p><strong>ARANTV.AZ<\/strong> \u00f6lk\u0259.az-a istinad\u0259n x\u0259b\u0259r verir ki, arvad\u0131n\u0131 \u00f6ld\u00fcrd\u00fcy\u00fcn\u0259 g\u00f6r\u0259, m\u0259hkum olunan Xa\u00e7maz rayon sakini, 1974-c\u00fc il t\u0259v\u0259ll\u00fcdl\u00fc Eynulla Musayev \u015fikay\u0259tind\u0259 c\u0259zas\u0131n\u0131n azald\u0131lmas\u0131n\u0131 ist\u0259yib.<\/p>\n<p>Xat\u0131rladaq ki, 2013-c\u00fc il may\u0131n 27-d\u0259 Xa\u00e7maz rayonunun K\u00f6hn\u0259 Xa\u00e7maz k\u0259ndind\u0259 olan evind\u0259 h\u0259yat yolda\u015f\u0131 \u015e\u0259rqiyy\u0259 il\u0259 cinsi \u0259laq\u0259d\u0259 olmaq ist\u0259yib.<br \/>\nLakin \u015e\u0259rqiyy\u0259 ona kobud cavab verib. Eynulla arvad\u0131n\u0131n x\u0259yan\u0259t etdiyini d\u00fc\u015f\u00fcn\u00fcb v\u0259 onu b\u0131\u00e7aqlay\u0131b.<\/p>\n<p>Bak\u0131 A\u011f\u0131r Cinay\u0259tl\u0259r M\u0259hk\u0259m\u0259sind\u0259 hakim Ramella Allahverdiyevan\u0131n s\u0259drliyi il\u0259 ke\u00e7iril\u0259n prosesd\u0259 m\u00fctt\u0259him \u00f6z\u00fcn\u00fc t\u0259qsirli bilib v\u0259 deyib ki, \u015e\u0259rqiyy\u0259d\u0259n iki \u00f6vlad\u0131 var:<\/p>\n<p>&#8220;Arvad\u0131m m\u0259ni adam yerin\u0259 saym\u0131rd\u0131, m\u0259n\u0259 x\u0259yan\u0259t edirdi. \u015e\u0259rqiyy\u0259 onunla yax\u0131nl\u0131q etm\u0259yim\u0259 imkan vermirdi. Eyni evd\u0259 ya\u015fay\u0131rd\u0131q, amma birg\u0259 yatm\u0131rd\u0131q. Buna g\u00f6r\u0259 d\u0259 aram\u0131zda s\u00f6z-s\u00f6hb\u0259tl\u0259r olurdu. Ona bir s\u00f6z dey\u0259n kimi anas\u0131gil\u0259 qa\u00e7\u0131rd\u0131. Anas\u0131gil\u0259 qa\u00e7maqda m\u0259qs\u0259di m\u0259niml\u0259 yata\u011fa girm\u0259k ist\u0259m\u0259m\u0259si olub. Onun ba\u015fqalar\u0131 il\u0259 g\u00f6r\u00fc\u015fm\u0259sind\u0259n \u015f\u00fcbh\u0259l\u0259nirdim. O, ba\u015fqa ki\u015fi il\u0259 \u0259laq\u0259 saxlay\u0131rd\u0131, g\u00f6r\u00fc\u015f\u00fcrd\u00fc. Buna g\u00f6r\u0259 d\u0259 \u00f6ld\u00fcrm\u00fc\u015f\u0259m&#8221;.<\/p>\n<p>Pe\u015fman oldu\u011funu dey\u0259n Eynulla Musayev arvad\u0131n\u0131 d\u0259f\u0259l\u0259rl\u0259 d\u00f6ym\u0259yind\u0259n dan\u0131\u015f\u0131b. Onun s\u00f6zl\u0259rin\u0259 g\u00f6r\u0259, \u015e\u0259rqiyy\u0259nin ba\u015fqa ki\u015fi il\u0259 g\u00f6r\u00fc\u015fd\u00fcy\u00fcn\u00fc d\u0259qiq bilib:<\/p>\n<p>&#8220;Onun g\u00f6r\u00fc\u015fd\u00fcy\u00fc ki\u015fi evim\u0259 d\u0259 g\u0259lib. Amma kim oldu\u011funu bilm\u0259mi\u015f\u0259m. Buna g\u00f6r\u0259 d\u0259 \u015e\u0259rqiyy\u0259ni \u0259vv\u0259lc\u0259d\u0259n \u00f6ld\u00fcrm\u0259yi planla\u015fd\u0131rm\u0131\u015fam. \u015e\u0259rqiyy\u0259ni h\u0259y\u0259timizd\u0259 olan yar\u0131m\u00e7\u0131q tikilid\u0259 b\u0131\u00e7aqla vurdum. Onun \u00f6lm\u0259sin\u0259 \u0259min olandan sonra polis \u015f\u00f6b\u0259sin\u0259 getdim. Orada arvad\u0131m\u0131 namus \u00fcst\u00fcnd\u0259 \u00f6ld\u00fcrd\u00fcy\u00fcm\u00fc etiraf etdim&#8221;.<\/p>\n<p>Eynulla Musayev gec\u0259l\u0259r rahat yata bilmir: &#8220;Gec\u0259l\u0259r yata bilmir\u0259m, g\u00f6zl\u0259rim\u0259 yuxu getmir. G\u00f6z\u00fcm\u00fc yuman kimi arvad\u0131m yuxuma girir. Onun \u00f6ld\u00fcrd\u00fcy\u00fcm\u0259 g\u00f6r\u0259 pe\u015fmanam&#8221;.<\/p>\n<p>Daha sonra m\u0259rhumun anas\u0131 Raziyy\u0259 \u018fmirova q\u0131z\u0131n\u0131n ail\u0259sind\u0259 son ill\u0259r probleml\u0259rin olma\u011f\u0131ndan dan\u0131\u015f\u0131b. Onun s\u00f6zl\u0259rin\u0259 g\u00f6r\u0259, \u0259ri t\u0259r\u0259find\u0259n d\u00f6y\u00fcl\u0259n q\u0131z\u0131 tez-tez onun evin\u0259 g\u0259lirmi\u015f:<\/p>\n<p>&#8220;Eynulla i\u00e7ib s\u0259rxo\u015f olurdu, q\u0131z\u0131m\u0131 d\u00f6y\u00fcrd\u00fc. Buna g\u00f6r\u0259 d\u0259 tez-tez biz\u0259 g\u0259lirdi. Ona deyirdim ki, Eynulladan s\u0259n\u0259 \u0259r olmaz, m\u0259hk\u0259m\u0259 yolu il\u0259 bo\u015fan. Q\u0131z\u0131m\u0131n azya\u015fl\u0131 u\u015faqlar\u0131na yaz\u0131\u011f\u0131 g\u0259lirdi. Buna g\u00f6r\u0259 d\u0259 \u0259rind\u0259n bo\u015fanma\u011fa raz\u0131 olmurdu. M\u0259nim q\u0131z\u0131m he\u00e7 vaxt Eynullaya x\u0259yan\u0259t etm\u0259yib. \u018fr\u0259 ged\u0259nd\u0259n balaca bir damda qal\u0131b. Z\u00fclm \u00e7\u0259k\u0259-\u00e7\u0259k\u0259 ev tikmi\u015fdi. H\u0259min tikdiyi evd\u0259 rahat ya\u015faya bilm\u0259di. Eynulla q\u0131z\u0131m\u0131n qatilidir, ona \u0259n a\u011f\u0131r c\u0259zan\u0131n verilm\u0259yini xahi\u015f edir\u0259m&#8221;.<br \/>\nRaziyy\u0259 \u018fmirova Eynulla Musayevin q\u0131z\u0131na verdiyi i\u015fg\u0259nc\u0259l\u0259rd\u0259n dan\u0131\u015f\u0131b: &#8220;Q\u0131z\u0131m deyirdi ki, Eynullan\u0131n h\u0259r\u0259k\u0259tl\u0259rind\u0259n qorxur. O, h\u0259mi\u015f\u0259 qorxu i\u00e7ind\u0259 olurdu&#8221;.<\/p>\n<div id=\"AdributorNativeVideo0\" class=\"AdributorNativeVideo\"><\/div>\n<p>Eynulla Musayev is\u0259 qay\u0131nanas\u0131n\u0131n yalan dan\u0131\u015fd\u0131\u011f\u0131n\u0131 deyib:<\/p>\n<p>&#8220;Raziyy\u0259 bizim probleml\u0259rimizi h\u0259ll etm\u0259k \u00fc\u00e7\u00fcn q\u0131z\u0131na bir s\u00f6z dem\u0259di. M\u0259n\u0259 a\u011fz\u0131na g\u0259l\u0259ni dedi, m\u0259ni s\u00f6y\u00fcb, t\u0259hqir etdi. Arvad\u0131m\u0131 g\u0259tirm\u0259k \u00fc\u00e7\u00fcn qay\u0131nanamgil\u0259 gedirdim. Qay\u0131nanam iti a\u00e7\u0131b \u00fcst\u00fcm\u0259 burax\u0131rd\u0131. Amma q\u0131z\u0131na dem\u0259zdi ki, n\u0259y\u0259 g\u00f6r\u0259 \u0259r evini t\u0259rk edibs\u0259n. Bu qad\u0131n da bizim ail\u0259nin bu v\u0259ziyy\u0259t\u0259 g\u0259lm\u0259sind\u0259 g\u00fcnahkard\u0131r&#8221;.<\/p>\n<p>Eynulla Musayev m\u0259hk\u0259m\u0259 zal\u0131nda olan arvad\u0131n\u0131n qohumlar\u0131n\u0131 h\u0259d\u0259l\u0259yib: &#8220;M\u0259n d\u0259 i\u015fimi bilir\u0259m. He\u00e7 kim h\u0259bsd\u0259 qalan deyil. Buradan m\u0259n d\u0259 \u00e7\u0131xaca\u011fam. Onda sizinl\u0259 g\u00f6r\u00fc\u015f\u0259c\u0259y\u0259m&#8221;.<\/p>\n<p>Ail\u0259nin 16 ya\u015fl\u0131 o\u011flu H\u0259s\u0259n Musayev hadis\u0259 vaxt\u0131 evd\u0259 olmad\u0131\u011f\u0131n\u0131 deyib. Onun s\u00f6zl\u0259rin\u0259 g\u00f6r\u0259, i\u015fd\u0259 olan zaman ona z\u0259ng g\u0259lib:<\/p>\n<p>&#8220;Ev\u0259 g\u0259ldim. Dedil\u0259r ki, Eynulla anamla dala\u015f\u0131b, x\u0259st\u0259xanaya apar\u0131blar. M\u0259n d\u0259 x\u0259st\u0259xanaya getdim. Orada anam art\u0131q \u00f6lm\u00fc\u015fd\u00fc. K\u0259nd\u0259 qay\u0131danda bildim ki, Eynulla anam\u0131 \u00f6ld\u00fcr\u00fcb. O, \u0259vv\u0259ll\u0259r anamla tez-tez m\u00fcbahis\u0259 edirdi, anama t\u0259rbiy\u0259siz s\u00f6zl\u0259r deyirdi. Ham\u0131s\u0131n\u0131 yalan dan\u0131\u015f\u0131r. Anam \u0259xlaql\u0131 qad\u0131n idi. He\u00e7 bir s\u0259b\u0259b olmadan dava edirdi. Anam\u0131 torpa\u011fa tap\u015f\u0131ran g\u00fcn\u00fc Eynullan\u0131 atal\u0131qdan silmi\u015f\u0259m. O, art\u0131q m\u0259nim atam deyil. H\u0259mi\u015f\u0259 anam\u0131 da, bizi d\u0259 daim qorxu i\u00e7ind\u0259 saxlay\u0131b&#8221;.<\/p>\n<p>Eynulla Musayevin 14 ya\u015fl\u0131 q\u0131z\u0131 Aytac Musayeva deyib ki, atas\u0131 anas\u0131 il\u0259 tez-tez dala\u015f\u0131rm\u0131\u015f:<\/p>\n<p>&#8220;\u00dc\u00e7 g\u00fcn \u0259vv\u0259l atam anamla dala\u015fm\u0131\u015fd\u0131. Atam dala\u015fanda anam\u0131 s\u00f6y\u00fcrd\u00fc. Anam gilas ba\u011flar\u0131nda, \u00e7iy\u0259l\u0259k sah\u0259l\u0259rind\u0259 i\u015fl\u0259yib, pul qazan\u0131rd\u0131, bizi d\u0259 doland\u0131r\u0131rd\u0131. Anam z\u0259hm\u0259tke\u015f olub&#8221;.<\/p>\n<p>M\u0259rhumun qarda\u015f\u0131 El\u015f\u0259n \u018fmirov deyib ki, Eynulla bac\u0131s\u0131na b\u00f6htan at\u0131r. Bac\u0131s\u0131 namuslu qad\u0131n olub.<\/p>\n","protected":false},"excerpt":{"rendered":"<p>Arvad\u0131n\u0131 onunla yata\u011fa girm\u0259diyin\u0259 g\u00f6r\u0259 \u00f6ld\u00fcr\u0259n \u0259r Ali M\u0259hk\u0259m\u0259y\u0259 kassasiya \u015fikay\u0259ti edib. ARANTV.AZ \u00f6lk\u0259.az-a istinad\u0259n x\u0259b\u0259r verir ki, arvad\u0131n\u0131 \u00f6ld\u00fcrd\u00fcy\u00fcn\u0259 g\u00f6r\u0259, m\u0259hkum olunan Xa\u00e7maz rayon sakini, 1974-c\u00fc il t\u0259v\u0259ll\u00fcdl\u00fc Eynulla Musayev \u015fikay\u0259tind\u0259 c\u0259zas\u0131n\u0131n azald\u0131lmas\u0131n\u0131 ist\u0259yib. Xat\u0131rladaq ki, 2013-c\u00fc il may\u0131n 27-d\u0259 Xa\u00e7maz rayonunun K\u00f6hn\u0259 Xa\u00e7maz k\u0259ndind\u0259 olan evind\u0259 h\u0259yat yolda\u015f\u0131 \u015e\u0259rqiyy\u0259 il\u0259 cinsi \u0259laq\u0259d\u0259 olmaq ist\u0259yib. Lakin \u015e\u0259rqiyy\u0259 ona kobud cavab verib. Eynulla arvad\u0131n\u0131n x\u0259yan\u0259t etdiyini d\u00fc\u015f\u00fcn\u00fcb v\u0259 onu b\u0131\u00e7aqlay\u0131b. Bak\u0131 A\u011f\u0131r Cinay\u0259tl\u0259r M\u0259hk\u0259m\u0259sind\u0259 hakim Ramella Allahverdiyevan\u0131n s\u0259drliyi il\u0259 ke\u00e7iril\u0259n prosesd\u0259 m\u00fctt\u0259him \u00f6z\u00fcn\u00fc t\u0259qsirli bilib v\u0259 deyib ki, \u015e\u0259rqiyy\u0259d\u0259n iki&hellip;<\/p>\n","protected":false},"author":2,"featured_media":17880,"comment_status":"closed","ping_status":"closed","sticky":false,"template":"","format":"standard","meta":{"om_disable_all_campaigns":false,"_monsterinsights_skip_tracking":false,"_monsterinsights_sitenote_active":false,"_monsterinsights_sitenote_note":"","_monsterinsights_sitenote_category":0},"categories":[3],"tags":[],"aioseo_notices":[],"gutentor_comment":0,"rttpg_featured_image_url":{"full":["https:\/\/arantv.az\/wp-content\/uploads\/2018\/10\/1027439_7de5cd49f15a2fd89df0eee45c6b5d8b.jpg",491,332,false],"landscape":["https:\/\/arantv.az\/wp-content\/uploads\/2018\/10\/1027439_7de5cd49f15a2fd89df0eee45c6b5d8b.jpg",491,332,false],"portraits":["https:\/\/arantv.az\/wp-content\/uploads\/2018\/10\/1027439_7de5cd49f15a2fd89df0eee45c6b5d8b.jpg",491,332,false],"thumbnail":["https:\/\/arantv.az\/wp-content\/uploads\/2018\/10\/1027439_7de5cd49f15a2fd89df0eee45c6b5d8b-150x150.jpg",150,150,true],"medium":["https:\/\/arantv.az\/wp-content\/uploads\/2018\/10\/1027439_7de5cd49f15a2fd89df0eee45c6b5d8b-300x203.jpg",300,203,true],"large":["https:\/\/arantv.az\/wp-content\/uploads\/2018\/10\/1027439_7de5cd49f15a2fd89df0eee45c6b5d8b.jpg",491,332,false],"1536x1536":["https:\/\/arantv.az\/wp-content\/uploads\/2018\/10\/1027439_7de5cd49f15a2fd89df0eee45c6b5d8b.jpg",491,332,false],"2048x2048":["https:\/\/arantv.az\/wp-content\/uploads\/2018\/10\/1027439_7de5cd49f15a2fd89df0eee45c6b5d8b.jpg",491,332,false],"post-thumbnail":["https:\/\/arantv.az\/wp-content\/uploads\/2018\/10\/1027439_7de5cd49f15a2fd89df0eee45c6b5d8b-240x172.jpg",240,172,true],"advps-thumb-one":["https:\/\/arantv.az\/wp-content\/uploads\/2018\/10\/1027439_7de5cd49f15a2fd89df0eee45c6b5d8b.jpg",491,332,false]},"rttpg_author":{"display_name":"V\u00fcsal Rafiqo\u011flu","author_link":"https:\/\/arantv.az\/?author=2"},"rttpg_comment":0,"rttpg_category":"<a href=\"https:\/\/arantv.az\/?cat=3\" rel=\"category\">Kriminal<\/a>","rttpg_excerpt":"Arvad\u0131n\u0131 onunla yata\u011fa girm\u0259diyin\u0259 g\u00f6r\u0259 \u00f6ld\u00fcr\u0259n \u0259r Ali M\u0259hk\u0259m\u0259y\u0259 kassasiya \u015fikay\u0259ti edib. ARANTV.AZ \u00f6lk\u0259.az-a istinad\u0259n x\u0259b\u0259r verir ki, arvad\u0131n\u0131 \u00f6ld\u00fcrd\u00fcy\u00fcn\u0259 g\u00f6r\u0259, m\u0259hkum olunan Xa\u00e7maz rayon sakini, 1974-c\u00fc il t\u0259v\u0259ll\u00fcdl\u00fc Eynulla Musayev \u015fikay\u0259tind\u0259 c\u0259zas\u0131n\u0131n azald\u0131lmas\u0131n\u0131 ist\u0259yib. Xat\u0131rladaq ki, 2013-c\u00fc il may\u0131n 27-d\u0259 Xa\u00e7maz rayonunun K\u00f6hn\u0259 Xa\u00e7maz k\u0259ndind\u0259 olan evind\u0259 h\u0259yat yolda\u015f\u0131 \u015e\u0259rqiyy\u0259 il\u0259 cinsi \u0259laq\u0259d\u0259 olmaq&hellip;","_links":{"self":[{"href":"https:\/\/arantv.az\/index.php?rest_route=\/wp\/v2\/posts\/17879"}],"collection":[{"href":"https:\/\/arantv.az\/index.php?rest_route=\/wp\/v2\/posts"}],"about":[{"href":"https:\/\/arantv.az\/index.php?rest_route=\/wp\/v2\/types\/post"}],"author":[{"embeddable":true,"href":"https:\/\/arantv.az\/index.php?rest_route=\/wp\/v2\/users\/2"}],"replies":[{"embeddable":true,"href":"https:\/\/arantv.az\/index.php?rest_route=%2Fwp%2Fv2%2Fcomments&post=17879"}],"version-history":[{"count":0,"href":"https:\/\/arantv.az\/index.php?rest_route=\/wp\/v2\/posts\/17879\/revisions"}],"wp:featuredmedia":[{"embeddable":true,"href":"https:\/\/arantv.az\/index.php?rest_route=\/wp\/v2\/media\/17880"}],"wp:attachment":[{"href":"https:\/\/arantv.az\/index.php?rest_route=%2Fwp%2Fv2%2Fmedia&parent=17879"}],"wp:term":[{"taxonomy":"category","embeddable":true,"href":"https:\/\/arantv.az\/index.php?rest_route=%2Fwp%2Fv2%2Fcategories&post=17879"},{"taxonomy":"post_tag","embeddable":true,"href":"https:\/\/arantv.az\/index.php?rest_route=%2Fwp%2Fv2%2Ftags&post=17879"}],"curies":[{"name":"wp","href":"https:\/\/api.w.org\/{rel}","templated":true}]}}