{"id":17909,"date":"2018-10-09T14:07:20","date_gmt":"2018-10-09T11:07:20","guid":{"rendered":"http:\/\/arantv.az\/?p=17909"},"modified":"2018-10-09T14:07:20","modified_gmt":"2018-10-09T11:07:20","slug":"iraqdan-turkiy%c9%99y%c9%99-raket-atildi-ol%c9%99n-var","status":"publish","type":"post","link":"https:\/\/arantv.az\/?p=17909","title":{"rendered":"\u0130raqdan T\u00fcrkiy\u0259y\u0259 raket at\u0131ld\u0131: \u00f6l\u0259n var"},"content":{"rendered":"<p>PKK terror t\u0259\u015fkilat\u0131n\u0131n d\u00f6y\u00fc\u015f\u00e7\u00fcl\u0259rinin \u0130raq \u0259razisind\u0259n T\u00fcrkiy\u0259y\u0259 raket atmas\u0131 n\u0259tic\u0259sind\u0259 bir\u00a0t\u00fcrkiy\u0259li h\u0259rb\u00e7i \u00f6l\u00fcb, d\u00f6rd\u00a0\u0259sg\u0259r yaralan\u0131b.<\/p>\n<p><b>ARANTV.AZ <\/b>oxu.az-a istinad\u0259n x\u0259b\u0259r verir ki, bununla ba\u011fl\u0131 T\u00fcrkiy\u0259nin c\u0259nub-\u015f\u0259rqind\u0259ki Hakkari b\u00f6lg\u0259sinin administrasiyas\u0131 m\u0259lumat yay\u0131b.<\/p>\n<p>Bildirilib ki, hadis\u0259 zaman\u0131 \u015eimali \u0130raq\u0131n Zap rayonundan T\u00fcrkiy\u0259 \u0259razisin\u0259 iki raket at\u0131l\u0131b.<\/p>\n<p>Yaral\u0131lar aras\u0131nda bir n\u0259f\u0259r m\u00fclki v\u0259t\u0259nda\u015f da olub. X\u0259sar\u0259t alan \u015f\u0259xsl\u0259r yax\u0131nl\u0131qdak\u0131 x\u0259st\u0259xanalara \u00e7atd\u0131r\u0131l\u0131b.<\/p>\n","protected":false},"excerpt":{"rendered":"<p>PKK terror t\u0259\u015fkilat\u0131n\u0131n d\u00f6y\u00fc\u015f\u00e7\u00fcl\u0259rinin \u0130raq \u0259razisind\u0259n T\u00fcrkiy\u0259y\u0259 raket atmas\u0131 n\u0259tic\u0259sind\u0259 bir\u00a0t\u00fcrkiy\u0259li h\u0259rb\u00e7i \u00f6l\u00fcb, d\u00f6rd\u00a0\u0259sg\u0259r yaralan\u0131b. ARANTV.AZ oxu.az-a istinad\u0259n x\u0259b\u0259r verir ki, bununla ba\u011fl\u0131 T\u00fcrkiy\u0259nin c\u0259nub-\u015f\u0259rqind\u0259ki Hakkari b\u00f6lg\u0259sinin administrasiyas\u0131 m\u0259lumat yay\u0131b. Bildirilib ki, hadis\u0259 zaman\u0131 \u015eimali \u0130raq\u0131n Zap rayonundan T\u00fcrkiy\u0259 \u0259razisin\u0259 iki raket at\u0131l\u0131b. Yaral\u0131lar aras\u0131nda bir n\u0259f\u0259r m\u00fclki v\u0259t\u0259nda\u015f da olub. X\u0259sar\u0259t alan \u015f\u0259xsl\u0259r yax\u0131nl\u0131qdak\u0131 x\u0259st\u0259xanalara \u00e7atd\u0131r\u0131l\u0131b.<\/p>\n","protected":false},"author":2,"featured_media":17910,"comment_status":"closed","ping_status":"closed","sticky":false,"template":"","format":"standard","meta":{"om_disable_all_campaigns":false,"_monsterinsights_skip_tracking":false,"_monsterinsights_sitenote_active":false,"_monsterinsights_sitenote_note":"","_monsterinsights_sitenote_category":0},"categories":[7],"tags":[],"aioseo_notices":[],"gutentor_comment":0,"rttpg_featured_image_url":{"full":["https:\/\/arantv.az\/wp-content\/uploads\/2018\/10\/tur.jpg",620,440,false],"landscape":["https:\/\/arantv.az\/wp-content\/uploads\/2018\/10\/tur.jpg",620,440,false],"portraits":["https:\/\/arantv.az\/wp-content\/uploads\/2018\/10\/tur.jpg",620,440,false],"thumbnail":["https:\/\/arantv.az\/wp-content\/uploads\/2018\/10\/tur-150x150.jpg",150,150,true],"medium":["https:\/\/arantv.az\/wp-content\/uploads\/2018\/10\/tur-300x213.jpg",300,213,true],"large":["https:\/\/arantv.az\/wp-content\/uploads\/2018\/10\/tur.jpg",620,440,false],"1536x1536":["https:\/\/arantv.az\/wp-content\/uploads\/2018\/10\/tur.jpg",620,440,false],"2048x2048":["https:\/\/arantv.az\/wp-content\/uploads\/2018\/10\/tur.jpg",620,440,false],"post-thumbnail":["https:\/\/arantv.az\/wp-content\/uploads\/2018\/10\/tur-240x172.jpg",240,172,true],"advps-thumb-one":["https:\/\/arantv.az\/wp-content\/uploads\/2018\/10\/tur.jpg",620,440,false]},"rttpg_author":{"display_name":"V\u00fcsal Rafiqo\u011flu","author_link":"https:\/\/arantv.az\/?author=2"},"rttpg_comment":0,"rttpg_category":"<a href=\"https:\/\/arantv.az\/?cat=7\" rel=\"category\">D\u00fcnya<\/a>","rttpg_excerpt":"PKK terror t\u0259\u015fkilat\u0131n\u0131n d\u00f6y\u00fc\u015f\u00e7\u00fcl\u0259rinin \u0130raq \u0259razisind\u0259n T\u00fcrkiy\u0259y\u0259 raket atmas\u0131 n\u0259tic\u0259sind\u0259 bir\u00a0t\u00fcrkiy\u0259li h\u0259rb\u00e7i \u00f6l\u00fcb, d\u00f6rd\u00a0\u0259sg\u0259r yaralan\u0131b. ARANTV.AZ oxu.az-a istinad\u0259n x\u0259b\u0259r verir ki, bununla ba\u011fl\u0131 T\u00fcrkiy\u0259nin c\u0259nub-\u015f\u0259rqind\u0259ki Hakkari b\u00f6lg\u0259sinin administrasiyas\u0131 m\u0259lumat yay\u0131b. Bildirilib ki, hadis\u0259 zaman\u0131 \u015eimali \u0130raq\u0131n Zap rayonundan T\u00fcrkiy\u0259 \u0259razisin\u0259 iki raket at\u0131l\u0131b. Yaral\u0131lar aras\u0131nda bir n\u0259f\u0259r m\u00fclki v\u0259t\u0259nda\u015f da olub. X\u0259sar\u0259t alan \u015f\u0259xsl\u0259r yax\u0131nl\u0131qdak\u0131&hellip;","_links":{"self":[{"href":"https:\/\/arantv.az\/index.php?rest_route=\/wp\/v2\/posts\/17909"}],"collection":[{"href":"https:\/\/arantv.az\/index.php?rest_route=\/wp\/v2\/posts"}],"about":[{"href":"https:\/\/arantv.az\/index.php?rest_route=\/wp\/v2\/types\/post"}],"author":[{"embeddable":true,"href":"https:\/\/arantv.az\/index.php?rest_route=\/wp\/v2\/users\/2"}],"replies":[{"embeddable":true,"href":"https:\/\/arantv.az\/index.php?rest_route=%2Fwp%2Fv2%2Fcomments&post=17909"}],"version-history":[{"count":0,"href":"https:\/\/arantv.az\/index.php?rest_route=\/wp\/v2\/posts\/17909\/revisions"}],"wp:featuredmedia":[{"embeddable":true,"href":"https:\/\/arantv.az\/index.php?rest_route=\/wp\/v2\/media\/17910"}],"wp:attachment":[{"href":"https:\/\/arantv.az\/index.php?rest_route=%2Fwp%2Fv2%2Fmedia&parent=17909"}],"wp:term":[{"taxonomy":"category","embeddable":true,"href":"https:\/\/arantv.az\/index.php?rest_route=%2Fwp%2Fv2%2Fcategories&post=17909"},{"taxonomy":"post_tag","embeddable":true,"href":"https:\/\/arantv.az\/index.php?rest_route=%2Fwp%2Fv2%2Ftags&post=17909"}],"curies":[{"name":"wp","href":"https:\/\/api.w.org\/{rel}","templated":true}]}}