{"id":17918,"date":"2018-10-09T14:11:15","date_gmt":"2018-10-09T11:11:15","guid":{"rendered":"http:\/\/arantv.az\/?p=17918"},"modified":"2018-10-09T14:11:15","modified_gmt":"2018-10-09T11:11:15","slug":"oqtay-%c9%99s%c9%99dov-koreyali-h%c9%99mkari-il%c9%99-dagliq-qarabag-m%c9%99s%c9%99l%c9%99sini-muzakir%c9%99-edib","status":"publish","type":"post","link":"https:\/\/arantv.az\/?p=17918","title":{"rendered":"Oqtay \u018fs\u0259dov koreyal\u0131 h\u0259mkar\u0131 il\u0259 Da\u011fl\u0131q Qaraba\u011f m\u0259s\u0259l\u0259sini m\u00fczakir\u0259 edib"},"content":{"rendered":"<p><strong>Milli M\u0259clisin s\u0259dri Oqtay \u018fs\u0259dov T\u00fcrkiy\u0259nin Antalya \u015f\u0259h\u0259rind\u0259 Koreya Respublikas\u0131 Milli Assambleyas\u0131n\u0131n s\u0259dri Mun Hi-sanq il\u0259 g\u00f6r\u00fc\u015f\u00fcb.<\/strong><\/p>\n<p><strong>ARANTV.AZ\u00a0<\/strong> x\u0259b\u0259r verir ki, Milli M\u0259clisd\u0259n trend-\u0259 veril\u0259n m\u0259lumata g\u00f6r\u0259, Avrasiya \u00f6lk\u0259l\u0259ri parlament s\u0259drl\u0259rinin 3-c\u00fc toplant\u0131s\u0131 \u00e7\u0259r\u00e7iv\u0259sind\u0259 ke\u00e7iril\u0259n g\u00f6r\u00fc\u015fd\u0259 n\u00fcmay\u0259nd\u0259 hey\u0259timizi salamlayan Koreya parlamentinin s\u0259dri Mun Hi-sanq Az\u0259rbaycan Xalq C\u00fcmhuriyy\u0259tinin, el\u0259c\u0259 d\u0259 C\u00fcmhuriyy\u0259t parlamentinin yaranmas\u0131n\u0131n 100 illik yubileyi m\u00fcnasib\u0259til\u0259 t\u0259brikl\u0259rini \u00e7atd\u0131r\u0131b.<\/p>\n<p>Az\u0259rbaycan-Koreya m\u00fcnasib\u0259tl\u0259rinin 25 illik inki\u015faf dinamikas\u0131n\u0131 y\u00fcks\u0259k d\u0259y\u0259rl\u0259ndir\u0259n spiker qeyd edib ki, Az\u0259rbaycan tarixi \u0130p\u0259k yolunun b\u0259rpas\u0131nda v\u0259 geni\u015fl\u0259nm\u0259sind\u0259 apar\u0131c\u0131 rola malikdir. \u00d6lk\u0259l\u0259rimiz co\u011frafi bax\u0131mdan uzaq olsalar da, onlar\u0131 ox\u015far m\u0259d\u0259niyy\u0259t v\u0259 d\u0259y\u0259rl\u0259r birl\u0259\u015fdirir.<\/p>\n<p>T\u0259brik\u0259 v\u0259 s\u0259mimi s\u00f6zl\u0259r\u0259 g\u00f6r\u0259 Koreya Parlamentinin s\u0259dri Mun Hi-sanqa t\u0259\u015f\u0259kk\u00fcr\u00fcn\u00fc ifad\u0259 ed\u0259n Milli M\u0259clisin s\u0259dri Oqtay \u018fs\u0259dov \u00f6lk\u0259l\u0259rimiz aras\u0131nda m\u00fcnasib\u0259tl\u0259rin dinamik inki\u015faf\u0131ndan m\u0259mnunlu\u011funu bildirib. O qeyd edib ki, Az\u0259rbaycan v\u0259 Koreya aras\u0131nda m\u00fc\u015ft\u0259r\u0259k komissiyalar\u0131n f\u0259aliyy\u0259ti, birg\u0259 biznes forumlar\u0131n t\u0259\u015fkili \u0259m\u0259kda\u015fl\u0131q \u0259laq\u0259l\u0259rinin geni\u015fl\u0259nm\u0259si \u00fc\u00e7\u00fcn b\u00f6y\u00fck imkanlar yarad\u0131r.<\/p>\n<p>Az\u0259rbaycan\u0131n qeyri-neft sektorundak\u0131 inki\u015faf istiqam\u0259tl\u0259ri bar\u0259d\u0259 m\u0259lumat ver\u0259n Milli M\u0259clisin s\u0259dri Oqtay \u018fs\u0259dov vur\u011fulay\u0131b ki, \u00f6t\u0259n il istifad\u0259y\u0259 veril\u0259n Bak\u0131-Tbilisi-Qars d\u0259mir yolu v\u0259 \u015eimal-C\u0259nub n\u0259qliyyat d\u0259hlizi b\u00f6y\u00fck perspektiv\u0259 malikdir. Az\u0259rbaycan v\u0259 Koreya \u015firk\u0259tl\u0259ri birg\u0259 layih\u0259l\u0259r h\u0259yata ke\u00e7irirl\u0259r. Az\u0259rbaycan xarici s\u0259rmay\u0259l\u0259r \u00fc\u00e7\u00fcn a\u00e7\u0131qd\u0131r v\u0259 bunun \u00fc\u00e7\u00fcn \u00f6lk\u0259mizd\u0259 m\u00fcnbit \u015f\u0259rait yarad\u0131l\u0131b.<\/p>\n<p>G\u00f6r\u00fc\u015fd\u0259, h\u0259m\u00e7inin Az\u0259rbaycan-Koreya \u0259laq\u0259l\u0259rinin inki\u015faf\u0131 istiqam\u0259tind\u0259 qar\u015f\u0131l\u0131ql\u0131 maraq do\u011furan bir s\u0131ra m\u0259s\u0259l\u0259l\u0259r \u0259traf\u0131nda, o c\u00fcml\u0259d\u0259n Koreya yar\u0131madas\u0131ndak\u0131 m\u00f6vcud siyasi v\u0259ziyy\u0259t v\u0259 Erm\u0259nistan-Az\u0259rbaycan m\u00fcnaqi\u015f\u0259sin\u0259 dair fikir m\u00fcbadil\u0259si apar\u0131l\u0131b.<\/p>\n","protected":false},"excerpt":{"rendered":"<p>Milli M\u0259clisin s\u0259dri Oqtay \u018fs\u0259dov T\u00fcrkiy\u0259nin Antalya \u015f\u0259h\u0259rind\u0259 Koreya Respublikas\u0131 Milli Assambleyas\u0131n\u0131n s\u0259dri Mun Hi-sanq il\u0259 g\u00f6r\u00fc\u015f\u00fcb. ARANTV.AZ\u00a0 x\u0259b\u0259r verir ki, Milli M\u0259clisd\u0259n trend-\u0259 veril\u0259n m\u0259lumata g\u00f6r\u0259, Avrasiya \u00f6lk\u0259l\u0259ri parlament s\u0259drl\u0259rinin 3-c\u00fc toplant\u0131s\u0131 \u00e7\u0259r\u00e7iv\u0259sind\u0259 ke\u00e7iril\u0259n g\u00f6r\u00fc\u015fd\u0259 n\u00fcmay\u0259nd\u0259 hey\u0259timizi salamlayan Koreya parlamentinin s\u0259dri Mun Hi-sanq Az\u0259rbaycan Xalq C\u00fcmhuriyy\u0259tinin, el\u0259c\u0259 d\u0259 C\u00fcmhuriyy\u0259t parlamentinin yaranmas\u0131n\u0131n 100 illik yubileyi m\u00fcnasib\u0259til\u0259 t\u0259brikl\u0259rini \u00e7atd\u0131r\u0131b. Az\u0259rbaycan-Koreya m\u00fcnasib\u0259tl\u0259rinin 25 illik inki\u015faf dinamikas\u0131n\u0131 y\u00fcks\u0259k d\u0259y\u0259rl\u0259ndir\u0259n spiker qeyd edib ki, Az\u0259rbaycan tarixi \u0130p\u0259k yolunun b\u0259rpas\u0131nda v\u0259 geni\u015fl\u0259nm\u0259sind\u0259 apar\u0131c\u0131 rola malikdir. \u00d6lk\u0259l\u0259rimiz co\u011frafi bax\u0131mdan uzaq olsalar da, onlar\u0131 ox\u015far m\u0259d\u0259niyy\u0259t v\u0259&hellip;<\/p>\n","protected":false},"author":2,"featured_media":17919,"comment_status":"closed","ping_status":"closed","sticky":false,"template":"","format":"standard","meta":{"om_disable_all_campaigns":false,"_monsterinsights_skip_tracking":false,"_monsterinsights_sitenote_active":false,"_monsterinsights_sitenote_note":"","_monsterinsights_sitenote_category":0},"categories":[4],"tags":[],"aioseo_notices":[],"gutentor_comment":0,"rttpg_featured_image_url":{"full":["https:\/\/arantv.az\/wp-content\/uploads\/2018\/10\/oqtay_esedov_06.jpg",482,361,false],"landscape":["https:\/\/arantv.az\/wp-content\/uploads\/2018\/10\/oqtay_esedov_06.jpg",482,361,false],"portraits":["https:\/\/arantv.az\/wp-content\/uploads\/2018\/10\/oqtay_esedov_06.jpg",482,361,false],"thumbnail":["https:\/\/arantv.az\/wp-content\/uploads\/2018\/10\/oqtay_esedov_06-150x150.jpg",150,150,true],"medium":["https:\/\/arantv.az\/wp-content\/uploads\/2018\/10\/oqtay_esedov_06-300x225.jpg",300,225,true],"large":["https:\/\/arantv.az\/wp-content\/uploads\/2018\/10\/oqtay_esedov_06.jpg",482,361,false],"1536x1536":["https:\/\/arantv.az\/wp-content\/uploads\/2018\/10\/oqtay_esedov_06.jpg",482,361,false],"2048x2048":["https:\/\/arantv.az\/wp-content\/uploads\/2018\/10\/oqtay_esedov_06.jpg",482,361,false],"post-thumbnail":["https:\/\/arantv.az\/wp-content\/uploads\/2018\/10\/oqtay_esedov_06-240x172.jpg",240,172,true],"advps-thumb-one":["https:\/\/arantv.az\/wp-content\/uploads\/2018\/10\/oqtay_esedov_06.jpg",482,361,false]},"rttpg_author":{"display_name":"V\u00fcsal Rafiqo\u011flu","author_link":"https:\/\/arantv.az\/?author=2"},"rttpg_comment":0,"rttpg_category":"<a href=\"https:\/\/arantv.az\/?cat=4\" rel=\"category\">Siyas\u0259t<\/a>","rttpg_excerpt":"Milli M\u0259clisin s\u0259dri Oqtay \u018fs\u0259dov T\u00fcrkiy\u0259nin Antalya \u015f\u0259h\u0259rind\u0259 Koreya Respublikas\u0131 Milli Assambleyas\u0131n\u0131n s\u0259dri Mun Hi-sanq il\u0259 g\u00f6r\u00fc\u015f\u00fcb. ARANTV.AZ\u00a0 x\u0259b\u0259r verir ki, Milli M\u0259clisd\u0259n trend-\u0259 veril\u0259n m\u0259lumata g\u00f6r\u0259, Avrasiya \u00f6lk\u0259l\u0259ri parlament s\u0259drl\u0259rinin 3-c\u00fc toplant\u0131s\u0131 \u00e7\u0259r\u00e7iv\u0259sind\u0259 ke\u00e7iril\u0259n g\u00f6r\u00fc\u015fd\u0259 n\u00fcmay\u0259nd\u0259 hey\u0259timizi salamlayan Koreya parlamentinin s\u0259dri Mun Hi-sanq Az\u0259rbaycan Xalq C\u00fcmhuriyy\u0259tinin, el\u0259c\u0259 d\u0259 C\u00fcmhuriyy\u0259t parlamentinin yaranmas\u0131n\u0131n 100 illik yubileyi&hellip;","_links":{"self":[{"href":"https:\/\/arantv.az\/index.php?rest_route=\/wp\/v2\/posts\/17918"}],"collection":[{"href":"https:\/\/arantv.az\/index.php?rest_route=\/wp\/v2\/posts"}],"about":[{"href":"https:\/\/arantv.az\/index.php?rest_route=\/wp\/v2\/types\/post"}],"author":[{"embeddable":true,"href":"https:\/\/arantv.az\/index.php?rest_route=\/wp\/v2\/users\/2"}],"replies":[{"embeddable":true,"href":"https:\/\/arantv.az\/index.php?rest_route=%2Fwp%2Fv2%2Fcomments&post=17918"}],"version-history":[{"count":0,"href":"https:\/\/arantv.az\/index.php?rest_route=\/wp\/v2\/posts\/17918\/revisions"}],"wp:featuredmedia":[{"embeddable":true,"href":"https:\/\/arantv.az\/index.php?rest_route=\/wp\/v2\/media\/17919"}],"wp:attachment":[{"href":"https:\/\/arantv.az\/index.php?rest_route=%2Fwp%2Fv2%2Fmedia&parent=17918"}],"wp:term":[{"taxonomy":"category","embeddable":true,"href":"https:\/\/arantv.az\/index.php?rest_route=%2Fwp%2Fv2%2Fcategories&post=17918"},{"taxonomy":"post_tag","embeddable":true,"href":"https:\/\/arantv.az\/index.php?rest_route=%2Fwp%2Fv2%2Ftags&post=17918"}],"curies":[{"name":"wp","href":"https:\/\/api.w.org\/{rel}","templated":true}]}}