{"id":17939,"date":"2018-10-09T15:26:03","date_gmt":"2018-10-09T12:26:03","guid":{"rendered":"http:\/\/arantv.az\/?p=17939"},"modified":"2018-10-09T15:26:03","modified_gmt":"2018-10-09T12:26:03","slug":"aspa-nin-sessiyasi-erm%c9%99nistanin-sabiq-prezidentl%c9%99rinin-muzakir%c9%99-olunmasi-il%c9%99-basladi","status":"publish","type":"post","link":"https:\/\/arantv.az\/?p=17939","title":{"rendered":"A\u015ePA-n\u0131n sessiyas\u0131 Erm\u0259nistan\u0131n sabiq prezidentl\u0259rinin m\u00fczakir\u0259 olunmas\u0131 il\u0259 ba\u015flad\u0131"},"content":{"rendered":"<div class=\"spot\">&#8220;Erm\u0259nistanda xalq aya\u011fa qalxd\u0131, deyil\u0259nl\u0259ri t\u0259sdiq ed\u0259r\u0259k sabiq prezidenti diktator elan etdi v\u0259 devirdi. Avropa \u015euras\u0131 da Erm\u0259nistanda demokratik prosesl\u0259r ba\u015f verdiyini t\u0259sdiql\u0259di, yeni hakimiyy\u0259tin q\u0259l\u0259b\u0259sini m\u0259hz demokratiyan\u0131n t\u0259nt\u0259n\u0259si kimi d\u0259y\u0259rl\u0259ndirdi. Erm\u0259nistan\u0131n yeni r\u0259hb\u0259rliyi is\u0259 h\u0259r iki sabiq prezidenti cinay\u0259t m\u0259suliyy\u0259tin\u0259 c\u0259lb etm\u0259k istiqam\u0259tind\u0259 q\u0259ti add\u0131mlar at\u0131r. Yax\u015f\u0131, indi nec\u0259 ba\u015fa d\u00fc\u015f\u0259k? Standartlar, qiym\u0259tverm\u0259l\u0259r el\u0259 qar\u0131\u015f\u0131b ki, normal m\u0259ntiql\u0259 ondan ba\u015f \u00e7\u0131xarmaq m\u00fc\u015fk\u00fcld\u00fcr&#8221;.<\/div>\n<p><strong>ARANTV.AZ<\/strong> x\u0259b\u0259r verir ki, bu fikirl\u0259ri Avropa \u015euras\u0131 Parlament Assambleyas\u0131n\u0131n pay\u0131z sessiyas\u0131 \u00e7\u0259r\u00e7iv\u0259sind\u0259 ke\u00e7iril\u0259n m\u00fczakir\u0259l\u0259rd\u0259 \u00e7\u0131x\u0131\u015f\u0131 zaman\u0131 Az\u0259rbaycan\u0131n qurumdak\u0131 n\u00fcmay\u0259nd\u0259 hey\u0259tinin \u00fczv\u00fc, Milli M\u0259clisin M\u0259d\u0259niyy\u0259t komit\u0259sinin s\u0259dri Rafael H\u00fcseynov bildirib.<\/p>\n<p>Deputat deyib ki, Avropa \u015euras\u0131n\u0131n vaxtil\u0259 d\u0259st\u0259k g\u00f6st\u0259rdiyi, indi fikirl\u0259rini \u00f6z sayt\u0131nda yerl\u0259\u015fdirm\u0259k ist\u0259diyi iki sabiq prezidenti Erm\u0259nistan d\u00f6vl\u0259tinin \u00f6z\u00fc cinay\u0259tkar say\u0131r:<\/p>\n<p>&#8220;Erm\u0259nistan o cinay\u0259tkar \u015f\u0259xsl\u0259rl\u0259 ba\u011fl\u0131 m\u00f6vqeyini a\u00e7\u0131q b\u0259yan edib. Avropa \u015euras\u0131 is\u0259 bilm\u0259zlikd\u0259n, ya bil\u0259r\u0259kd\u0259n buraxd\u0131\u011f\u0131 h\u0259min s\u0259hvl\u0259ri etiraf etm\u0259k fikrind\u0259 deyil. Avropa \u015euras\u0131 indi Erm\u0259nistandak\u0131 yeni hakimiyy\u0259ti demokratik say\u0131r v\u0259 lap az \u00f6nc\u0259 el\u0259 bu yeni hakimiyy\u0259tin devirdiyi Sarkisyan\u0131n se\u00e7kil\u0259rini buradaca nec\u0259 t\u0259qdir v\u0259 v\u0259sf etdiyini is\u0259 sanki unudub. Bel\u0259 bir \u00e7\u0131x\u0131lmaz v\u0259ziyy\u0259tin yaranmas\u0131 qanunauy\u011fundur. \u00c7\u00fcnki bir \u0259dal\u0259tsizlik ad\u0259t\u0259n ba\u015fqa bir \u0259dal\u0259tsizliyi do\u011furur. \u0130kili standartlar\u0131n t\u0259tbiq edilm\u0259si m\u00fctl\u0259q f\u0259sadlar yarad\u0131r v\u0259 \u00fcst\u00fcnd\u0259n zaman ke\u00e7\u0259nd\u0259n sonra z\u0259rb\u0259si g\u0259lib el\u0259 ona t\u0259tbiq ed\u0259n\u0259 d\u0259 d\u0259yir\u201d.<\/p>\n<p>Komit\u0259 s\u0259dri vur\u011fulay\u0131b ki, A\u015ePA-da nitq s\u00f6yl\u0259mi\u015f 216 prezident aras\u0131nda Erm\u0259nistan\u0131n iki sabiq prezidentinin d\u0259 \u00e7\u0131x\u0131\u015flar\u0131 var:<\/p>\n<div id=\"AdributorNativeVideo0\" class=\"AdributorNativeVideo\"><\/div>\n<p>\u201cBiz burada son 18 il \u0259rzind\u0259 konkret faktlara v\u0259 s\u00fcbutlara \u0259saslanaraq m\u00fct\u0259madi olaraq i\u015f\u011fal\u00e7\u0131 Erm\u0259nistanda cinay\u0259tkar rejimin m\u00f6vcudlu\u011funu, orada terrorizmin d\u00f6vl\u0259t siyas\u0259tin\u0259 \u00e7evrildiyini vur\u011fulam\u0131\u015f\u0131q. Sabiq prezidentl\u0259r Robert K\u00f6\u00e7\u0259ryan v\u0259 Serj Sarkisyan\u0131n \u00f6z xalq\u0131na v\u0259 qon\u015fulara qar\u015f\u0131 a\u011f\u0131r cinay\u0259tl\u0259rd\u0259 bilavasit\u0259 i\u015ftirak etdikl\u0259rini d\u00f6n\u0259-d\u00f6n\u0259 s\u00f6yl\u0259mi\u015fik, \u00f6lk\u0259d\u0259ki prezident se\u00e7kil\u0259rini h\u0259r d\u0259f\u0259, sad\u0259c\u0259, qanun pozuntular\u0131 il\u0259 deyil, a\u011f\u0131r d\u00f6vl\u0259ti cinay\u0259tl\u0259r t\u00f6r\u0259tm\u0259kl\u0259 ger\u00e7\u0259kl\u0259\u015fdirdikl\u0259rini b\u0259yan etmi\u015fik. Burada s\u0259sl\u0259n\u0259n inki\u015faf haqq\u0131nda hesabatlarda is\u0259 h\u0259r d\u0259f\u0259 h\u0259qiq\u0259tin \u0259ksin\u0259 olaraq i\u015f\u011fal\u00e7\u0131 v\u0259 terror\u00e7u Erm\u0259nistan ittiham edilm\u0259yib, h\u0259r d\u0259f\u0259 se\u00e7kil\u0259rin d\u0259 qanuni ke\u00e7irildiyi t\u0259sdiql\u0259nib.<br \/>\nSon ill\u0259rd\u0259 Avropa \u015euras\u0131n\u0131n f\u0259aliyy\u0259tind\u0259ki \u0259sas narahatl\u0131q do\u011furan n\u00f6qsan kimi ikili standartlar\u0131n m\u00f6vcudlu\u011fu g\u00f6st\u0259rilir. Bu, h\u0259qiq\u0259t\u0259n t\u0259\u015fkilat\u0131 i\u00e7\u0259rid\u0259n yey\u0259n, eroziyaya u\u011fradan a\u011f\u0131r bir x\u0259st\u0259likdir. \u0130kili standartlar olan yerd\u0259 he\u00e7 vaxt n\u0259 obyektivlikd\u0259n, n\u0259 d\u0259 tam \u0259dal\u0259td\u0259n dan\u0131\u015fmaq m\u00fcmk\u00fcnd\u00fcr. Lakin art\u0131q Assambleyan\u0131n \u00fcz\u0259rind\u0259 i\u015fl\u0259diyi v\u0259 haz\u0131rlad\u0131\u011f\u0131, f\u0259ls\u0259f\u0259si etibaril\u0259 n\u0259cib layih\u0259d\u0259ki bir m\u0259qam ist\u0259r-ist\u0259m\u0259z ikili standartlar x\u0259ttini davam etdirir, h\u0259tta h\u0259min \u00e7\u0259r\u00e7iv\u0259d\u0259n d\u0259 k\u0259nara \u00e7\u0131x\u0131r. B\u0259lk\u0259 d\u0259 bu yana\u015fmaya yeni ad tapmaq, yaxud onu \u201c\u00fc\u00e7l\u00fc standart\u201d adland\u0131rmaq laz\u0131m g\u0259l\u0259c\u0259k&#8221;.<\/p>\n<p>T\u00fcrkiy\u0259-Avropa \u015euras\u0131 m\u00fcnasib\u0259tl\u0259rin\u0259 d\u0259 toxunan R.H\u00fcseynov qeyd edib ki, 70 ya\u015fa \u00e7atanda ke\u00e7mi\u015f\u0259 baxmaq, ke\u00e7ilmi\u015f yolu, ya\u015fanm\u0131\u015f \u00f6mr\u00fc t\u0259hlil etm\u0259k t\u0259biidir:<\/p>\n<p>&#8220;Bir insan \u00fc\u00e7\u00fcn d\u0259, bir t\u0259\u015fkilatdan \u00f6tr\u00fc d\u0259. Avropa \u015euras\u0131 kimi T\u00fcrkiy\u0259nin d\u0259 bu t\u0259\u015fkilatdak\u0131 f\u0259aliyy\u0259tinin 70 ili tamam olmaq \u00fczr\u0259dir. Bu m\u00fcdd\u0259td\u0259 T\u00fcrkiy\u0259 bir demokratik \u00f6lk\u0259 kimi inki\u015fafda \u00e7ox u\u011furlara nail olub. D\u00fc\u015f\u00fcn\u00fcr\u0259m ki, indi-indi \u00f6z\u00fcn\u00fcn arxada qalan ill\u0259rd\u0259ki f\u0259aliyy\u0259tl\u0259rini t\u0259hlil ed\u0259n Avropa \u015euras\u0131 T\u00fcrkiy\u0259y\u0259 m\u00fcnasib\u0259t m\u0259s\u0259l\u0259sin\u0259 d\u0259 bir q\u0259d\u0259r t\u0259nqidi yana\u015fmal\u0131, m\u00fc\u0259yy\u0259n korrekt\u0259l\u0259r etm\u0259lidir. Son d\u00f6vrd\u0259 burada \u0259n m\u00fcxt\u0259lif m\u0259s\u0259l\u0259l\u0259rl\u0259 ba\u011fl\u0131 T\u00fcrkiy\u0259y\u0259 yana\u015fmalarda ifrat s\u0259rt m\u00f6vqe hiss edilm\u0259kd\u0259dir. Z\u0259nnimc\u0259, T\u00fcrkiy\u0259y\u0259 m\u00fcnasib\u0259td\u0259 daha h\u0259ssas, daha \u0259dal\u0259tli olmaq, ikili standartlardan uzaqla\u015fmaq laz\u0131md\u0131r. T\u00fcrkiy\u0259d\u0259ki prezident se\u00e7kil\u0259ri namiz\u0259dl\u0259rin \u0259n g\u0259rgin m\u00fcbariz\u0259si \u015f\u0259raitind\u0259 c\u0259r\u0259yan edirdi. Yet\u0259rinc\u0259 demokratik, azad, \u015f\u0259ffaf, xalq\u0131n irad\u0259sinin dol\u011fun ifad\u0259si olan se\u00e7ki d\u0259 ke\u00e7irildi. \u018flb\u0259tt\u0259, h\u0259qiq\u0259ti h\u0259r k\u0259s \u00f6z arzulad\u0131\u011f\u0131 kimi g\u00f6rm\u0259y\u0259, \u00f6z ist\u0259diyi kimi yozma\u011fa c\u0259hd ed\u0259 bil\u0259r. Lakin bu, mahiyy\u0259ti d\u0259yi\u015fm\u0259z. M\u0259n inan\u0131ram ki, T\u00fcrkiy\u0259 demokratiyan\u0131n inki\u015faf\u0131 yolunda daim ard\u0131c\u0131l olacaq, yeni nailiyy\u0259tl\u0259r d\u0259 qazanacaq. El\u0259 arxada qalan prezident se\u00e7kil\u0259rin\u0259 d\u0259 bu bax\u0131mdan yana\u015fmaq laz\u0131md\u0131r\u201d.<\/p>\n<p><em><br \/>\n\u00d6lk\u0259.Az<\/em><\/p>\n<div class=\"carousel initialized\" data-namespace=\"DIVcarousel0\"><a class=\"carousel-item active\" href=\"http:\/\/olke.az\/news\/detail\/aspa-nin-sessiyasi-ermenistanin-sabiq-prezidentlerinin-muzakire-olunmasi-ile-basladi-138596#!\"><img src=\"http:\/\/olke.az\/uploads\/1539086349\/o.jpg\" alt=\"\" width=\"100%\" data-desc=\"\" data-author=\"olke.az\" \/><\/a><\/div>\n","protected":false},"excerpt":{"rendered":"<p>&#8220;Erm\u0259nistanda xalq aya\u011fa qalxd\u0131, deyil\u0259nl\u0259ri t\u0259sdiq ed\u0259r\u0259k sabiq prezidenti diktator elan etdi v\u0259 devirdi. Avropa \u015euras\u0131 da Erm\u0259nistanda demokratik prosesl\u0259r ba\u015f verdiyini t\u0259sdiql\u0259di, yeni hakimiyy\u0259tin q\u0259l\u0259b\u0259sini m\u0259hz demokratiyan\u0131n t\u0259nt\u0259n\u0259si kimi d\u0259y\u0259rl\u0259ndirdi. Erm\u0259nistan\u0131n yeni r\u0259hb\u0259rliyi is\u0259 h\u0259r iki sabiq prezidenti cinay\u0259t m\u0259suliyy\u0259tin\u0259 c\u0259lb etm\u0259k istiqam\u0259tind\u0259 q\u0259ti add\u0131mlar at\u0131r. Yax\u015f\u0131, indi nec\u0259 ba\u015fa d\u00fc\u015f\u0259k? Standartlar, qiym\u0259tverm\u0259l\u0259r el\u0259 qar\u0131\u015f\u0131b ki, normal m\u0259ntiql\u0259 ondan ba\u015f \u00e7\u0131xarmaq m\u00fc\u015fk\u00fcld\u00fcr&#8221;. ARANTV.AZ x\u0259b\u0259r verir ki, bu fikirl\u0259ri Avropa \u015euras\u0131 Parlament Assambleyas\u0131n\u0131n pay\u0131z sessiyas\u0131 \u00e7\u0259r\u00e7iv\u0259sind\u0259 ke\u00e7iril\u0259n m\u00fczakir\u0259l\u0259rd\u0259 \u00e7\u0131x\u0131\u015f\u0131 zaman\u0131 Az\u0259rbaycan\u0131n qurumdak\u0131 n\u00fcmay\u0259nd\u0259 hey\u0259tinin \u00fczv\u00fc, Milli M\u0259clisin M\u0259d\u0259niyy\u0259t komit\u0259sinin s\u0259dri&hellip;<\/p>\n","protected":false},"author":2,"featured_media":17940,"comment_status":"closed","ping_status":"closed","sticky":false,"template":"","format":"standard","meta":{"om_disable_all_campaigns":false,"_monsterinsights_skip_tracking":false,"_monsterinsights_sitenote_active":false,"_monsterinsights_sitenote_note":"","_monsterinsights_sitenote_category":0},"categories":[4],"tags":[],"aioseo_notices":[],"gutentor_comment":0,"rttpg_featured_image_url":{"full":["https:\/\/arantv.az\/wp-content\/uploads\/2018\/10\/sar.jpg",620,375,false],"landscape":["https:\/\/arantv.az\/wp-content\/uploads\/2018\/10\/sar.jpg",620,375,false],"portraits":["https:\/\/arantv.az\/wp-content\/uploads\/2018\/10\/sar.jpg",620,375,false],"thumbnail":["https:\/\/arantv.az\/wp-content\/uploads\/2018\/10\/sar-150x150.jpg",150,150,true],"medium":["https:\/\/arantv.az\/wp-content\/uploads\/2018\/10\/sar-300x181.jpg",300,181,true],"large":["https:\/\/arantv.az\/wp-content\/uploads\/2018\/10\/sar.jpg",620,375,false],"1536x1536":["https:\/\/arantv.az\/wp-content\/uploads\/2018\/10\/sar.jpg",620,375,false],"2048x2048":["https:\/\/arantv.az\/wp-content\/uploads\/2018\/10\/sar.jpg",620,375,false],"post-thumbnail":["https:\/\/arantv.az\/wp-content\/uploads\/2018\/10\/sar-240x172.jpg",240,172,true],"advps-thumb-one":["https:\/\/arantv.az\/wp-content\/uploads\/2018\/10\/sar.jpg",620,375,false]},"rttpg_author":{"display_name":"V\u00fcsal Rafiqo\u011flu","author_link":"https:\/\/arantv.az\/?author=2"},"rttpg_comment":0,"rttpg_category":"<a href=\"https:\/\/arantv.az\/?cat=4\" rel=\"category\">Siyas\u0259t<\/a>","rttpg_excerpt":"&#8220;Erm\u0259nistanda xalq aya\u011fa qalxd\u0131, deyil\u0259nl\u0259ri t\u0259sdiq ed\u0259r\u0259k sabiq prezidenti diktator elan etdi v\u0259 devirdi. Avropa \u015euras\u0131 da Erm\u0259nistanda demokratik prosesl\u0259r ba\u015f verdiyini t\u0259sdiql\u0259di, yeni hakimiyy\u0259tin q\u0259l\u0259b\u0259sini m\u0259hz demokratiyan\u0131n t\u0259nt\u0259n\u0259si kimi d\u0259y\u0259rl\u0259ndirdi. Erm\u0259nistan\u0131n yeni r\u0259hb\u0259rliyi is\u0259 h\u0259r iki sabiq prezidenti cinay\u0259t m\u0259suliyy\u0259tin\u0259 c\u0259lb etm\u0259k istiqam\u0259tind\u0259 q\u0259ti add\u0131mlar at\u0131r. Yax\u015f\u0131, indi nec\u0259 ba\u015fa d\u00fc\u015f\u0259k? Standartlar, qiym\u0259tverm\u0259l\u0259r el\u0259&hellip;","_links":{"self":[{"href":"https:\/\/arantv.az\/index.php?rest_route=\/wp\/v2\/posts\/17939"}],"collection":[{"href":"https:\/\/arantv.az\/index.php?rest_route=\/wp\/v2\/posts"}],"about":[{"href":"https:\/\/arantv.az\/index.php?rest_route=\/wp\/v2\/types\/post"}],"author":[{"embeddable":true,"href":"https:\/\/arantv.az\/index.php?rest_route=\/wp\/v2\/users\/2"}],"replies":[{"embeddable":true,"href":"https:\/\/arantv.az\/index.php?rest_route=%2Fwp%2Fv2%2Fcomments&post=17939"}],"version-history":[{"count":0,"href":"https:\/\/arantv.az\/index.php?rest_route=\/wp\/v2\/posts\/17939\/revisions"}],"wp:featuredmedia":[{"embeddable":true,"href":"https:\/\/arantv.az\/index.php?rest_route=\/wp\/v2\/media\/17940"}],"wp:attachment":[{"href":"https:\/\/arantv.az\/index.php?rest_route=%2Fwp%2Fv2%2Fmedia&parent=17939"}],"wp:term":[{"taxonomy":"category","embeddable":true,"href":"https:\/\/arantv.az\/index.php?rest_route=%2Fwp%2Fv2%2Fcategories&post=17939"},{"taxonomy":"post_tag","embeddable":true,"href":"https:\/\/arantv.az\/index.php?rest_route=%2Fwp%2Fv2%2Ftags&post=17939"}],"curies":[{"name":"wp","href":"https:\/\/api.w.org\/{rel}","templated":true}]}}