{"id":17945,"date":"2018-10-09T15:33:11","date_gmt":"2018-10-09T12:33:11","guid":{"rendered":"http:\/\/arantv.az\/?p=17945"},"modified":"2018-10-09T15:33:11","modified_gmt":"2018-10-09T12:33:11","slug":"xaricd%c9%99n-isci-c%c9%99lb-edin-ayaginizi-yorganiniza-gor%c9%99-uzadin-deputatlarin-qalmaqalli-sozl%c9%99ri","status":"publish","type":"post","link":"https:\/\/arantv.az\/?p=17945","title":{"rendered":"&#8220;Xaricd\u0259n i\u015f\u00e7i c\u0259lb edin&#8221;, &#8220;Aya\u011f\u0131n\u0131z\u0131 yor\u011fan\u0131n\u0131za g\u00f6r\u0259 uzad\u0131n&#8221; &#8211; Deputatlar\u0131n qalmaqall\u0131 s\u00f6zl\u0259ri"},"content":{"rendered":"<p>Az\u0259rbaycanda deputatlar\u0131n g\u00fcnd\u0259lik h\u0259yatda ba\u015f ver\u0259n hadis\u0259l\u0259r\u0259 fikir bildirm\u0259si xalq t\u0259r\u0259find\u0259n m\u00fczakir\u0259 edilir. Eyni zamanda Milli M\u0259clisin iclas\u0131 zaman\u0131 mill\u0259t v\u0259kill\u0259rimizin t\u0259klifl\u0259ri \u0259hali t\u0259r\u0259find\u0259n birm\u0259nal\u0131 qar\u015f\u0131lanm\u0131r. Bu is\u0259 b\u0259z\u0259n xalq\u0131n q\u0259z\u0259bin\u0259 s\u0259b\u0259b ola bilir.<\/p>\n<p><b>ARANTV.AZ\u00a0<\/b> h\u0259min qalmaqall\u0131 a\u00e7\u0131qlamal\u0131n b\u0259zil\u0259rini oxuculara t\u0259qdim edir:<br \/>\n<img class=\"imgbcodecent\" src=\"http:\/\/upload.az\/foto\/arxiv\/AydinHuseynov.jpg\" alt=\"&quot;Xaricd\u0259n i\u015f\u00e7i c\u0259lb edin&quot;, &quot;Aya\u011f\u0131n\u0131z\u0131 yor\u011fan\u0131n\u0131za g\u00f6r\u0259 uzad\u0131n&quot; - Deputatlar\u0131n qalmaqall\u0131 s\u00f6zl\u0259ri\" \/><\/p>\n<p>Milli M\u0259clisin deputat\u0131, Yeni Az\u0259rbaycan Partiyas\u0131n\u0131n (YAP) \u0130dar\u0259 Hey\u0259tinin \u00fczv\u00fc Ayd\u0131n H\u00fcseynovun \u00f6lk\u0259d\u0259ki i\u015fsizlik problemi il\u0259 ba\u011fl\u0131 s\u0259sl\u0259ndirdiyi fikirl\u0259r d\u0259 c\u0259miyy\u0259t t\u0259r\u0259find\u0259n birm\u0259nal\u0131 qar\u015flanmam\u0131\u015fd\u0131. Deputat bildirmi\u015fdi ki, Az\u0259rbaycanda i\u015f\u00e7il\u0259r\u0259 ehtiyac yaranaca\u011f\u0131 \u00fc\u00e7\u00fcn xarici \u00f6lk\u0259l\u0259rd\u0259n i\u015f\u00e7il\u0259r d\u0259dv\u0259t edilm\u0259lidir:<\/p>\n<p>&#8220;\u018fg\u0259r kims\u0259 hesab edirs\u0259 ki, Az\u0259rbaycanda i\u015f yerl\u0259rinin say\u0131 azal\u0131r, onlar s\u0259hv fikirl\u0259\u015firl\u0259r. \u018fksin\u0259, Az\u0259rbaycanda i\u015f yerl\u0259ri daha da \u00e7oxal\u0131r. Yax\u0131n g\u0259l\u0259c\u0259kd\u0259 bu daha da \u00e7ox olacaq. H\u0259tta, yax\u0131n g\u0259l\u0259c\u0259kd\u0259 Az\u0259rbaycanda i\u015f\u00e7il\u0259r\u0259 ehtiyac yaranaca\u011f\u0131 \u00fc\u00e7\u00fcn biz \u00f6lk\u0259mizd\u0259 \u0259m\u0259k bazar\u0131na xarici \u00f6lk\u0259l\u0259rd\u0259n insanlar\u0131 d\u0259v\u0259t ed\u0259c\u0259yik. \u00c7\u00fcnki Az\u0259rbaycanda i\u015f yerl\u0259rinin say\u0131 getdikc\u0259 daha da \u00e7oxal\u0131r&#8221;.<\/p>\n<p><img class=\"imgbcodecent\" src=\"http:\/\/upload.az\/foto\/arxiv\/1538032449zooooaz_61538035724_81539086159.jpg\" alt=\"&quot;Xaricd\u0259n i\u015f\u00e7i c\u0259lb edin&quot;, &quot;Aya\u011f\u0131n\u0131z\u0131 yor\u011fan\u0131n\u0131za g\u00f6r\u0259 uzad\u0131n&quot; - Deputatlar\u0131n qalmaqall\u0131 s\u00f6zl\u0259ri\" \/><\/p>\n<p>Deputat Had\u0131 R\u0259c\u0259blinin Az\u0259rbaycanda sosial \u015f\u0259b\u0259k\u0259l\u0259rin ba\u011flanmas\u0131 il\u0259 ba\u011fl\u0131 \u00e7a\u011f\u0131r\u0131\u015f\u0131 m\u0259tbuatda geni\u015f m\u00fczakir\u0259 m\u00f6vzusuna \u00e7evrilmi\u015fdi.<br \/>\nBundan \u0259lav\u0259 deputat m\u00fc\u0259lliml\u0259r\u0259 i\u015fd\u0259n sonra f\u0259hl\u0259lik etm\u0259yi t\u0259klif etmi\u015fdi.<\/p>\n<p>O bildirmi\u015fdi ki, \u0259g\u0259r bu g\u00fcn m\u00fc\u0259llim 150-200 manat maa\u015f al\u0131r v\u0259 dolana bilmirs\u0259, o i\u015fd\u0259n sonra da ba\u015fqa n\u0259 il\u0259s\u0259 m\u0259\u015f\u011ful olmal\u0131d\u0131r: \u201cL\u0259nk\u0259ran\u0131n Veravul k\u0259ndind\u0259 Balab\u0259y m\u00fc\u0259llim adl\u0131 bir \u015f\u0259xs var. O, g\u00fcn\u00fcn birinci yar\u0131s\u0131 m\u00fc\u0259llimlik edir, nahardan sonra is\u0259 gedib da\u015f h\u00f6r\u00fcr, ustal\u0131q edir. Qazand\u0131\u011f\u0131 pulla da ail\u0259sini saxlay\u0131r. O, bunu he\u00e7 d\u0259 ay\u0131b hesab etmir. Bunun n\u0259yi pisdir ki? \u018fg\u0259r v\u0259t\u0259nda\u015f yax\u015f\u0131 ya\u015famaq ist\u0259yirs\u0259, \u00e7ox i\u015fl\u0259m\u0259lidir\u201d.<\/p>\n<p><img class=\"imgbcodecent\" src=\"http:\/\/upload.az\/foto\/arxiv\/1538032449zooooaz_61538035724_51539086194.jpg\" alt=\"&quot;Xaricd\u0259n i\u015f\u00e7i c\u0259lb edin&quot;, &quot;Aya\u011f\u0131n\u0131z\u0131 yor\u011fan\u0131n\u0131za g\u00f6r\u0259 uzad\u0131n&quot; - Deputatlar\u0131n qalmaqall\u0131 s\u00f6zl\u0259ri\" \/><\/p>\n<p>Az\u0259rbaycan\u0131n Bil\u0259suvar rayonunda m\u0259cburi k\u00f6\u00e7k\u00fcnl\u0259rin etiraz aksiyas\u0131ndan sonra 120 sayl\u0131 C\u0259bray\u0131l-Qubadl\u0131 se\u00e7ki dair\u0259sind\u0259n se\u00e7ilmi\u015f m\u0259rhum deputat Astan \u015eahverdiyevin s\u00f6zl\u0259ri sosial mediada naraz\u0131l\u0131qla qar\u015f\u0131lanm\u0131\u015fd\u0131.<\/p>\n<p>Bel\u0259 ki, o, a\u00e7\u0131qlamas\u0131nda bildirmi\u015fdi ki, bir qrup n\u0259\u015f\u0259li, i\u00e7kili, hakimiyy\u0259td\u0259n naraz\u0131 adam ba\u015f qald\u0131r\u0131b: &#8220;M\u0259n n\u0259\u015f\u0259li dem\u0259zdim, onlar\u0131n i\u00e7ind\u0259 s\u0259rxo\u015flar da var, c\u0259miyy\u0259tin t\u00f6r-t\u00f6k\u00fcnt\u00fcs\u00fc d\u0259. Az\u0259rbaycan c\u0259miyy\u0259ti haqda Rusiyada \u00e7ox pis fikir formala\u015f\u0131b, s\u0259b\u0259bi bilirsiniz n\u0259dir? M\u0259n bunun s\u0259b\u0259bini ara\u015fd\u0131rm\u0131\u015fam. Rusiyaya ged\u0259nl\u0259r kiml\u0259rdir? Bizim c\u0259miyy\u0259tin &#8220;otxodlar\u0131&#8221;d\u0131r. Gedib bazarda i\u015fl\u0259y\u0259nl\u0259r. \u0130ndi burda ba\u015f qald\u0131ranlar da&#8230; H\u0259r yerd\u0259 bel\u0259 t\u00f6r-t\u00f6k\u00fcnt\u00fcl\u0259r var.&#8221;<\/p>\n<p><img class=\"imgbcodecent\" src=\"http:\/\/upload.az\/foto\/arxiv\/1538032449zooooaz_61538035724_41539086238.jpg\" alt=\"&quot;Xaricd\u0259n i\u015f\u00e7i c\u0259lb edin&quot;, &quot;Aya\u011f\u0131n\u0131z\u0131 yor\u011fan\u0131n\u0131za g\u00f6r\u0259 uzad\u0131n&quot; - Deputatlar\u0131n qalmaqall\u0131 s\u00f6zl\u0259ri\" \/><\/p>\n<div id=\"AdributorNativeVideo0\" class=\"AdributorNativeVideo\"><\/div>\n<p>Deputat Aqil Abbas i\u015fsizlikl\u0259 ba\u011fl\u0131 s\u00f6yl\u0259diyi fikirl\u0259r etiraza s\u0259b\u0259b olmu\u015fdu.<\/p>\n<p>O bildirmi\u015fdi ki, Amerikada, \u0130ngilt\u0259r\u0259d\u0259, Fransada v\u0259 ya T\u00fcrkiy\u0259d\u0259 d\u0259 ham\u0131 i\u015fl\u0259 t\u0259min edilm\u0259yib: &#8220;D\u00f6vl\u0259t qulluq vermirs\u0259, s\u0259n\u0259 torpaq verir. Get orda so\u011fan \u0259k, ail\u0259ni saxla. M\u0259s\u0259l \u00fc\u00e7\u00fcn deyir\u0259m ha bunu. M\u0259n d\u0259 ist\u0259y\u0259r\u0259m ham\u0131 i\u015fl\u0259 t\u0259min olunsun. \u0130\u015fsizlik problemi \u00f6lk\u0259d\u0259 var, bunu kims\u0259 danarsa, axmaq adam olar. Sad\u0259c\u0259, b\u00fct\u00fcn d\u00fcnyada ged\u0259n iqtisadi b\u00f6hran var, probleml\u0259r var\u201d.<\/p>\n<p><img class=\"imgbcodecent\" src=\"http:\/\/upload.az\/foto\/arxiv\/1_61539088196.jpg\" alt=\"&quot;Xaricd\u0259n i\u015f\u00e7i c\u0259lb edin&quot;, &quot;Aya\u011f\u0131n\u0131z\u0131 yor\u011fan\u0131n\u0131za g\u00f6r\u0259 uzad\u0131n&quot; - Deputatlar\u0131n qalmaqall\u0131 s\u00f6zl\u0259ri\" \/><\/p>\n<p>Milli M\u0259clisin s\u0259drinin m\u00fcavini Bahar Muradovan\u0131n ifad\u0259l\u0259ri d\u0259 naraz\u0131l\u0131\u011fa s\u0259b\u0259b olmu\u015fdu.<br \/>\nO bildirmi\u015fdi ki, media yaz\u0131r ki, g\u0259l\u0259n ilin b\u00fcdc\u0259 layih\u0259sinin m\u00fczakir\u0259si zaman\u0131 o, b\u00fcdc\u0259nin g\u0259rgin qlobal v\u0259 \u00f6lk\u0259daxili \u015f\u0259rait n\u0259zar\u0259 al\u0131naraq haz\u0131rland\u0131\u011f\u0131n\u0131 deyib: &#8220;H\u0259r k\u0259s aya\u011f\u0131n\u0131 yor\u011fan\u0131na g\u00f6r\u0259 uzatmal\u0131d\u0131r&#8221;.<\/p>\n<p>&#8220;Neftin d\u00fcnya bazar\u0131nda ucuzla\u015fmas\u0131 v\u0259 manat\u0131n devalvasiyas\u0131 t\u0259l\u0259b edir ki, insanlar q\u0259na\u0259t rejimin\u0259 ke\u00e7sin, \u0259hali yoxsul ya\u015fama\u011fa \u00f6yr\u0259\u015fsin, 2017-ci ilin daha \u00e7\u0259tin olaca\u011f\u0131n\u0131 n\u0259z\u0259r\u0259 alaraq h\u00f6kum\u0259td\u0259n g\u00f6zl\u0259ntil\u0259rinizi sonraya saxlay\u0131n&#8221;.<\/p>\n<p><img class=\"imgbcodecent\" src=\"http:\/\/upload.az\/foto\/arxiv\/1538032449zooooaz_61538035724_91539086332.jpg\" alt=\"&quot;Xaricd\u0259n i\u015f\u00e7i c\u0259lb edin&quot;, &quot;Aya\u011f\u0131n\u0131z\u0131 yor\u011fan\u0131n\u0131za g\u00f6r\u0259 uzad\u0131n&quot; - Deputatlar\u0131n qalmaqall\u0131 s\u00f6zl\u0259ri\" \/><\/p>\n<p>Deputat H\u00fcseynbala Mir\u0259l\u0259movun insanlara &#8220;aya\u011f\u0131n\u0131z\u0131 yor\u011fan\u0131n\u0131za g\u00f6r\u0259 uzad\u0131n&#8221; fikirl\u0259ri d\u0259 naraz\u0131l\u0131qla qar\u015f\u0131lanm\u0131\u015fd\u0131: &#8220;Aya\u011f\u0131n\u0131z\u0131 yor\u011fan\u0131n\u0131za g\u00f6r\u0259 uzad\u0131n. Azd\u0131r, az ye, \u00e7oxdur, \u00e7ox ye. Adamlar var, \u00e7\u00f6r\u0259k yemir, \u0259t yemir, bal\u0131q yemir, ba\u015fqa \u015fey yemir ki, forma saxlay\u0131r. Y\u0259ni dem\u0259k ist\u0259yir\u0259m ki, \u00e7ox yem\u0259k insan\u0131 tez qocald\u0131r&#8221;.<\/p>\n<p><img class=\"imgbcodecent\" src=\"http:\/\/upload.az\/foto\/arxiv\/1538032449zooooaz_61538035724_81539086375.jpg\" alt=\"&quot;Xaricd\u0259n i\u015f\u00e7i c\u0259lb edin&quot;, &quot;Aya\u011f\u0131n\u0131z\u0131 yor\u011fan\u0131n\u0131za g\u00f6r\u0259 uzad\u0131n&quot; - Deputatlar\u0131n qalmaqall\u0131 s\u00f6zl\u0259ri\" \/><\/p>\n<p>Milli M\u0259clisin Regional m\u0259s\u0259l\u0259l\u0259r v\u0259 Ail\u0259, qad\u0131n v\u0259 u\u015faq m\u0259s\u0259l\u0259l\u0259ri komit\u0259l\u0259rinin \u00fczv\u00fc Tahir Rzayevin d\u00f6y\u00fcl\u0259n, \u015fidd\u0259t g\u00f6r\u0259n qad\u0131nlar bar\u0259sind\u0259 a\u00e7\u0131qlamas\u0131 m\u00fczakir\u0259l\u0259r\u0259 s\u0259b\u0259b olmu\u015fdu.<\/p>\n<p>O bildirmi\u015fdi ki, he\u00e7 vaxt y\u00fcr\u00fcy\u0259n ata qam\u00e7\u0131 vurmurlar: \u201c\u018fg\u0259r qad\u0131n evd\u0259 ki\u015finin s\u00f6z\u00fcn\u00fc e\u015fitmirs\u0259, hegemonluq etm\u0259k ist\u0259yirs\u0259, ki\u015fi d\u0259 \u0259s\u0259bil\u0259\u015fib ona bir s\u00f6z dem\u0259lidir d\u0259!\u201d<\/p>\n<p><img class=\"imgbcodecent\" src=\"http:\/\/upload.az\/foto\/arxiv\/1538032449zooooaz_61538035724_31539086407.jpg\" alt=\"&quot;Xaricd\u0259n i\u015f\u00e7i c\u0259lb edin&quot;, &quot;Aya\u011f\u0131n\u0131z\u0131 yor\u011fan\u0131n\u0131za g\u00f6r\u0259 uzad\u0131n&quot; - Deputatlar\u0131n qalmaqall\u0131 s\u00f6zl\u0259ri\" \/><\/p>\n<p>big.az<\/p>\n","protected":false},"excerpt":{"rendered":"<p>Az\u0259rbaycanda deputatlar\u0131n g\u00fcnd\u0259lik h\u0259yatda ba\u015f ver\u0259n hadis\u0259l\u0259r\u0259 fikir bildirm\u0259si xalq t\u0259r\u0259find\u0259n m\u00fczakir\u0259 edilir. Eyni zamanda Milli M\u0259clisin iclas\u0131 zaman\u0131 mill\u0259t v\u0259kill\u0259rimizin t\u0259klifl\u0259ri \u0259hali t\u0259r\u0259find\u0259n birm\u0259nal\u0131 qar\u015f\u0131lanm\u0131r. Bu is\u0259 b\u0259z\u0259n xalq\u0131n q\u0259z\u0259bin\u0259 s\u0259b\u0259b ola bilir. ARANTV.AZ\u00a0 h\u0259min qalmaqall\u0131 a\u00e7\u0131qlamal\u0131n b\u0259zil\u0259rini oxuculara t\u0259qdim edir: Milli M\u0259clisin deputat\u0131, Yeni Az\u0259rbaycan Partiyas\u0131n\u0131n (YAP) \u0130dar\u0259 Hey\u0259tinin \u00fczv\u00fc Ayd\u0131n H\u00fcseynovun \u00f6lk\u0259d\u0259ki i\u015fsizlik problemi il\u0259 ba\u011fl\u0131 s\u0259sl\u0259ndirdiyi fikirl\u0259r d\u0259 c\u0259miyy\u0259t t\u0259r\u0259find\u0259n birm\u0259nal\u0131 qar\u015flanmam\u0131\u015fd\u0131. Deputat bildirmi\u015fdi ki, Az\u0259rbaycanda i\u015f\u00e7il\u0259r\u0259 ehtiyac yaranaca\u011f\u0131 \u00fc\u00e7\u00fcn xarici \u00f6lk\u0259l\u0259rd\u0259n i\u015f\u00e7il\u0259r d\u0259dv\u0259t edilm\u0259lidir: &#8220;\u018fg\u0259r kims\u0259 hesab edirs\u0259 ki, Az\u0259rbaycanda i\u015f yerl\u0259rinin say\u0131 azal\u0131r, onlar&hellip;<\/p>\n","protected":false},"author":2,"featured_media":17946,"comment_status":"closed","ping_status":"closed","sticky":false,"template":"","format":"standard","meta":{"om_disable_all_campaigns":false,"_monsterinsights_skip_tracking":false,"_monsterinsights_sitenote_active":false,"_monsterinsights_sitenote_note":"","_monsterinsights_sitenote_category":0},"categories":[1],"tags":[],"aioseo_notices":[],"gutentor_comment":0,"rttpg_featured_image_url":{"full":["https:\/\/arantv.az\/wp-content\/uploads\/2018\/10\/BeFunky_Collage_91539087937.jpg",649,301,false],"landscape":["https:\/\/arantv.az\/wp-content\/uploads\/2018\/10\/BeFunky_Collage_91539087937.jpg",649,301,false],"portraits":["https:\/\/arantv.az\/wp-content\/uploads\/2018\/10\/BeFunky_Collage_91539087937.jpg",649,301,false],"thumbnail":["https:\/\/arantv.az\/wp-content\/uploads\/2018\/10\/BeFunky_Collage_91539087937-150x150.jpg",150,150,true],"medium":["https:\/\/arantv.az\/wp-content\/uploads\/2018\/10\/BeFunky_Collage_91539087937-300x139.jpg",300,139,true],"large":["https:\/\/arantv.az\/wp-content\/uploads\/2018\/10\/BeFunky_Collage_91539087937.jpg",640,297,false],"1536x1536":["https:\/\/arantv.az\/wp-content\/uploads\/2018\/10\/BeFunky_Collage_91539087937.jpg",649,301,false],"2048x2048":["https:\/\/arantv.az\/wp-content\/uploads\/2018\/10\/BeFunky_Collage_91539087937.jpg",649,301,false],"post-thumbnail":["https:\/\/arantv.az\/wp-content\/uploads\/2018\/10\/BeFunky_Collage_91539087937-240x172.jpg",240,172,true],"advps-thumb-one":["https:\/\/arantv.az\/wp-content\/uploads\/2018\/10\/BeFunky_Collage_91539087937.jpg",649,301,false]},"rttpg_author":{"display_name":"V\u00fcsal Rafiqo\u011flu","author_link":"https:\/\/arantv.az\/?author=2"},"rttpg_comment":0,"rttpg_category":"<a href=\"https:\/\/arantv.az\/?cat=1\" rel=\"category\">C\u0259miyy\u0259t<\/a>","rttpg_excerpt":"Az\u0259rbaycanda deputatlar\u0131n g\u00fcnd\u0259lik h\u0259yatda ba\u015f ver\u0259n hadis\u0259l\u0259r\u0259 fikir bildirm\u0259si xalq t\u0259r\u0259find\u0259n m\u00fczakir\u0259 edilir. Eyni zamanda Milli M\u0259clisin iclas\u0131 zaman\u0131 mill\u0259t v\u0259kill\u0259rimizin t\u0259klifl\u0259ri \u0259hali t\u0259r\u0259find\u0259n birm\u0259nal\u0131 qar\u015f\u0131lanm\u0131r. Bu is\u0259 b\u0259z\u0259n xalq\u0131n q\u0259z\u0259bin\u0259 s\u0259b\u0259b ola bilir. ARANTV.AZ\u00a0 h\u0259min qalmaqall\u0131 a\u00e7\u0131qlamal\u0131n b\u0259zil\u0259rini oxuculara t\u0259qdim edir: Milli M\u0259clisin deputat\u0131, Yeni Az\u0259rbaycan Partiyas\u0131n\u0131n (YAP) \u0130dar\u0259 Hey\u0259tinin \u00fczv\u00fc Ayd\u0131n H\u00fcseynovun \u00f6lk\u0259d\u0259ki&hellip;","_links":{"self":[{"href":"https:\/\/arantv.az\/index.php?rest_route=\/wp\/v2\/posts\/17945"}],"collection":[{"href":"https:\/\/arantv.az\/index.php?rest_route=\/wp\/v2\/posts"}],"about":[{"href":"https:\/\/arantv.az\/index.php?rest_route=\/wp\/v2\/types\/post"}],"author":[{"embeddable":true,"href":"https:\/\/arantv.az\/index.php?rest_route=\/wp\/v2\/users\/2"}],"replies":[{"embeddable":true,"href":"https:\/\/arantv.az\/index.php?rest_route=%2Fwp%2Fv2%2Fcomments&post=17945"}],"version-history":[{"count":0,"href":"https:\/\/arantv.az\/index.php?rest_route=\/wp\/v2\/posts\/17945\/revisions"}],"wp:featuredmedia":[{"embeddable":true,"href":"https:\/\/arantv.az\/index.php?rest_route=\/wp\/v2\/media\/17946"}],"wp:attachment":[{"href":"https:\/\/arantv.az\/index.php?rest_route=%2Fwp%2Fv2%2Fmedia&parent=17945"}],"wp:term":[{"taxonomy":"category","embeddable":true,"href":"https:\/\/arantv.az\/index.php?rest_route=%2Fwp%2Fv2%2Fcategories&post=17945"},{"taxonomy":"post_tag","embeddable":true,"href":"https:\/\/arantv.az\/index.php?rest_route=%2Fwp%2Fv2%2Ftags&post=17945"}],"curies":[{"name":"wp","href":"https:\/\/api.w.org\/{rel}","templated":true}]}}