{"id":18019,"date":"2018-10-10T09:44:00","date_gmt":"2018-10-10T06:44:00","guid":{"rendered":"http:\/\/arantv.az\/?p=18019"},"modified":"2018-10-10T09:44:00","modified_gmt":"2018-10-10T06:44:00","slug":"o-bakiya-g%c9%99lir","status":"publish","type":"post","link":"https:\/\/arantv.az\/?p=18019","title":{"rendered":"O, Bak\u0131ya g\u0259lir&#8230;"},"content":{"rendered":"<p>Az\u0259rbaycanda yerli v\u0259 xarici m\u00fc\u011f\u0259nnil\u0259rin, \u0259sas\u0259n d\u0259 t\u00fcrk m\u00fc\u011f\u0259nnil\u0259rin konsertl\u0259rini t\u0259\u015fkil ed\u0259n m\u0259\u015fhur prod\u00fcser v\u0259 t\u0259\u015fkilat\u00e7\u0131 Nahid Emino\u011flu s\u00fckutu pozma\u011fa haz\u0131rla\u015f\u0131r. <strong>ARANTV.AZ<\/strong>-a veril\u0259n m\u0259lumata g\u00f6r\u0259, t\u0259\u015fkilat\u00e7\u0131 m\u0259h\u015fur t\u00fcrkiy\u0259li m\u00fc\u011f\u0259nni Ozan Ko\u00e7erin sev\u0259nl\u0259rin\u0259 s\u00fcrpriz haz\u0131rlay\u0131b. M\u00fc\u011f\u0259nninin konsert proqram\u0131 Nahid Emino\u011flunun t\u0259\u015fkilat\u00e7\u0131l\u0131\u011f\u0131 il\u0259 ilin son g\u00fcnl\u0259rind\u0259 paytaxtda m\u0259kanlar\u0131n birind\u0259 ba\u015f tutacaq.<\/p>\n","protected":false},"excerpt":{"rendered":"<p>Az\u0259rbaycanda yerli v\u0259 xarici m\u00fc\u011f\u0259nnil\u0259rin, \u0259sas\u0259n d\u0259 t\u00fcrk m\u00fc\u011f\u0259nnil\u0259rin konsertl\u0259rini t\u0259\u015fkil ed\u0259n m\u0259\u015fhur prod\u00fcser v\u0259 t\u0259\u015fkilat\u00e7\u0131 Nahid Emino\u011flu s\u00fckutu pozma\u011fa haz\u0131rla\u015f\u0131r. ARANTV.AZ-a veril\u0259n m\u0259lumata g\u00f6r\u0259, t\u0259\u015fkilat\u00e7\u0131 m\u0259h\u015fur t\u00fcrkiy\u0259li m\u00fc\u011f\u0259nni Ozan Ko\u00e7erin sev\u0259nl\u0259rin\u0259 s\u00fcrpriz haz\u0131rlay\u0131b. M\u00fc\u011f\u0259nninin konsert proqram\u0131 Nahid Emino\u011flunun t\u0259\u015fkilat\u00e7\u0131l\u0131\u011f\u0131 il\u0259 ilin son g\u00fcnl\u0259rind\u0259 paytaxtda m\u0259kanlar\u0131n birind\u0259 ba\u015f tutacaq.<\/p>\n","protected":false},"author":2,"featured_media":18020,"comment_status":"closed","ping_status":"closed","sticky":false,"template":"","format":"standard","meta":{"om_disable_all_campaigns":false,"_monsterinsights_skip_tracking":false,"_monsterinsights_sitenote_active":false,"_monsterinsights_sitenote_note":"","_monsterinsights_sitenote_category":0},"categories":[20],"tags":[],"aioseo_notices":[],"gutentor_comment":0,"rttpg_featured_image_url":{"full":["https:\/\/arantv.az\/wp-content\/uploads\/2018\/10\/43680933_163125654634240_4480485440528318464_n.jpg",720,479,false],"landscape":["https:\/\/arantv.az\/wp-content\/uploads\/2018\/10\/43680933_163125654634240_4480485440528318464_n.jpg",720,479,false],"portraits":["https:\/\/arantv.az\/wp-content\/uploads\/2018\/10\/43680933_163125654634240_4480485440528318464_n.jpg",720,479,false],"thumbnail":["https:\/\/arantv.az\/wp-content\/uploads\/2018\/10\/43680933_163125654634240_4480485440528318464_n-150x150.jpg",150,150,true],"medium":["https:\/\/arantv.az\/wp-content\/uploads\/2018\/10\/43680933_163125654634240_4480485440528318464_n-300x200.jpg",300,200,true],"large":["https:\/\/arantv.az\/wp-content\/uploads\/2018\/10\/43680933_163125654634240_4480485440528318464_n.jpg",640,426,false],"1536x1536":["https:\/\/arantv.az\/wp-content\/uploads\/2018\/10\/43680933_163125654634240_4480485440528318464_n.jpg",720,479,false],"2048x2048":["https:\/\/arantv.az\/wp-content\/uploads\/2018\/10\/43680933_163125654634240_4480485440528318464_n.jpg",720,479,false],"post-thumbnail":["https:\/\/arantv.az\/wp-content\/uploads\/2018\/10\/43680933_163125654634240_4480485440528318464_n-240x172.jpg",240,172,true],"advps-thumb-one":["https:\/\/arantv.az\/wp-content\/uploads\/2018\/10\/43680933_163125654634240_4480485440528318464_n.jpg",720,479,false]},"rttpg_author":{"display_name":"V\u00fcsal Rafiqo\u011flu","author_link":"https:\/\/arantv.az\/?author=2"},"rttpg_comment":0,"rttpg_category":"<a href=\"https:\/\/arantv.az\/?cat=20\" rel=\"category\">\u015eou biznes<\/a>","rttpg_excerpt":"Az\u0259rbaycanda yerli v\u0259 xarici m\u00fc\u011f\u0259nnil\u0259rin, \u0259sas\u0259n d\u0259 t\u00fcrk m\u00fc\u011f\u0259nnil\u0259rin konsertl\u0259rini t\u0259\u015fkil ed\u0259n m\u0259\u015fhur prod\u00fcser v\u0259 t\u0259\u015fkilat\u00e7\u0131 Nahid Emino\u011flu s\u00fckutu pozma\u011fa haz\u0131rla\u015f\u0131r. ARANTV.AZ-a veril\u0259n m\u0259lumata g\u00f6r\u0259, t\u0259\u015fkilat\u00e7\u0131 m\u0259h\u015fur t\u00fcrkiy\u0259li m\u00fc\u011f\u0259nni Ozan Ko\u00e7erin sev\u0259nl\u0259rin\u0259 s\u00fcrpriz haz\u0131rlay\u0131b. M\u00fc\u011f\u0259nninin konsert proqram\u0131 Nahid Emino\u011flunun t\u0259\u015fkilat\u00e7\u0131l\u0131\u011f\u0131 il\u0259 ilin son g\u00fcnl\u0259rind\u0259 paytaxtda m\u0259kanlar\u0131n birind\u0259 ba\u015f tutacaq.","_links":{"self":[{"href":"https:\/\/arantv.az\/index.php?rest_route=\/wp\/v2\/posts\/18019"}],"collection":[{"href":"https:\/\/arantv.az\/index.php?rest_route=\/wp\/v2\/posts"}],"about":[{"href":"https:\/\/arantv.az\/index.php?rest_route=\/wp\/v2\/types\/post"}],"author":[{"embeddable":true,"href":"https:\/\/arantv.az\/index.php?rest_route=\/wp\/v2\/users\/2"}],"replies":[{"embeddable":true,"href":"https:\/\/arantv.az\/index.php?rest_route=%2Fwp%2Fv2%2Fcomments&post=18019"}],"version-history":[{"count":0,"href":"https:\/\/arantv.az\/index.php?rest_route=\/wp\/v2\/posts\/18019\/revisions"}],"wp:featuredmedia":[{"embeddable":true,"href":"https:\/\/arantv.az\/index.php?rest_route=\/wp\/v2\/media\/18020"}],"wp:attachment":[{"href":"https:\/\/arantv.az\/index.php?rest_route=%2Fwp%2Fv2%2Fmedia&parent=18019"}],"wp:term":[{"taxonomy":"category","embeddable":true,"href":"https:\/\/arantv.az\/index.php?rest_route=%2Fwp%2Fv2%2Fcategories&post=18019"},{"taxonomy":"post_tag","embeddable":true,"href":"https:\/\/arantv.az\/index.php?rest_route=%2Fwp%2Fv2%2Ftags&post=18019"}],"curies":[{"name":"wp","href":"https:\/\/api.w.org\/{rel}","templated":true}]}}