{"id":18034,"date":"2018-10-10T10:13:47","date_gmt":"2018-10-10T07:13:47","guid":{"rendered":"http:\/\/arantv.az\/?p=18034"},"modified":"2018-10-10T10:13:47","modified_gmt":"2018-10-10T07:13:47","slug":"%c9%99s-sarq-%c9%99l-avsat-q%c9%99zetind%c9%99-az%c9%99rbaycan-qafqaz-daglarinin-qoynuna-siginmis-kurortlar-diyari-adli-m%c9%99qal%c9%99-d%c9%99rc-edilib","status":"publish","type":"post","link":"https:\/\/arantv.az\/?p=18034","title":{"rendered":"\u201c\u018f\u015f-\u015earq \u0259l-Avsat\u201d q\u0259zetind\u0259 \u201cAz\u0259rbaycan &#8211; Qafqaz da\u011flar\u0131n\u0131n qoynuna s\u0131\u011f\u0131nm\u0131\u015f kurortlar diyar\u0131\u201d adl\u0131 m\u0259qal\u0259 d\u0259rc edilib"},"content":{"rendered":"<p><strong>ARANTV.AZ<\/strong> x\u0259b\u0259r verir ki, B\u00f6y\u00fck Britaniyan\u0131n \u0259r\u0259bdilli \u201c\u018f\u015f-\u015earq \u0259l-Avsat\u201d q\u0259zetind\u0259 \u201cAz\u0259rbaycan &#8211; Qafqaz da\u011flar\u0131n\u0131n qoynuna s\u0131\u011f\u0131nm\u0131\u015f kurortlar diyar\u0131\u201d adl\u0131 m\u0259qal\u0259 d\u0259rc edilib. \u00d6lk\u0259mizin turizm potensial\u0131ndan b\u0259hs olunan yazida paytaxt Bak\u0131 Az\u0259rbaycan\u0131n q\u0259lbi, L\u0259nk\u0259ran \u2013 incisi adland\u0131r\u0131l\u0131b.<\/p>\n<p>\u201cAz\u0259rbaycan t\u0259kc\u0259 Qafqaz da\u011flar\u0131ndan X\u0259z\u0259r d\u0259nizin\u0259d\u0259k uzanan d\u00f6vl\u0259tin ad\u0131 deyil. O, h\u0259m d\u0259 tarixi-m\u0259d\u0259ni irsil\u0259 se\u00e7il\u0259n bir co\u011frafi m\u0259kand\u0131r. 5 min il\u0259 yax\u0131n tarixi olan bu irs Az\u0259rbaycan\u0131 bu g\u00fcn nadir turizm \u015fedevrin\u0259 \u00e7evirir\u201d. M\u0259qal\u0259sini bu s\u00f6zl\u0259rl\u0259 ba\u015flayan m\u00fc\u0259llif Taha \u018fbd\u00fclvahid bildirilir ki, Az\u0259rbaycanda q\u0259dim saraylar v\u0259 qalalar, X\u0259z\u0259r d\u0259nizi boyu uzanan g\u00f6z\u0259l sahil var. Yaz\u0131da \u00f6lk\u0259mizin co\u011frafi m\u00f6vqeyi bar\u0259d\u0259 m\u0259lumat verilir. Qeyd olunur ki, Az\u0259rbaycan Avropa v\u0259 Asiya aras\u0131nda unikal kimliyini qoruyub saxlayan m\u0259kand\u0131r. Q\u0259dim Bak\u0131 is\u0259 \u00f6t\u0259n ill\u0259rin x\u0259zin\u0259l\u0259rind\u0259n x\u0259b\u0259r verir.\u00a0<strong>Bak\u0131n\u0131 Az\u0259rbaycan\u0131n q\u0259lbi adland\u0131ran m\u00fc\u0259llif deyir ki,\u00a0<\/strong>\u00e7oxlu tarixi m\u0259kanlara, \u0259srl\u0259rd\u0259n b\u0259ri formala\u015fan m\u0259d\u0259ni r\u0259ngar\u0259ngliy\u0259 malik bu \u015f\u0259h\u0259r son ill\u0259rd\u0259 intibah d\u00f6vr\u00fcn\u00fc ya\u015fay\u0131r. Bak\u0131 \u0259n g\u00f6z\u0259l memarl\u0131q \u00f6rt\u00fcy\u00fcn\u0259 b\u00fcr\u00fcn\u00fcb, maraql\u0131 turizm istiqam\u0259tin\u0259 \u00e7evrilib. \u015e\u0259h\u0259r h\u0259r k\u0259si ke\u00e7mi\u015fin x\u0259zin\u0259 v\u0259 r\u0259vay\u0259tl\u0259ril\u0259 yana\u015f\u0131, indinin hekay\u0259tl\u0259rini k\u0259\u015ff etm\u0259y\u0259 h\u0259v\u0259sl\u0259ndirir.\u00a0<em>Taha \u018fbd\u00fclvahid yaz\u0131r ki,\u00a0<\/em>Az\u0259rbaycan\u0131n d\u00f6y\u00fcn\u0259n \u00fcr\u0259yi olan paytaxt Bak\u0131 q\u0259dim m\u0259rk\u0259zi il\u0259 tan\u0131n\u0131r. M\u0259qal\u0259d\u0259 \u0130\u00e7\u0259ri\u015f\u0259h\u0259r, Q\u0131z qalas\u0131, \u015eirvan\u015fahlar saray\u0131 haqq\u0131nda dol\u011fun m\u0259lumat verilir. Vur\u011fulan\u0131r ki, q\u0259dimd\u0259n ticar\u0259t yollar\u0131n\u0131n k\u0259si\u015fm\u0259sind\u0259 yerl\u0259\u015f\u0259n Bak\u0131da karvansaralar m\u00f6vcuddur. \u0130\u00e7\u0259ri\u015f\u0259h\u0259rd\u0259ki q\u0259dim hamamlar is\u0259 bug\u00fcn\u0259d\u0259k qalmaqdad\u0131r. Jurnalist yaz\u0131s\u0131nda qeyd edir ki, a\u015fkar edil\u0259n \u0259\u015fyalar insan\u0131n burada h\u0259l\u0259 tunc d\u00f6vr\u00fcnd\u0259n m\u0259skunla\u015fd\u0131\u011f\u0131n\u0131 g\u00f6st\u0259rir, UNESCO is\u0259 \u0130\u00e7\u0259ri\u015f\u0259h\u0259ri v\u0259 bir s\u0131ra tarixi abid\u0259ni D\u00fcnya \u0130rsi siyah\u0131s\u0131na daxil edib. M\u0259qal\u0259d\u0259 deyirlir ki, q\u0259dim \u0130\u00e7\u0259ri\u015f\u0259h\u0259rd\u0259 g\u0259zintid\u0259n z\u00f6vq ald\u0131qdan sonra m\u00fcasir Bak\u0131n\u0131 dola\u015fmaq olar. \u015e\u0259h\u0259rin g\u00f6z ox\u015fayan memarl\u0131\u011f\u0131, son\u00a0 ill\u0259rin inki\u015faf\u0131 turistl\u0259ri heyran edir.<\/p>\n<p>\u201cBak\u0131 il\u0259 yana\u015f\u0131, Az\u0259rbaycanda unikal turizm imkanlar\u0131na malik dig\u0259r \u015f\u0259h\u0259rl\u0259r d\u0259 var\u201d, dey\u0259n m\u00fc\u0259llif, bu x\u00fcsusda\u00a0<strong>Naftalan<\/strong>\u00a0\u015f\u0259h\u0259rini qeyd edir. Vur\u011fulan\u0131r ki, \u015f\u0259h\u0259r d\u00fcnyan\u0131n ba\u015fqa he\u00e7 bir yerind\u0259 olmayan xidm\u0259t t\u0259qdim edir. Bu, neftl\u0259 ba\u011fl\u0131 xidm\u0259tdir. Regionun \u201cQara q\u0131z\u0131l \u00e7e\u015fm\u0259si sa\u011flaml\u0131\u011f\u0131n a\u00e7ar\u0131d\u0131r\u201d \u015f\u00fcar\u0131 alt\u0131nda f\u0259aliyy\u0259t g\u00f6st\u0259r\u0259n m\u00fcalic\u0259vi kurortlar\u0131 \u00e7ox m\u0259\u015fhurdur. Jurnalist oxucular\u0131na Naftalan\u0131n tarixi bar\u0259d\u0259 d\u0259 m\u0259lumat verir. Bildirilir ki, \u015f\u0259h\u0259r \u00f6t\u0259n \u0259srin \u0259vv\u0259lind\u0259n turizm istiqam\u0259ti kimi tan\u0131n\u0131b. Neftl\u0259 m\u00fcalic\u0259 kurortlar\u0131n\u0131n a\u00e7\u0131lmas\u0131 il\u0259 burada turizm daha da inki\u015faf edib. Malik oldu\u011fu x\u00fcsusiyy\u0259tl\u0259rin\u0259 g\u00f6r\u0259 Naftalan nefti iltihab\u0131 sa\u011fald\u0131r, a\u011fr\u0131lar\u0131 k\u0259sir, qan d\u00f6vran\u0131n\u0131 yax\u015f\u0131la\u015fd\u0131r\u0131r. M\u00fcalic\u0259 pasiyentin neftl\u0259 dolu vanna q\u0259bul etm\u0259sil\u0259 apar\u0131l\u0131r.<\/p>\n<p><em>Taha \u018fbd\u00fclvahid yaz\u0131r ki, \u201c<\/em>bir ne\u00e7\u0259 g\u00fcn neft vannas\u0131 q\u0259bul etdikd\u0259n sonra ba\u015fqa al\u0259m\u0259 \u2013 da\u011flar\u0131n v\u0259 s\u0131x me\u015f\u0259l\u0259rin qoynuna, d\u0259niz sahilin\u0259 yollanmaq faydal\u0131 olar\u201d.<\/p>\n<p><strong>Az\u0259rbaycan\u0131n incisi \u2013 L\u0259nk\u0259rana\u2026 Qeyd olunur ki,\u00a0<\/strong>\u0259srl\u0259r boyu bu b\u00f6lg\u0259 co\u011frafi m\u00f6vqeyin\u0259, X\u0259z\u0259r d\u0259nizi sahilind\u0259ki liman\u0131 oldu\u011funa g\u00f6r\u0259 ticar\u0259tin m\u0259rk\u0259zi say\u0131l\u0131b. \u201cBu g\u00fcn o, daha \u00e7ox f\u00fcsunkar t\u0259bi\u0259til\u0259 se\u00e7ilir. L\u0259nk\u0259ran\u0131n t\u0259bii land\u015faft\u0131nda m\u00fcalic\u0259 \u00fc\u00e7\u00fcn istifad\u0259 olunan mineral su bulaqlar\u0131 da var. M\u0259\u015fhur plantasiyalardan y\u0131\u011f\u0131lan \u00e7aydan bir st\u0259kan i\u00e7dikd\u0259 is\u0259 buraya s\u0259f\u0259rd\u0259n daha \u00e7ox z\u00f6vq al\u0131rsan\u201d.<\/p>\n","protected":false},"excerpt":{"rendered":"<p>ARANTV.AZ x\u0259b\u0259r verir ki, B\u00f6y\u00fck Britaniyan\u0131n \u0259r\u0259bdilli \u201c\u018f\u015f-\u015earq \u0259l-Avsat\u201d q\u0259zetind\u0259 \u201cAz\u0259rbaycan &#8211; Qafqaz da\u011flar\u0131n\u0131n qoynuna s\u0131\u011f\u0131nm\u0131\u015f kurortlar diyar\u0131\u201d adl\u0131 m\u0259qal\u0259 d\u0259rc edilib. \u00d6lk\u0259mizin turizm potensial\u0131ndan b\u0259hs olunan yazida paytaxt Bak\u0131 Az\u0259rbaycan\u0131n q\u0259lbi, L\u0259nk\u0259ran \u2013 incisi adland\u0131r\u0131l\u0131b. \u201cAz\u0259rbaycan t\u0259kc\u0259 Qafqaz da\u011flar\u0131ndan X\u0259z\u0259r d\u0259nizin\u0259d\u0259k uzanan d\u00f6vl\u0259tin ad\u0131 deyil. O, h\u0259m d\u0259 tarixi-m\u0259d\u0259ni irsil\u0259 se\u00e7il\u0259n bir co\u011frafi m\u0259kand\u0131r. 5 min il\u0259 yax\u0131n tarixi olan bu irs Az\u0259rbaycan\u0131 bu g\u00fcn nadir turizm \u015fedevrin\u0259 \u00e7evirir\u201d. M\u0259qal\u0259sini bu s\u00f6zl\u0259rl\u0259 ba\u015flayan m\u00fc\u0259llif Taha \u018fbd\u00fclvahid bildirilir ki, Az\u0259rbaycanda q\u0259dim saraylar v\u0259 qalalar, X\u0259z\u0259r d\u0259nizi boyu uzanan g\u00f6z\u0259l sahil&hellip;<\/p>\n","protected":false},"author":2,"featured_media":18035,"comment_status":"closed","ping_status":"closed","sticky":false,"template":"","format":"standard","meta":{"om_disable_all_campaigns":false,"_monsterinsights_skip_tracking":false,"_monsterinsights_sitenote_active":false,"_monsterinsights_sitenote_note":"","_monsterinsights_sitenote_category":0},"categories":[19],"tags":[],"aioseo_notices":[],"gutentor_comment":0,"rttpg_featured_image_url":{"full":["https:\/\/arantv.az\/wp-content\/uploads\/2018\/10\/d7f12tlnrg06b1lmbjnm5mrck1qez.jpg",660,371,false],"landscape":["https:\/\/arantv.az\/wp-content\/uploads\/2018\/10\/d7f12tlnrg06b1lmbjnm5mrck1qez.jpg",660,371,false],"portraits":["https:\/\/arantv.az\/wp-content\/uploads\/2018\/10\/d7f12tlnrg06b1lmbjnm5mrck1qez.jpg",660,371,false],"thumbnail":["https:\/\/arantv.az\/wp-content\/uploads\/2018\/10\/d7f12tlnrg06b1lmbjnm5mrck1qez-150x150.jpg",150,150,true],"medium":["https:\/\/arantv.az\/wp-content\/uploads\/2018\/10\/d7f12tlnrg06b1lmbjnm5mrck1qez-300x169.jpg",300,169,true],"large":["https:\/\/arantv.az\/wp-content\/uploads\/2018\/10\/d7f12tlnrg06b1lmbjnm5mrck1qez.jpg",640,360,false],"1536x1536":["https:\/\/arantv.az\/wp-content\/uploads\/2018\/10\/d7f12tlnrg06b1lmbjnm5mrck1qez.jpg",660,371,false],"2048x2048":["https:\/\/arantv.az\/wp-content\/uploads\/2018\/10\/d7f12tlnrg06b1lmbjnm5mrck1qez.jpg",660,371,false],"post-thumbnail":["https:\/\/arantv.az\/wp-content\/uploads\/2018\/10\/d7f12tlnrg06b1lmbjnm5mrck1qez-240x172.jpg",240,172,true],"advps-thumb-one":["https:\/\/arantv.az\/wp-content\/uploads\/2018\/10\/d7f12tlnrg06b1lmbjnm5mrck1qez.jpg",660,371,false]},"rttpg_author":{"display_name":"V\u00fcsal Rafiqo\u011flu","author_link":"https:\/\/arantv.az\/?author=2"},"rttpg_comment":0,"rttpg_category":"<a href=\"https:\/\/arantv.az\/?cat=19\" rel=\"category\">G\u00fcnd\u0259m<\/a>","rttpg_excerpt":"ARANTV.AZ x\u0259b\u0259r verir ki, B\u00f6y\u00fck Britaniyan\u0131n \u0259r\u0259bdilli \u201c\u018f\u015f-\u015earq \u0259l-Avsat\u201d q\u0259zetind\u0259 \u201cAz\u0259rbaycan &#8211; Qafqaz da\u011flar\u0131n\u0131n qoynuna s\u0131\u011f\u0131nm\u0131\u015f kurortlar diyar\u0131\u201d adl\u0131 m\u0259qal\u0259 d\u0259rc edilib. \u00d6lk\u0259mizin turizm potensial\u0131ndan b\u0259hs olunan yazida paytaxt Bak\u0131 Az\u0259rbaycan\u0131n q\u0259lbi, L\u0259nk\u0259ran \u2013 incisi adland\u0131r\u0131l\u0131b. \u201cAz\u0259rbaycan t\u0259kc\u0259 Qafqaz da\u011flar\u0131ndan X\u0259z\u0259r d\u0259nizin\u0259d\u0259k uzanan d\u00f6vl\u0259tin ad\u0131 deyil. O, h\u0259m d\u0259 tarixi-m\u0259d\u0259ni irsil\u0259 se\u00e7il\u0259n bir co\u011frafi m\u0259kand\u0131r.&hellip;","_links":{"self":[{"href":"https:\/\/arantv.az\/index.php?rest_route=\/wp\/v2\/posts\/18034"}],"collection":[{"href":"https:\/\/arantv.az\/index.php?rest_route=\/wp\/v2\/posts"}],"about":[{"href":"https:\/\/arantv.az\/index.php?rest_route=\/wp\/v2\/types\/post"}],"author":[{"embeddable":true,"href":"https:\/\/arantv.az\/index.php?rest_route=\/wp\/v2\/users\/2"}],"replies":[{"embeddable":true,"href":"https:\/\/arantv.az\/index.php?rest_route=%2Fwp%2Fv2%2Fcomments&post=18034"}],"version-history":[{"count":0,"href":"https:\/\/arantv.az\/index.php?rest_route=\/wp\/v2\/posts\/18034\/revisions"}],"wp:featuredmedia":[{"embeddable":true,"href":"https:\/\/arantv.az\/index.php?rest_route=\/wp\/v2\/media\/18035"}],"wp:attachment":[{"href":"https:\/\/arantv.az\/index.php?rest_route=%2Fwp%2Fv2%2Fmedia&parent=18034"}],"wp:term":[{"taxonomy":"category","embeddable":true,"href":"https:\/\/arantv.az\/index.php?rest_route=%2Fwp%2Fv2%2Fcategories&post=18034"},{"taxonomy":"post_tag","embeddable":true,"href":"https:\/\/arantv.az\/index.php?rest_route=%2Fwp%2Fv2%2Ftags&post=18034"}],"curies":[{"name":"wp","href":"https:\/\/api.w.org\/{rel}","templated":true}]}}