{"id":18037,"date":"2018-10-10T10:14:51","date_gmt":"2018-10-10T07:14:51","guid":{"rendered":"http:\/\/arantv.az\/?p=18037"},"modified":"2018-10-10T10:14:51","modified_gmt":"2018-10-10T07:14:51","slug":"akademik-c%c9%99lal-%c9%99liyevin-elmi-irsini-oyr%c9%99nirik-movzusunda-elmi-praktiki-konfrans-kecirilib","status":"publish","type":"post","link":"https:\/\/arantv.az\/?p=18037","title":{"rendered":"\u201cAkademik C\u0259lal \u018fliyevin elmi irsini \u00f6yr\u0259nirik\u201d m\u00f6vzusunda elmi-praktiki konfrans ke\u00e7irilib"},"content":{"rendered":"<p><strong>ARANTV.AZ<\/strong> x\u0259b\u0259r verir ki, G\u0259nc\u0259d\u0259 \u201cAkademik C\u0259lal \u018fliyevin elmi irsini \u00f6yr\u0259nirik\u201d m\u00f6vzusunda aqrar sah\u0259d\u0259 \u00e7al\u0131\u015fan g\u0259nc t\u0259dqiqat\u00e7\u0131lar\u0131n elmi-praktiki konfrans\u0131 ke\u00e7irilib. Akademikin anadan olmas\u0131n\u0131n 90 illiyi m\u00fcnasib\u0259til\u0259 Az\u0259rbaycan D\u00f6vl\u0259t Aqrar Universitetind\u0259 ke\u00e7iril\u0259n konfransda \u018fm\u0259kdar elm xadiminin f\u0259aliyy\u0259tind\u0259n, aqrar sah\u0259nin inkia\u015ff\u0131na verdiyi t\u00f6hf\u0259l\u0259rd\u0259n b\u0259hs olunub. Universitetin rektoru \u0130brahim C\u0259f\u0259rov tax\u0131l\u00e7\u0131l\u0131\u011f\u0131n inki\u015faf\u0131nda g\u00f6rk\u0259mli alimin xidm\u0259tl\u0259rini y\u00fcks\u0259k qiym\u0259tl\u0259ndirdi. C\u0259lal \u018fliyevin yeti\u015fdirdiyi tax\u0131l sortlar\u0131n\u0131n m\u0259hsuldarl\u0131\u011f\u0131, x\u0259st\u0259liy\u0259 davaml\u0131l\u0131\u011f\u0131, yerli iqlim \u015f\u0259raitin\u0259 uy\u011funlu\u011fu il\u0259 f\u0259rql\u0259ndiyini qeyd edildi. Bu t\u0259dqiqatlar\u0131n n\u0259tic\u0259l\u0259rinin m\u0259qs\u0259dy\u00f6nl\u00fc seleksiya i\u015fl\u0259rind\u0259 kompleks \u015f\u0259kild\u0259 h\u0259yata ke\u00e7irilm\u0259sil\u0259 C\u0259lal \u018fliyev y\u00fcks\u0259k m\u0259hsuldarl\u0131\u011fa malik qiym\u0259tli sortlar yarad\u0131b. Akademikin yazd\u0131\u011f\u0131 elmi \u0259s\u0259rl\u0259r v\u0259 m\u0259qal\u0259l\u0259r, monoqrafiyalar, d\u0259rslikl\u0259r bu g\u00fcn d\u0259 g\u0259nc t\u0259dqiqat\u00e7\u0131lar \u00fc\u00e7\u00fcn \u0259sas bilik m\u0259nb\u0259yidir.<\/p>\n<p>&nbsp;<\/p>\n","protected":false},"excerpt":{"rendered":"<p>ARANTV.AZ x\u0259b\u0259r verir ki, G\u0259nc\u0259d\u0259 \u201cAkademik C\u0259lal \u018fliyevin elmi irsini \u00f6yr\u0259nirik\u201d m\u00f6vzusunda aqrar sah\u0259d\u0259 \u00e7al\u0131\u015fan g\u0259nc t\u0259dqiqat\u00e7\u0131lar\u0131n elmi-praktiki konfrans\u0131 ke\u00e7irilib. Akademikin anadan olmas\u0131n\u0131n 90 illiyi m\u00fcnasib\u0259til\u0259 Az\u0259rbaycan D\u00f6vl\u0259t Aqrar Universitetind\u0259 ke\u00e7iril\u0259n konfransda \u018fm\u0259kdar elm xadiminin f\u0259aliyy\u0259tind\u0259n, aqrar sah\u0259nin inkia\u015ff\u0131na verdiyi t\u00f6hf\u0259l\u0259rd\u0259n b\u0259hs olunub. Universitetin rektoru \u0130brahim C\u0259f\u0259rov tax\u0131l\u00e7\u0131l\u0131\u011f\u0131n inki\u015faf\u0131nda g\u00f6rk\u0259mli alimin xidm\u0259tl\u0259rini y\u00fcks\u0259k qiym\u0259tl\u0259ndirdi. C\u0259lal \u018fliyevin yeti\u015fdirdiyi tax\u0131l sortlar\u0131n\u0131n m\u0259hsuldarl\u0131\u011f\u0131, x\u0259st\u0259liy\u0259 davaml\u0131l\u0131\u011f\u0131, yerli iqlim \u015f\u0259raitin\u0259 uy\u011funlu\u011fu il\u0259 f\u0259rql\u0259ndiyini qeyd edildi. Bu t\u0259dqiqatlar\u0131n n\u0259tic\u0259l\u0259rinin m\u0259qs\u0259dy\u00f6nl\u00fc seleksiya i\u015fl\u0259rind\u0259 kompleks \u015f\u0259kild\u0259 h\u0259yata ke\u00e7irilm\u0259sil\u0259 C\u0259lal \u018fliyev y\u00fcks\u0259k m\u0259hsuldarl\u0131\u011fa malik qiym\u0259tli sortlar yarad\u0131b. Akademikin yazd\u0131\u011f\u0131&hellip;<\/p>\n","protected":false},"author":2,"featured_media":18038,"comment_status":"closed","ping_status":"closed","sticky":false,"template":"","format":"standard","meta":{"om_disable_all_campaigns":false,"_monsterinsights_skip_tracking":false,"_monsterinsights_sitenote_active":false,"_monsterinsights_sitenote_note":"","_monsterinsights_sitenote_category":0},"categories":[2],"tags":[],"aioseo_notices":[],"gutentor_comment":0,"rttpg_featured_image_url":{"full":["https:\/\/arantv.az\/wp-content\/uploads\/2018\/10\/d7f12tlnrg06b1lmbjnm5mrck1gen.jpg",1000,666,false],"landscape":["https:\/\/arantv.az\/wp-content\/uploads\/2018\/10\/d7f12tlnrg06b1lmbjnm5mrck1gen.jpg",1000,666,false],"portraits":["https:\/\/arantv.az\/wp-content\/uploads\/2018\/10\/d7f12tlnrg06b1lmbjnm5mrck1gen.jpg",1000,666,false],"thumbnail":["https:\/\/arantv.az\/wp-content\/uploads\/2018\/10\/d7f12tlnrg06b1lmbjnm5mrck1gen-150x150.jpg",150,150,true],"medium":["https:\/\/arantv.az\/wp-content\/uploads\/2018\/10\/d7f12tlnrg06b1lmbjnm5mrck1gen-300x200.jpg",300,200,true],"large":["https:\/\/arantv.az\/wp-content\/uploads\/2018\/10\/d7f12tlnrg06b1lmbjnm5mrck1gen.jpg",640,426,false],"1536x1536":["https:\/\/arantv.az\/wp-content\/uploads\/2018\/10\/d7f12tlnrg06b1lmbjnm5mrck1gen.jpg",1000,666,false],"2048x2048":["https:\/\/arantv.az\/wp-content\/uploads\/2018\/10\/d7f12tlnrg06b1lmbjnm5mrck1gen.jpg",1000,666,false],"post-thumbnail":["https:\/\/arantv.az\/wp-content\/uploads\/2018\/10\/d7f12tlnrg06b1lmbjnm5mrck1gen-240x172.jpg",240,172,true],"advps-thumb-one":["https:\/\/arantv.az\/wp-content\/uploads\/2018\/10\/d7f12tlnrg06b1lmbjnm5mrck1gen-1000x620.jpg",1000,620,true]},"rttpg_author":{"display_name":"V\u00fcsal Rafiqo\u011flu","author_link":"https:\/\/arantv.az\/?author=2"},"rttpg_comment":0,"rttpg_category":"<a href=\"https:\/\/arantv.az\/?cat=2\" rel=\"category\">Region X\u0259b\u0259rl\u0259ri<\/a>","rttpg_excerpt":"ARANTV.AZ x\u0259b\u0259r verir ki, G\u0259nc\u0259d\u0259 \u201cAkademik C\u0259lal \u018fliyevin elmi irsini \u00f6yr\u0259nirik\u201d m\u00f6vzusunda aqrar sah\u0259d\u0259 \u00e7al\u0131\u015fan g\u0259nc t\u0259dqiqat\u00e7\u0131lar\u0131n elmi-praktiki konfrans\u0131 ke\u00e7irilib. Akademikin anadan olmas\u0131n\u0131n 90 illiyi m\u00fcnasib\u0259til\u0259 Az\u0259rbaycan D\u00f6vl\u0259t Aqrar Universitetind\u0259 ke\u00e7iril\u0259n konfransda \u018fm\u0259kdar elm xadiminin f\u0259aliyy\u0259tind\u0259n, aqrar sah\u0259nin inkia\u015ff\u0131na verdiyi t\u00f6hf\u0259l\u0259rd\u0259n b\u0259hs olunub. Universitetin rektoru \u0130brahim C\u0259f\u0259rov tax\u0131l\u00e7\u0131l\u0131\u011f\u0131n inki\u015faf\u0131nda g\u00f6rk\u0259mli alimin xidm\u0259tl\u0259rini y\u00fcks\u0259k qiym\u0259tl\u0259ndirdi. C\u0259lal&hellip;","_links":{"self":[{"href":"https:\/\/arantv.az\/index.php?rest_route=\/wp\/v2\/posts\/18037"}],"collection":[{"href":"https:\/\/arantv.az\/index.php?rest_route=\/wp\/v2\/posts"}],"about":[{"href":"https:\/\/arantv.az\/index.php?rest_route=\/wp\/v2\/types\/post"}],"author":[{"embeddable":true,"href":"https:\/\/arantv.az\/index.php?rest_route=\/wp\/v2\/users\/2"}],"replies":[{"embeddable":true,"href":"https:\/\/arantv.az\/index.php?rest_route=%2Fwp%2Fv2%2Fcomments&post=18037"}],"version-history":[{"count":0,"href":"https:\/\/arantv.az\/index.php?rest_route=\/wp\/v2\/posts\/18037\/revisions"}],"wp:featuredmedia":[{"embeddable":true,"href":"https:\/\/arantv.az\/index.php?rest_route=\/wp\/v2\/media\/18038"}],"wp:attachment":[{"href":"https:\/\/arantv.az\/index.php?rest_route=%2Fwp%2Fv2%2Fmedia&parent=18037"}],"wp:term":[{"taxonomy":"category","embeddable":true,"href":"https:\/\/arantv.az\/index.php?rest_route=%2Fwp%2Fv2%2Fcategories&post=18037"},{"taxonomy":"post_tag","embeddable":true,"href":"https:\/\/arantv.az\/index.php?rest_route=%2Fwp%2Fv2%2Ftags&post=18037"}],"curies":[{"name":"wp","href":"https:\/\/api.w.org\/{rel}","templated":true}]}}