{"id":18043,"date":"2018-10-10T10:16:43","date_gmt":"2018-10-10T07:16:43","guid":{"rendered":"http:\/\/arantv.az\/?p=18043"},"modified":"2018-10-10T10:16:43","modified_gmt":"2018-10-10T07:16:43","slug":"turkiy%c9%99nin-antalya-s%c9%99h%c9%99rind%c9%99-avrasiya-olk%c9%99l%c9%99rinin-parlament-s%c9%99drl%c9%99rinin-3-cu-gorusu-kecirilir","status":"publish","type":"post","link":"https:\/\/arantv.az\/?p=18043","title":{"rendered":"T\u00fcrkiy\u0259nin Antalya \u015f\u0259h\u0259rind\u0259 Avrasiya \u00f6lk\u0259l\u0259rinin parlament s\u0259drl\u0259rinin 3-c\u00fc g\u00f6r\u00fc\u015f\u00fc ke\u00e7irilir"},"content":{"rendered":"<p><strong>ARANTV.AZ<\/strong> x\u0259b\u0259r verir ki, T\u00fcrkiy\u0259nin Antalya \u015f\u0259h\u0259rind\u0259 Avrasiya \u00f6lk\u0259l\u0259rinin parlament s\u0259drl\u0259rinin 3-c\u00fc g\u00f6r\u00fc\u015f\u00fc ke\u00e7irilir.\u00a0 40-a yax\u0131n \u00f6lk\u0259 v\u0259 beyn\u0259lxalq qurumun\u00a0 n\u00fcmay\u0259nd\u0259l\u0259rinin i\u015ftirak etdiyi forumda Az\u0259rbaycan da t\u0259msil olunur.<\/p>\n<p>40-a yax\u0131n \u00f6lk\u0259 v\u0259 beyn\u0259lxalq qurumun qat\u0131ld\u0131\u011f\u0131 Avrasiya \u00f6lk\u0259l\u0259rinin parlament s\u0259drl\u0259rinin 3-c\u00fc g\u00f6r\u00fc\u015f\u00fcnd\u0259 Az\u0259rbaycan\u0131 Milli M\u0259clisin s\u0259dri Oqtay \u018fs\u0259dovun r\u0259hb\u0259rlik etdiyi n\u00fcmay\u0259nd\u0259 hey\u0259ti t\u0259msil edir. Toplant\u0131n\u0131n a\u00e7\u0131l\u0131\u015f\u0131nda \u00e7\u0131x\u0131\u015f ed\u0259n T\u00fcrkiy\u0259 B\u00f6y\u00fck Mill\u0259t M\u0259clisinin s\u0259dri Bin\u0259li Y\u0131ld\u0131r\u0131m Avrasiya b\u00f6lg\u0259sind\u0259ki m\u00fcnaqi\u015f\u0259l\u0259r, o c\u00fcml\u0259d\u0259n, Az\u0259rbaycan torpaqlar\u0131n\u0131n h\u0259l\u0259 d\u0259 i\u015f\u011fal alt\u0131nda qalmas\u0131, terrorla m\u00fcbariz\u0259, h\u0259m\u00e7inin bu co\u011frafiyadak\u0131 ekoloji probleml\u0259r, el\u0259c\u0259 d\u0259 davaml\u0131 inki\u015faf\u0131n t\u0259min edilm\u0259sinin \u0259h\u0259miyy\u0259tind\u0259n dan\u0131\u015fd\u0131. O, qeyd etdi ki, Avrasiya \u00f6lk\u0259l\u0259rinin parlament s\u0259drl\u0259rinin forumunun katibliyinin yarad\u0131lmas\u0131n\u0259 t\u0259klif ed\u0259r\u0259k, bu \u0259m\u0259kda\u015fl\u0131\u011f\u0131 strukturla\u015fd\u0131r\u0131lmas\u0131m\u0131m regiondak\u0131 probl\u0259rin h\u0259llin\u0259 t\u00f6vh\u0259 ver\u0259c\u0259yin\u0259 inand\u0131\u011f\u0131n\u0131 bildirdi. T\u0259dbird\u0259 \u00e7\u0131x\u0131\u015f ed\u0259n Milli M\u0259clisin s\u0259dri Oqtay \u018fs\u0259dov bildirdi ki, Az\u0259rbaycan\u0131n f\u0259al i\u015ftirak\u0131 il\u0259 h\u0259yata ke\u00e7iril\u0259n n\u0259h\u0259ng iqtisadi layih\u0259l\u0259r bir \u00e7ox Avrasiya \u00f6lk\u0259sind\u0259 s\u00fclh, sabitlik v\u0259 rifaha xidm\u0259t edir. Bu layih\u0259l\u0259r h\u0259yata ke\u00e7iril\u0259rk\u0259n ekologiya m\u0259s\u0259l\u0259l\u0259rin\u0259 x\u00fcsusi \u00f6n\u0259m verilib. Az\u0259rbaycan parlamentinin ba\u015f\u00e7\u0131s\u0131 qeyd etdi ki, Erm\u0259nistan\u0131n i\u015f\u011fal\u00e7\u0131l\u0131q siyas\u0259ti n\u0259tic\u0259sind\u0259 Da\u011fl\u0131q Qaraba\u011f probleminin h\u0259l\u0259 d\u0259 h\u0259ll edilm\u0259mi\u015f qalmas\u0131 h\u0259m Avrasiya, h\u0259m d\u0259 b\u00fct\u00f6vl\u00fckd\u0259 d\u00fcnyada s\u00fclh v\u0259 sabitlik b\u00f6y\u00fck t\u0259hl\u00fck\u0259 yarad\u0131r. Bu arada, Az\u0259rbaycan n\u00fcmay\u0259nd\u0259 hey\u0259ti toplant\u0131 \u00e7\u0259r\u00e7iv\u0259sind\u0259 bir s\u0131ra ikit\u0259r\u0259fli g\u00f6r\u00fc\u015fl\u0259r d\u0259 ke\u00e7irdi. Milli M\u0259clisin s\u0259dri Oqtay \u018fs\u0259dovun Rusiya D\u00f6vl\u0259t Dumas\u0131n\u0131n s\u0259dri Vya\u00e7eslav Volodinl\u0259 g\u00f6r\u00fc\u015f\u00fcnd\u0259 Az\u0259rbaycan-Rusiya m\u00fcnasib\u0259tl\u0259rinin y\u00fcks\u0259k s\u0259viyy\u0259d\u0259 oldu\u011fu m\u0259mnuniyy\u0259tl\u0259 qeyd edildi. Koreya Respublikas\u0131 parlamentinin s\u0259dri Mun Hi Sangla g\u00f6r\u00fc\u015fd\u0259 is\u0259 iki \u00f6lk\u0259 aras\u0131ndak\u0131 \u0259m\u0259kda\u015fl\u0131q m\u0259s\u0259l\u0259l\u0259ri haqq\u0131nda fikir m\u00fcbadil\u0259si apar\u0131ld\u0131. Antalyada h\u0259m\u00e7inin T\u00fcrkdilli \u00f6lk\u0259l\u0259rin parlament assamblyeas\u0131 T\u00dcRKPA-ya \u00fczv olan \u00f6lk\u0259l\u0259rin parlament s\u0259drl\u0259rinin g\u00f6r\u00fc\u015f\u00fc d\u0259 ke\u00e7irildi. T\u0259dbird\u0259 qurumun yarad\u0131lmas\u0131n\u0131n 10 illiyi m\u00fcnasib\u0259ti il\u0259 g\u0259l\u0259n ay \u0130zmird\u0259 ke\u00e7iril\u0259c\u0259k T\u00dcRKPA-n\u0131n Ba\u015f m\u0259clisinin toplant\u0131s\u0131 il\u0259 ba\u011fl\u0131 m\u0259sl\u0259h\u0259tl\u0259\u015fm\u0259l\u0259r apar\u0131ld\u0131.T\u00fcrkiy\u0259 parlamentinin s\u0259dri Bin\u0259li Y\u0131ld\u0131r\u0131m qeyd etdi ki, qarda\u015f \u00f6lk\u0259l\u0259r aras\u0131nda \u0259m\u0259kda\u015fl\u0131q T\u00dcRKPA \u00e7\u0259r\u00e7iv\u0259sind\u0259 u\u011furla inki\u015faf edir, \u00d6zb\u0259kistan\u0131n yax\u0131n vaxtlarda qurumun i\u015find\u0259 \u00fczv v\u0259ya m\u00fc\u015fahid\u0259\u00e7i qismind\u0259 i\u015ftirak\u0131 arzu olunand\u0131r. H\u0259m\u00e7inin T\u00fcrkm\u0259nistan\u0131n da bu \u0259m\u0259kda\u015fl\u0131\u011fa c\u0259lb edilm\u0259si \u00fc\u00e7\u00fcn s\u0259y g\u00f6st\u0259rilm\u0259lidir.<\/p>\n","protected":false},"excerpt":{"rendered":"<p>ARANTV.AZ x\u0259b\u0259r verir ki, T\u00fcrkiy\u0259nin Antalya \u015f\u0259h\u0259rind\u0259 Avrasiya \u00f6lk\u0259l\u0259rinin parlament s\u0259drl\u0259rinin 3-c\u00fc g\u00f6r\u00fc\u015f\u00fc ke\u00e7irilir.\u00a0 40-a yax\u0131n \u00f6lk\u0259 v\u0259 beyn\u0259lxalq qurumun\u00a0 n\u00fcmay\u0259nd\u0259l\u0259rinin i\u015ftirak etdiyi forumda Az\u0259rbaycan da t\u0259msil olunur. 40-a yax\u0131n \u00f6lk\u0259 v\u0259 beyn\u0259lxalq qurumun qat\u0131ld\u0131\u011f\u0131 Avrasiya \u00f6lk\u0259l\u0259rinin parlament s\u0259drl\u0259rinin 3-c\u00fc g\u00f6r\u00fc\u015f\u00fcnd\u0259 Az\u0259rbaycan\u0131 Milli M\u0259clisin s\u0259dri Oqtay \u018fs\u0259dovun r\u0259hb\u0259rlik etdiyi n\u00fcmay\u0259nd\u0259 hey\u0259ti t\u0259msil edir. Toplant\u0131n\u0131n a\u00e7\u0131l\u0131\u015f\u0131nda \u00e7\u0131x\u0131\u015f ed\u0259n T\u00fcrkiy\u0259 B\u00f6y\u00fck Mill\u0259t M\u0259clisinin s\u0259dri Bin\u0259li Y\u0131ld\u0131r\u0131m Avrasiya b\u00f6lg\u0259sind\u0259ki m\u00fcnaqi\u015f\u0259l\u0259r, o c\u00fcml\u0259d\u0259n, Az\u0259rbaycan torpaqlar\u0131n\u0131n h\u0259l\u0259 d\u0259 i\u015f\u011fal alt\u0131nda qalmas\u0131, terrorla m\u00fcbariz\u0259, h\u0259m\u00e7inin bu co\u011frafiyadak\u0131 ekoloji probleml\u0259r, el\u0259c\u0259 d\u0259 davaml\u0131 inki\u015faf\u0131n t\u0259min edilm\u0259sinin \u0259h\u0259miyy\u0259tind\u0259n&hellip;<\/p>\n","protected":false},"author":2,"featured_media":18044,"comment_status":"closed","ping_status":"closed","sticky":false,"template":"","format":"standard","meta":{"om_disable_all_campaigns":false,"_monsterinsights_skip_tracking":false,"_monsterinsights_sitenote_active":false,"_monsterinsights_sitenote_note":"","_monsterinsights_sitenote_category":0},"categories":[4],"tags":[],"aioseo_notices":[],"gutentor_comment":0,"rttpg_featured_image_url":{"full":["https:\/\/arantv.az\/wp-content\/uploads\/2018\/10\/d7f12tlnrg06b1lmbjnm5mrck1tur.jpg",892,669,false],"landscape":["https:\/\/arantv.az\/wp-content\/uploads\/2018\/10\/d7f12tlnrg06b1lmbjnm5mrck1tur.jpg",892,669,false],"portraits":["https:\/\/arantv.az\/wp-content\/uploads\/2018\/10\/d7f12tlnrg06b1lmbjnm5mrck1tur.jpg",892,669,false],"thumbnail":["https:\/\/arantv.az\/wp-content\/uploads\/2018\/10\/d7f12tlnrg06b1lmbjnm5mrck1tur-150x150.jpg",150,150,true],"medium":["https:\/\/arantv.az\/wp-content\/uploads\/2018\/10\/d7f12tlnrg06b1lmbjnm5mrck1tur-300x225.jpg",300,225,true],"large":["https:\/\/arantv.az\/wp-content\/uploads\/2018\/10\/d7f12tlnrg06b1lmbjnm5mrck1tur.jpg",640,480,false],"1536x1536":["https:\/\/arantv.az\/wp-content\/uploads\/2018\/10\/d7f12tlnrg06b1lmbjnm5mrck1tur.jpg",892,669,false],"2048x2048":["https:\/\/arantv.az\/wp-content\/uploads\/2018\/10\/d7f12tlnrg06b1lmbjnm5mrck1tur.jpg",892,669,false],"post-thumbnail":["https:\/\/arantv.az\/wp-content\/uploads\/2018\/10\/d7f12tlnrg06b1lmbjnm5mrck1tur-240x172.jpg",240,172,true],"advps-thumb-one":["https:\/\/arantv.az\/wp-content\/uploads\/2018\/10\/d7f12tlnrg06b1lmbjnm5mrck1tur-892x620.jpg",892,620,true]},"rttpg_author":{"display_name":"V\u00fcsal Rafiqo\u011flu","author_link":"https:\/\/arantv.az\/?author=2"},"rttpg_comment":0,"rttpg_category":"<a href=\"https:\/\/arantv.az\/?cat=4\" rel=\"category\">Siyas\u0259t<\/a>","rttpg_excerpt":"ARANTV.AZ x\u0259b\u0259r verir ki, T\u00fcrkiy\u0259nin Antalya \u015f\u0259h\u0259rind\u0259 Avrasiya \u00f6lk\u0259l\u0259rinin parlament s\u0259drl\u0259rinin 3-c\u00fc g\u00f6r\u00fc\u015f\u00fc ke\u00e7irilir.\u00a0 40-a yax\u0131n \u00f6lk\u0259 v\u0259 beyn\u0259lxalq qurumun\u00a0 n\u00fcmay\u0259nd\u0259l\u0259rinin i\u015ftirak etdiyi forumda Az\u0259rbaycan da t\u0259msil olunur. 40-a yax\u0131n \u00f6lk\u0259 v\u0259 beyn\u0259lxalq qurumun qat\u0131ld\u0131\u011f\u0131 Avrasiya \u00f6lk\u0259l\u0259rinin parlament s\u0259drl\u0259rinin 3-c\u00fc g\u00f6r\u00fc\u015f\u00fcnd\u0259 Az\u0259rbaycan\u0131 Milli M\u0259clisin s\u0259dri Oqtay \u018fs\u0259dovun r\u0259hb\u0259rlik etdiyi n\u00fcmay\u0259nd\u0259 hey\u0259ti t\u0259msil edir. Toplant\u0131n\u0131n a\u00e7\u0131l\u0131\u015f\u0131nda&hellip;","_links":{"self":[{"href":"https:\/\/arantv.az\/index.php?rest_route=\/wp\/v2\/posts\/18043"}],"collection":[{"href":"https:\/\/arantv.az\/index.php?rest_route=\/wp\/v2\/posts"}],"about":[{"href":"https:\/\/arantv.az\/index.php?rest_route=\/wp\/v2\/types\/post"}],"author":[{"embeddable":true,"href":"https:\/\/arantv.az\/index.php?rest_route=\/wp\/v2\/users\/2"}],"replies":[{"embeddable":true,"href":"https:\/\/arantv.az\/index.php?rest_route=%2Fwp%2Fv2%2Fcomments&post=18043"}],"version-history":[{"count":0,"href":"https:\/\/arantv.az\/index.php?rest_route=\/wp\/v2\/posts\/18043\/revisions"}],"wp:featuredmedia":[{"embeddable":true,"href":"https:\/\/arantv.az\/index.php?rest_route=\/wp\/v2\/media\/18044"}],"wp:attachment":[{"href":"https:\/\/arantv.az\/index.php?rest_route=%2Fwp%2Fv2%2Fmedia&parent=18043"}],"wp:term":[{"taxonomy":"category","embeddable":true,"href":"https:\/\/arantv.az\/index.php?rest_route=%2Fwp%2Fv2%2Fcategories&post=18043"},{"taxonomy":"post_tag","embeddable":true,"href":"https:\/\/arantv.az\/index.php?rest_route=%2Fwp%2Fv2%2Ftags&post=18043"}],"curies":[{"name":"wp","href":"https:\/\/api.w.org\/{rel}","templated":true}]}}