{"id":18047,"date":"2018-10-10T11:33:55","date_gmt":"2018-10-10T08:33:55","guid":{"rendered":"http:\/\/arantv.az\/?p=18047"},"modified":"2018-10-10T11:33:55","modified_gmt":"2018-10-10T08:33:55","slug":"az%c9%99rbaycanin-mudafi%c9%99-naziri-mdb-mudafi%c9%99-nazirl%c9%99ri-surasinin-novb%c9%99ti-iclasinda-istirak-ed%c9%99c%c9%99k","status":"publish","type":"post","link":"https:\/\/arantv.az\/?p=18047","title":{"rendered":"Az\u0259rbaycan\u0131n M\u00fcdafi\u0259 naziri MDB M\u00fcdafi\u0259 Nazirl\u0259ri \u015euras\u0131n\u0131n n\u00f6vb\u0259ti iclas\u0131nda i\u015ftirak ed\u0259c\u0259k"},"content":{"rendered":"<p><strong>ARANTV.AZ<\/strong> x\u0259b\u0259r verir ki, \u00d6zb\u0259kistan Respublikas\u0131n\u0131n paytaxt\u0131 Da\u015fk\u0259nd \u015f\u0259h\u0259rind\u0259 oktyabr\u0131n 12-d\u0259 M\u00fcst\u0259qil D\u00f6vl\u0259tl\u0259r Birliyi i\u015ftirak\u00e7\u0131-d\u00f6vl\u0259tl\u0259rinin M\u00fcdafi\u0259 Nazirl\u0259ri \u015euras\u0131n\u0131n n\u00f6vb\u0259ti iclas\u0131 ke\u00e7iril\u0259c\u0259k.<br \/>\nAz\u0259rbaycan Respublikas\u0131n\u0131n M\u00fcdafi\u0259 naziri general-polkovnik Zakir H\u0259s\u0259nov iclasda i\u015ftirak etm\u0259k \u00fc\u00e7\u00fcn oktyabr\u0131n 11-d\u0259 \u00d6zb\u0259kistana yola d\u00fc\u015f\u0259c\u0259k.<br \/>\n\u0130clasda cari h\u0259rbi \u0259m\u0259kda\u015fl\u0131q v\u0259 qar\u015f\u0131da duran m\u0259s\u0259l\u0259l\u0259r m\u00fczakir\u0259 olunacaq.<\/p>\n","protected":false},"excerpt":{"rendered":"<p>ARANTV.AZ x\u0259b\u0259r verir ki, \u00d6zb\u0259kistan Respublikas\u0131n\u0131n paytaxt\u0131 Da\u015fk\u0259nd \u015f\u0259h\u0259rind\u0259 oktyabr\u0131n 12-d\u0259 M\u00fcst\u0259qil D\u00f6vl\u0259tl\u0259r Birliyi i\u015ftirak\u00e7\u0131-d\u00f6vl\u0259tl\u0259rinin M\u00fcdafi\u0259 Nazirl\u0259ri \u015euras\u0131n\u0131n n\u00f6vb\u0259ti iclas\u0131 ke\u00e7iril\u0259c\u0259k. Az\u0259rbaycan Respublikas\u0131n\u0131n M\u00fcdafi\u0259 naziri general-polkovnik Zakir H\u0259s\u0259nov iclasda i\u015ftirak etm\u0259k \u00fc\u00e7\u00fcn oktyabr\u0131n 11-d\u0259 \u00d6zb\u0259kistana yola d\u00fc\u015f\u0259c\u0259k. \u0130clasda cari h\u0259rbi \u0259m\u0259kda\u015fl\u0131q v\u0259 qar\u015f\u0131da duran m\u0259s\u0259l\u0259l\u0259r m\u00fczakir\u0259 olunacaq.<\/p>\n","protected":false},"author":2,"featured_media":18048,"comment_status":"closed","ping_status":"closed","sticky":false,"template":"","format":"standard","meta":{"om_disable_all_campaigns":false,"_monsterinsights_skip_tracking":false,"_monsterinsights_sitenote_active":false,"_monsterinsights_sitenote_note":"","_monsterinsights_sitenote_category":0},"categories":[19],"tags":[],"aioseo_notices":[],"gutentor_comment":0,"rttpg_featured_image_url":{"full":["https:\/\/arantv.az\/wp-content\/uploads\/2018\/10\/899358.jpg",620,465,false],"landscape":["https:\/\/arantv.az\/wp-content\/uploads\/2018\/10\/899358.jpg",620,465,false],"portraits":["https:\/\/arantv.az\/wp-content\/uploads\/2018\/10\/899358.jpg",620,465,false],"thumbnail":["https:\/\/arantv.az\/wp-content\/uploads\/2018\/10\/899358-150x150.jpg",150,150,true],"medium":["https:\/\/arantv.az\/wp-content\/uploads\/2018\/10\/899358-300x225.jpg",300,225,true],"large":["https:\/\/arantv.az\/wp-content\/uploads\/2018\/10\/899358.jpg",620,465,false],"1536x1536":["https:\/\/arantv.az\/wp-content\/uploads\/2018\/10\/899358.jpg",620,465,false],"2048x2048":["https:\/\/arantv.az\/wp-content\/uploads\/2018\/10\/899358.jpg",620,465,false],"post-thumbnail":["https:\/\/arantv.az\/wp-content\/uploads\/2018\/10\/899358-240x172.jpg",240,172,true],"advps-thumb-one":["https:\/\/arantv.az\/wp-content\/uploads\/2018\/10\/899358.jpg",620,465,false]},"rttpg_author":{"display_name":"V\u00fcsal Rafiqo\u011flu","author_link":"https:\/\/arantv.az\/?author=2"},"rttpg_comment":0,"rttpg_category":"<a href=\"https:\/\/arantv.az\/?cat=19\" rel=\"category\">G\u00fcnd\u0259m<\/a>","rttpg_excerpt":"ARANTV.AZ x\u0259b\u0259r verir ki, \u00d6zb\u0259kistan Respublikas\u0131n\u0131n paytaxt\u0131 Da\u015fk\u0259nd \u015f\u0259h\u0259rind\u0259 oktyabr\u0131n 12-d\u0259 M\u00fcst\u0259qil D\u00f6vl\u0259tl\u0259r Birliyi i\u015ftirak\u00e7\u0131-d\u00f6vl\u0259tl\u0259rinin M\u00fcdafi\u0259 Nazirl\u0259ri \u015euras\u0131n\u0131n n\u00f6vb\u0259ti iclas\u0131 ke\u00e7iril\u0259c\u0259k. Az\u0259rbaycan Respublikas\u0131n\u0131n M\u00fcdafi\u0259 naziri general-polkovnik Zakir H\u0259s\u0259nov iclasda i\u015ftirak etm\u0259k \u00fc\u00e7\u00fcn oktyabr\u0131n 11-d\u0259 \u00d6zb\u0259kistana yola d\u00fc\u015f\u0259c\u0259k. \u0130clasda cari h\u0259rbi \u0259m\u0259kda\u015fl\u0131q v\u0259 qar\u015f\u0131da duran m\u0259s\u0259l\u0259l\u0259r m\u00fczakir\u0259 olunacaq.","_links":{"self":[{"href":"https:\/\/arantv.az\/index.php?rest_route=\/wp\/v2\/posts\/18047"}],"collection":[{"href":"https:\/\/arantv.az\/index.php?rest_route=\/wp\/v2\/posts"}],"about":[{"href":"https:\/\/arantv.az\/index.php?rest_route=\/wp\/v2\/types\/post"}],"author":[{"embeddable":true,"href":"https:\/\/arantv.az\/index.php?rest_route=\/wp\/v2\/users\/2"}],"replies":[{"embeddable":true,"href":"https:\/\/arantv.az\/index.php?rest_route=%2Fwp%2Fv2%2Fcomments&post=18047"}],"version-history":[{"count":0,"href":"https:\/\/arantv.az\/index.php?rest_route=\/wp\/v2\/posts\/18047\/revisions"}],"wp:featuredmedia":[{"embeddable":true,"href":"https:\/\/arantv.az\/index.php?rest_route=\/wp\/v2\/media\/18048"}],"wp:attachment":[{"href":"https:\/\/arantv.az\/index.php?rest_route=%2Fwp%2Fv2%2Fmedia&parent=18047"}],"wp:term":[{"taxonomy":"category","embeddable":true,"href":"https:\/\/arantv.az\/index.php?rest_route=%2Fwp%2Fv2%2Fcategories&post=18047"},{"taxonomy":"post_tag","embeddable":true,"href":"https:\/\/arantv.az\/index.php?rest_route=%2Fwp%2Fv2%2Ftags&post=18047"}],"curies":[{"name":"wp","href":"https:\/\/api.w.org\/{rel}","templated":true}]}}