{"id":18059,"date":"2018-10-10T11:43:04","date_gmt":"2018-10-10T08:43:04","guid":{"rendered":"http:\/\/arantv.az\/?p=18059"},"modified":"2018-10-10T11:43:04","modified_gmt":"2018-10-10T08:43:04","slug":"prezident-ilham-%c9%99liyevin-apardigi-uzaqgor%c9%99n-xarici-siyas%c9%99t-n%c9%99tic%c9%99sind%c9%99-az%c9%99rbaycan-oz-movqel%c9%99rini-daha-da-mohk%c9%99ml%c9%99ndirib","status":"publish","type":"post","link":"https:\/\/arantv.az\/?p=18059","title":{"rendered":"&#8220;Prezident \u0130lham \u018fliyevin apard\u0131\u011f\u0131 uzaqg\u00f6r\u0259n xarici siyas\u0259t n\u0259tic\u0259sind\u0259 Az\u0259rbaycan \u00f6z m\u00f6vqel\u0259rini daha da m\u00f6hk\u0259ml\u0259ndirib&#8221;"},"content":{"rendered":"<blockquote><p><em><strong>Az\u0259rbaycanda h\u0259yata ke\u00e7iril\u0259n iqtisadi v\u0259 institusional islahatlar q\u0131sa m\u00fcdd\u0259td\u0259 iqtisadi inki\u015fafa v\u0259 sosial t\u0259minata \u00f6z m\u00fcsb\u0259t t\u0259sirini g\u00f6st\u0259rm\u0259y\u0259 ba\u015flay\u0131b.<\/strong><\/em><\/p><\/blockquote>\n<p><strong>ARANTV.AZ<\/strong> x\u0259b\u0259r verir ki, bunu trend-\u0259 a\u00e7\u0131qlamas\u0131nda mill\u0259t v\u0259kili Tahir Mirki\u015fili Nazirl\u0259r Kabinetinin 2018-ci ilin doqquz ay\u0131n\u0131n sosial-iqtisadi inki\u015faf\u0131n\u0131n yekunlar\u0131na v\u0259 qar\u015f\u0131da duran v\u0259zif\u0259l\u0259r\u0259 h\u0259sr olunan iclas\u0131nda Prezident \u0130lham \u018fliyevin \u00e7\u0131x\u0131\u015f\u0131na m\u00fcnasib\u0259t bildir\u0259rk\u0259n deyib.<\/p>\n<p>O qeyd edib ki, Az\u0259rbaycan iqtisadiyyat\u0131n\u0131n b\u00fct\u00fcn sektorlar\u0131nda dinamik art\u0131m m\u00fc\u015fahid\u0259 olunur: &#8220;Art\u0131mla yana\u015f\u0131, iqtisadiyyat\u0131n strukturunda b\u00f6y\u00fck keyfiyy\u0259t d\u0259yi\u015fiklikl\u0259ri m\u00fc\u015fahid\u0259 olunmaqdad\u0131r ki, bu da islahatlar\u0131n \u0259sas h\u0259d\u0259fl\u0259rind\u0259n biridir. Prezident \u0130lham \u018fliyevin apard\u0131\u011f\u0131 g\u0259l\u0259c\u0259y\u0259 y\u00f6n\u0259lik v\u0259 d\u0259rin t\u0259hlill\u0259r\u0259 \u0259saslanan iqtisadi v\u0259 xarici siyas\u0259ti n\u0259tic\u0259sind\u0259 Az\u0259rbaycan regional iqtisadi \u0259hat\u0259 dair\u0259sini getdikc\u0259 art\u0131r\u0131r v\u0259 \u00f6z iqtisadi maraqlar\u0131n\u0131n Avrasiya regionunda t\u0259min olunmas\u0131 yolunda \u0259h\u0259miyy\u0259tli n\u0259tic\u0259l\u0259r \u0259ld\u0259 etm\u0259kd\u0259dir. Bel\u0259 ki, bu il istifad\u0259y\u0259 verilmi\u015f C\u0259nub Qaz D\u0259hlizi layih\u0259si, SOCAR Polymer zavodu, Bak\u0131 Beyn\u0259lxalq D\u0259niz Ticar\u0259t Liman\u0131, &#8220;Azerspace-2&#8243; peyki kimi layih\u0259l\u0259r \u00f6lk\u0259miz\u0259 b\u00f6y\u00fck h\u0259cmd\u0259 iqtisadi fayda verm\u0259kl\u0259 yana\u015f\u0131, Az\u0259rbaycan\u0131n t\u0259sir imkanlar\u0131n\u0131 art\u0131r\u0131r, \u00f6lk\u0259mizin daha da inki\u015faf etdirilm\u0259sind\u0259 yeni v\u0259 dayan\u0131ql\u0131 m\u0259nb\u0259l\u0259r yarad\u0131r&#8221;.<\/p>\n<p>Mill\u0259t v\u0259kili bildirib ki, 2018-ci ilin 9 ay\u0131n\u0131n yekunlar\u0131 iqtisadi art\u0131m\u0131b iqtisadiyyat\u0131n, dem\u0259k olar, b\u00fct\u00fcn sektorlar\u0131n\u0131 \u0259hat\u0259 etdiyini g\u00f6st\u0259rdi:<\/p>\n<p>&#8220;Bel\u0259 ki, \u00fcmumi daxili m\u0259hsul 0,8 faiz art\u0131b. Qeyri-neft sektorunda art\u0131m 1 faizdir. S\u0259naye istehsal\u0131 2 faiz, qeyri-neft s\u0259nayesi is\u0259 10,8 faiz art\u0131b. Bu da islahat ilind\u0259 yax\u015f\u0131 n\u0259tic\u0259 say\u0131l\u0131r. Xarici ticar\u0259t d\u00f6vriyy\u0259sinin 37 faiz, ixrac\u0131n is\u0259 37,3 faiz artmas\u0131 Az\u0259rbaycan iqtisadiyyat\u0131n\u0131n \u0259n\u0259n\u0259vi v\u0259 qeyri-\u0259n\u0259n\u0259vi bazarlarda m\u00f6vqel\u0259rini m\u00f6hk\u0259ml\u0259ndirm\u0259sind\u0259n x\u0259b\u0259r verir. S\u0259naye istehsal\u0131nda emal s\u0259nayesinin pay\u0131n\u0131n getdikc\u0259 artmas\u0131 \u00f6lk\u0259d\u0259 \u0259lav\u0259 d\u0259y\u0259r yaradan sah\u0259l\u0259rin inki\u015faf\u0131na g\u0259tirib \u00e7\u0131xaran keyfiyy\u0259t d\u0259yi\u015fiklil\u0259rinin m\u00fcsb\u0259t n\u0259tic\u0259l\u0259rind\u0259ndir. Bu ilin 9 ay\u0131 n\u0259tic\u0259sind\u0259 \u0259hali t\u0259r\u0259find\u0259n istehlak olunan \u0259rzaq m\u0259hsullar\u0131, i\u00e7ki v\u0259 t\u00fct\u00fcn m\u0259hsullar\u0131n\u0131n 80%-nin yerli istehsal hesab\u0131na t\u0259min edilm\u0259si iqtisadi t\u0259hl\u00fck\u0259sizliyimiz \u00fc\u00e7\u00fcn \u00e7ox m\u00fch\u00fcm n\u0259tic\u0259dir. \u018fhalinin g\u0259lirl\u0259rinin inflyasiyan\u0131 7% \u00fcst\u0259l\u0259m\u0259si is\u0259 insanlar\u0131n rifah hal\u0131n\u0131n yax\u015f\u0131la\u015fmas\u0131n\u0131n g\u00f6st\u0259ricisidir. 2018-ci ilin 9 ay\u0131 \u0259rzind\u0259 85 000 yeni i\u015f yerinin a\u00e7\u0131lmas\u0131 m\u0259\u015f\u011fulluq s\u0259viyy\u0259sini daha da art\u0131r\u0131b&#8221;.<\/p>\n<p>T.Mirki\u015fili deyib ki, \u00fcmumilikd\u0259 son 9 ay \u0259rzind\u0259 d\u00f6vl\u0259t ba\u015f\u00e7\u0131s\u0131 t\u0259r\u0259find\u0259n apar\u0131lan uzaqg\u00f6r\u0259n xarici siyas\u0259t n\u0259tic\u0259sind\u0259 Az\u0259rbaycan regionda \u0259n etibarl\u0131, s\u00f6z\u00fc v\u0259 \u0259m\u0259li \u00fcst-\u00fcst\u0259 d\u00fc\u015f\u0259n d\u00f6vl\u0259t kimi \u00f6z m\u00f6vqel\u0259rini daha da m\u00f6hk\u0259ml\u0259ndirib:<\/p>\n<p>&#8220;M\u0259hz bu u\u011furlu m\u00f6vqe iqtisadiyyat\u0131 daha da dinamik inki\u015faf etdirm\u0259y\u0259, islahatlar\u0131 daha da \u0259hat\u0259li aparma\u011fa imkan verir, \u00f6lk\u0259y\u0259 yeni texnogiyalar\u0131n c\u0259lb edilm\u0259si il\u0259 insan kapital\u0131 inki\u015faf edir v\u0259 b\u00fct\u00fcn bunlar\u0131n n\u0259tic\u0259si is\u0259 insanlar\u0131n rifah hal\u0131n\u0131n yax\u015f\u0131la\u015fmas\u0131nda, onlar\u0131n t\u0259hl\u00fck\u0259siz ya\u015famas\u0131nda \u00f6z \u0259ksini tap\u0131r v\u0259 tapacaq. D\u00f6vl\u0259t ba\u015f\u00e7\u0131s\u0131 qar\u015f\u0131da duran \u0259sas v\u0259zif\u0259l\u0259ri d\u0259 m\u00fc\u0259yy\u0259n ed\u0259r\u0259k, m\u0259hsuldarl\u0131\u011f\u0131n, \u015f\u0259ffafl\u0131\u011f\u0131n, xarici bazarlara \u00e7\u0131x\u0131s\u0131n art\u0131r\u0131lmas\u0131n\u0131, elmi yana\u015fman\u0131n v\u0259 m\u00fcasir texnologiylar\u0131n\u0131n t\u0259tbiqini bir daha \u00f6n\u0259 \u00e7\u0259kdi&#8221;.<\/p>\n","protected":false},"excerpt":{"rendered":"<p>Az\u0259rbaycanda h\u0259yata ke\u00e7iril\u0259n iqtisadi v\u0259 institusional islahatlar q\u0131sa m\u00fcdd\u0259td\u0259 iqtisadi inki\u015fafa v\u0259 sosial t\u0259minata \u00f6z m\u00fcsb\u0259t t\u0259sirini g\u00f6st\u0259rm\u0259y\u0259 ba\u015flay\u0131b. ARANTV.AZ x\u0259b\u0259r verir ki, bunu trend-\u0259 a\u00e7\u0131qlamas\u0131nda mill\u0259t v\u0259kili Tahir Mirki\u015fili Nazirl\u0259r Kabinetinin 2018-ci ilin doqquz ay\u0131n\u0131n sosial-iqtisadi inki\u015faf\u0131n\u0131n yekunlar\u0131na v\u0259 qar\u015f\u0131da duran v\u0259zif\u0259l\u0259r\u0259 h\u0259sr olunan iclas\u0131nda Prezident \u0130lham \u018fliyevin \u00e7\u0131x\u0131\u015f\u0131na m\u00fcnasib\u0259t bildir\u0259rk\u0259n deyib. O qeyd edib ki, Az\u0259rbaycan iqtisadiyyat\u0131n\u0131n b\u00fct\u00fcn sektorlar\u0131nda dinamik art\u0131m m\u00fc\u015fahid\u0259 olunur: &#8220;Art\u0131mla yana\u015f\u0131, iqtisadiyyat\u0131n strukturunda b\u00f6y\u00fck keyfiyy\u0259t d\u0259yi\u015fiklikl\u0259ri m\u00fc\u015fahid\u0259 olunmaqdad\u0131r ki, bu da islahatlar\u0131n \u0259sas h\u0259d\u0259fl\u0259rind\u0259n biridir. Prezident \u0130lham \u018fliyevin apard\u0131\u011f\u0131 g\u0259l\u0259c\u0259y\u0259 y\u00f6n\u0259lik v\u0259 d\u0259rin t\u0259hlill\u0259r\u0259&hellip;<\/p>\n","protected":false},"author":2,"featured_media":18061,"comment_status":"closed","ping_status":"closed","sticky":false,"template":"","format":"standard","meta":{"om_disable_all_campaigns":false,"_monsterinsights_skip_tracking":false,"_monsterinsights_sitenote_active":false,"_monsterinsights_sitenote_note":"","_monsterinsights_sitenote_category":0},"categories":[4],"tags":[],"aioseo_notices":[],"gutentor_comment":0,"rttpg_featured_image_url":{"full":["https:\/\/arantv.az\/wp-content\/uploads\/2018\/10\/693268-1.jpg",800,600,false],"landscape":["https:\/\/arantv.az\/wp-content\/uploads\/2018\/10\/693268-1.jpg",800,600,false],"portraits":["https:\/\/arantv.az\/wp-content\/uploads\/2018\/10\/693268-1.jpg",800,600,false],"thumbnail":["https:\/\/arantv.az\/wp-content\/uploads\/2018\/10\/693268-1-150x150.jpg",150,150,true],"medium":["https:\/\/arantv.az\/wp-content\/uploads\/2018\/10\/693268-1-300x225.jpg",300,225,true],"large":["https:\/\/arantv.az\/wp-content\/uploads\/2018\/10\/693268-1.jpg",640,480,false],"1536x1536":["https:\/\/arantv.az\/wp-content\/uploads\/2018\/10\/693268-1.jpg",800,600,false],"2048x2048":["https:\/\/arantv.az\/wp-content\/uploads\/2018\/10\/693268-1.jpg",800,600,false],"post-thumbnail":["https:\/\/arantv.az\/wp-content\/uploads\/2018\/10\/693268-1-240x172.jpg",240,172,true],"advps-thumb-one":["https:\/\/arantv.az\/wp-content\/uploads\/2018\/10\/693268-1.jpg",800,600,false]},"rttpg_author":{"display_name":"V\u00fcsal Rafiqo\u011flu","author_link":"https:\/\/arantv.az\/?author=2"},"rttpg_comment":0,"rttpg_category":"<a href=\"https:\/\/arantv.az\/?cat=4\" rel=\"category\">Siyas\u0259t<\/a>","rttpg_excerpt":"Az\u0259rbaycanda h\u0259yata ke\u00e7iril\u0259n iqtisadi v\u0259 institusional islahatlar q\u0131sa m\u00fcdd\u0259td\u0259 iqtisadi inki\u015fafa v\u0259 sosial t\u0259minata \u00f6z m\u00fcsb\u0259t t\u0259sirini g\u00f6st\u0259rm\u0259y\u0259 ba\u015flay\u0131b. ARANTV.AZ x\u0259b\u0259r verir ki, bunu trend-\u0259 a\u00e7\u0131qlamas\u0131nda mill\u0259t v\u0259kili Tahir Mirki\u015fili Nazirl\u0259r Kabinetinin 2018-ci ilin doqquz ay\u0131n\u0131n sosial-iqtisadi inki\u015faf\u0131n\u0131n yekunlar\u0131na v\u0259 qar\u015f\u0131da duran v\u0259zif\u0259l\u0259r\u0259 h\u0259sr olunan iclas\u0131nda Prezident \u0130lham \u018fliyevin \u00e7\u0131x\u0131\u015f\u0131na m\u00fcnasib\u0259t bildir\u0259rk\u0259n deyib. O qeyd&hellip;","_links":{"self":[{"href":"https:\/\/arantv.az\/index.php?rest_route=\/wp\/v2\/posts\/18059"}],"collection":[{"href":"https:\/\/arantv.az\/index.php?rest_route=\/wp\/v2\/posts"}],"about":[{"href":"https:\/\/arantv.az\/index.php?rest_route=\/wp\/v2\/types\/post"}],"author":[{"embeddable":true,"href":"https:\/\/arantv.az\/index.php?rest_route=\/wp\/v2\/users\/2"}],"replies":[{"embeddable":true,"href":"https:\/\/arantv.az\/index.php?rest_route=%2Fwp%2Fv2%2Fcomments&post=18059"}],"version-history":[{"count":0,"href":"https:\/\/arantv.az\/index.php?rest_route=\/wp\/v2\/posts\/18059\/revisions"}],"wp:featuredmedia":[{"embeddable":true,"href":"https:\/\/arantv.az\/index.php?rest_route=\/wp\/v2\/media\/18061"}],"wp:attachment":[{"href":"https:\/\/arantv.az\/index.php?rest_route=%2Fwp%2Fv2%2Fmedia&parent=18059"}],"wp:term":[{"taxonomy":"category","embeddable":true,"href":"https:\/\/arantv.az\/index.php?rest_route=%2Fwp%2Fv2%2Fcategories&post=18059"},{"taxonomy":"post_tag","embeddable":true,"href":"https:\/\/arantv.az\/index.php?rest_route=%2Fwp%2Fv2%2Ftags&post=18059"}],"curies":[{"name":"wp","href":"https:\/\/api.w.org\/{rel}","templated":true}]}}