{"id":18080,"date":"2018-10-10T14:21:12","date_gmt":"2018-10-10T11:21:12","guid":{"rendered":"http:\/\/arantv.az\/?p=18080"},"modified":"2018-10-10T14:21:12","modified_gmt":"2018-10-10T11:21:12","slug":"oqtay-%c9%99s%c9%99dovdan-erm%c9%99ni-deputata-tutarli-cavab","status":"publish","type":"post","link":"https:\/\/arantv.az\/?p=18080","title":{"rendered":"Oqtay \u018fs\u0259dovdan erm\u0259ni deputata tutarl\u0131 cavab"},"content":{"rendered":"<p>Avrasiya \u00f6lk\u0259l\u0259ri parlament s\u0259drl\u0259rinin Antalya \u015f\u0259h\u0259rind\u0259 ke\u00e7iril\u0259n \u00fc\u00e7\u00fcnc\u00fc g\u00f6r\u00fc\u015f\u00fcn\u00fcn plenar iclas\u0131nda \u00e7\u0131x\u0131\u015f ed\u0259n Erm\u0259nistan parlamenti s\u0259drinin m\u00fcavini Eduard \u015earmazanov i\u015f\u011fal\u00e7\u0131 d\u00f6vl\u0259tin \u0259n\u0259n\u0259l\u0259rin\u0259 uy\u011fun olaraq uydurma \u201cerm\u0259ni soyq\u0131r\u0131m\u0131\u201d v\u0259 Da\u011fl\u0131q Qaraba\u011f problemi il\u0259 ba\u011fl\u0131 h\u0259qiq\u0259t\u0259 uy\u011fun olmayan, b\u00f6htan xarakterli v\u0259 m\u0259ntiqsiz fikirl\u0259r s\u0259sl\u0259ndirib.<\/p>\n<p><strong>ARANTV.AZ<\/strong> x\u0259b\u0259r verir ki, Milli M\u0259clisin s\u0259dri\u00a0<strong>Oqtay \u018fs\u0259dov\u00a0<\/strong>t\u0259cav\u00fczkar d\u00f6vl\u0259tin n\u00fcmay\u0259nd\u0259sin\u0259 tutarl\u0131 cavab verib.<\/p>\n<p>\u201cErm\u0259nistan n\u00fcmay\u0259nd\u0259sinin bu m\u00f6t\u0259b\u0259r t\u0259dbiri \u00e7a\u015fd\u0131rmaq \u00fc\u00e7\u00fcn s\u00f6yl\u0259diyi fikirl\u0259r m\u0259ni yenid\u0259n \u00e7\u0131x\u0131\u015f etm\u0259y\u0259 vadar etdi. \u018fslind\u0259 bizim bug\u00fcnk\u00fc toplant\u0131 b\u00f6lg\u0259d\u0259 s\u00fclh\u00fc, dialoqu v\u0259 inki\u015faf\u0131 t\u0259\u015fviq etm\u0259k m\u0259qs\u0259di da\u015f\u0131y\u0131r. M\u0259lum oldu\u011fu kimi, Da\u011fl\u0131q Qaraba\u011f xalq\u0131 deyil\u0259n bir xalq yoxdur.<\/p>\n<p>Da\u011fl\u0131q Qaraba\u011fda Az\u0259rbaycan v\u0259 erm\u0259ni icmalar\u0131 ya\u015fay\u0131blar. Bildiyiniz kimi, Da\u011fl\u0131q Qaraba\u011f\u0131n Az\u0259rbaycan \u0259halisi etnik t\u0259mizl\u0259m\u0259 n\u0259tic\u0259sind\u0259 \u00f6z do\u011fma torpaqlar\u0131ndan did\u0259rgin d\u00fc\u015f\u00fcb.<\/p>\n<p>Erm\u0259nistan n\u00fcmay\u0259nd\u0259sinin haz\u0131rda orada ya\u015fayan Qaraba\u011f erm\u0259nil\u0259rin\u0259 \u00f6z m\u00fcq\u0259dd\u0259ratlar\u0131n\u0131 t\u0259yinetm\u0259 h\u00fcququnun verilm\u0259si il\u0259 ba\u011fl\u0131 fikri tam yanl\u0131\u015f v\u0259 h\u00fcquqaziddir. O zaman bel\u0259 bir maraql\u0131 fikir meydana g\u0259lir: Dem\u0259li, erm\u0259nil\u0259r harada toplum \u015f\u0259klind\u0259 ya\u015fay\u0131rlarsa, orada onlara \u00f6z m\u00fcq\u0259dd\u0259ratlar\u0131n\u0131 t\u0259yinetm\u0259 h\u00fcququ verilm\u0259lidir?<\/p>\n<p>Erm\u0259nistan n\u00fcmay\u0259nd\u0259sinin \u00e7\u0131x\u0131\u015f\u0131nda bu g\u00f6r\u00fc\u015f\u0259 ev sahibliyi ed\u0259n T\u00fcrkiy\u0259nin ad\u0131n\u0131 \u00e7\u0259km\u0259m\u0259si onun siyasi m\u0259d\u0259niyy\u0259tinin s\u0259viyy\u0259sini g\u00f6st\u0259rir. T\u00fcrkiy\u0259ni daim qondarma \u201cerm\u0259ni soyq\u0131r\u0131m\u0131\u201d t\u00f6r\u0259tm\u0259kd\u0259 g\u00fcnahland\u0131ran Erm\u0259nistan \u00f6z\u00fc XX \u0259srin sonunda Az\u0259rbaycan\u0131n Xocal\u0131 \u015f\u0259h\u0259rind\u0259 soyq\u0131r\u0131m\u0131 t\u00f6r\u0259dib.<\/p>\n<p>Bir \u00e7ox \u00f6lk\u0259l\u0259r, o c\u00fcml\u0259d\u0259n AB\u015e-\u0131n 18 \u015ftat\u0131 Xocal\u0131 soyq\u0131r\u0131m\u0131 il\u0259 ba\u011fl\u0131 q\u0259tnam\u0259l\u0259r q\u0259bul edib. X\u00fcsusi olaraq qeyd etm\u0259k ist\u0259yir\u0259m ki, beyn\u0259lxalq t\u0259\u015fkilatlar, BMT, Avropa \u015euras\u0131, Avropa Parlamenti Erm\u0259nistan\u0131 i\u015f\u011fal\u00e7\u0131 \u00f6lk\u0259 kimi tan\u0131y\u0131r.<\/p>\n<p>Erm\u0259nistandan ba\u015fqa, b\u00fct\u00fcn d\u00fcnya d\u00f6vl\u0259tl\u0259ri Az\u0259rbaycan\u0131n Da\u011fl\u0131q Qaraba\u011f da daxil olmaqla \u0259razi b\u00fct\u00f6vl\u00fcy\u00fcn\u00fc tan\u0131y\u0131r. Bu da onu s\u00fcbut edir ki, m\u00fcnaqi\u015f\u0259 t\u0259r\u0259fi Da\u011fl\u0131q Qaraba\u011f yox, m\u0259hz Erm\u0259nistand\u0131r\u201d, &#8211;\u00a0O.\u018fs\u0259dov deyib.<\/p>\n<p>T\u00fcrkiy\u0259 B\u00f6y\u00fck Mill\u0259t M\u0259clisinin s\u0259dri Bin\u0259li Y\u0131ld\u0131r\u0131m bu m\u0259s\u0259l\u0259y\u0259 m\u00fcnasib\u0259t bildirib:<\/p>\n<p>\u201cD\u00fcnyada s\u00fclh\u0259 v\u0259 sabitliy\u0259 d\u0259y\u0259r ver\u0259n bu toplant\u0131m\u0131zda h\u0259qiq\u0259ti sars\u0131dan fikirl\u0259ri q\u0259bul etm\u0259yimiz m\u00fcmk\u00fcn deyil. Erm\u0259nistan h\u0259qiq\u0259t\u0259n d\u0259 T\u00fcrkiy\u0259 il\u0259 \u0259laq\u0259l\u0259rini ist\u0259yirs\u0259, o, saxta \u201cerm\u0259ni soyq\u0131r\u0131m\u0131\u201d iddias\u0131ndan \u0259l \u00e7\u0259km\u0259li, tarixi hadis\u0259l\u0259ri tarix\u00e7il\u0259rin ara\u015fd\u0131rmas\u0131na buraxmal\u0131d\u0131r.<\/p>\n<p>Parlament s\u0259dri Oqtay \u018fs\u0259dov Erm\u0259nistan-Az\u0259rbaycan Da\u011fl\u0131q Qaraba\u011f problemi il\u0259 ba\u011fl\u0131 \u0259trafl\u0131 b\u0259hs etdi. Erm\u0259nistan bu m\u00f6vqeyi il\u0259 \u0259slind\u0259 \u00f6z\u00fc-\u00f6z\u00fcn\u00fc t\u0259crid v\u0259ziyy\u0259tin\u0259 sal\u0131b. Erm\u0259nistan anlamal\u0131d\u0131r ki, qon\u015fular\u0131 il\u0259 \u0259laq\u0259l\u0259ri normalla\u015fd\u0131rmal\u0131, C\u0259nubi Qafqazda s\u00fclh, sabitlik v\u0259 rifah yolu tutmal\u0131d\u0131r. Yaln\u0131z bel\u0259 olarsa, m\u00f6vcud probleml\u0259r aradan qalxa bil\u0259r\u201d.oxu.az<\/p>\n","protected":false},"excerpt":{"rendered":"<p>Avrasiya \u00f6lk\u0259l\u0259ri parlament s\u0259drl\u0259rinin Antalya \u015f\u0259h\u0259rind\u0259 ke\u00e7iril\u0259n \u00fc\u00e7\u00fcnc\u00fc g\u00f6r\u00fc\u015f\u00fcn\u00fcn plenar iclas\u0131nda \u00e7\u0131x\u0131\u015f ed\u0259n Erm\u0259nistan parlamenti s\u0259drinin m\u00fcavini Eduard \u015earmazanov i\u015f\u011fal\u00e7\u0131 d\u00f6vl\u0259tin \u0259n\u0259n\u0259l\u0259rin\u0259 uy\u011fun olaraq uydurma \u201cerm\u0259ni soyq\u0131r\u0131m\u0131\u201d v\u0259 Da\u011fl\u0131q Qaraba\u011f problemi il\u0259 ba\u011fl\u0131 h\u0259qiq\u0259t\u0259 uy\u011fun olmayan, b\u00f6htan xarakterli v\u0259 m\u0259ntiqsiz fikirl\u0259r s\u0259sl\u0259ndirib. ARANTV.AZ x\u0259b\u0259r verir ki, Milli M\u0259clisin s\u0259dri\u00a0Oqtay \u018fs\u0259dov\u00a0t\u0259cav\u00fczkar d\u00f6vl\u0259tin n\u00fcmay\u0259nd\u0259sin\u0259 tutarl\u0131 cavab verib. \u201cErm\u0259nistan n\u00fcmay\u0259nd\u0259sinin bu m\u00f6t\u0259b\u0259r t\u0259dbiri \u00e7a\u015fd\u0131rmaq \u00fc\u00e7\u00fcn s\u00f6yl\u0259diyi fikirl\u0259r m\u0259ni yenid\u0259n \u00e7\u0131x\u0131\u015f etm\u0259y\u0259 vadar etdi. \u018fslind\u0259 bizim bug\u00fcnk\u00fc toplant\u0131 b\u00f6lg\u0259d\u0259 s\u00fclh\u00fc, dialoqu v\u0259 inki\u015faf\u0131 t\u0259\u015fviq etm\u0259k m\u0259qs\u0259di da\u015f\u0131y\u0131r. M\u0259lum oldu\u011fu kimi, Da\u011fl\u0131q Qaraba\u011f xalq\u0131 deyil\u0259n&hellip;<\/p>\n","protected":false},"author":2,"featured_media":18081,"comment_status":"closed","ping_status":"closed","sticky":false,"template":"","format":"standard","meta":{"om_disable_all_campaigns":false,"_monsterinsights_skip_tracking":false,"_monsterinsights_sitenote_active":false,"_monsterinsights_sitenote_note":"","_monsterinsights_sitenote_category":0},"categories":[4],"tags":[],"aioseo_notices":[],"gutentor_comment":0,"rttpg_featured_image_url":{"full":["https:\/\/arantv.az\/wp-content\/uploads\/2018\/10\/trend_oktay_asadov_240909.jpg",620,465,false],"landscape":["https:\/\/arantv.az\/wp-content\/uploads\/2018\/10\/trend_oktay_asadov_240909.jpg",620,465,false],"portraits":["https:\/\/arantv.az\/wp-content\/uploads\/2018\/10\/trend_oktay_asadov_240909.jpg",620,465,false],"thumbnail":["https:\/\/arantv.az\/wp-content\/uploads\/2018\/10\/trend_oktay_asadov_240909-150x150.jpg",150,150,true],"medium":["https:\/\/arantv.az\/wp-content\/uploads\/2018\/10\/trend_oktay_asadov_240909-300x225.jpg",300,225,true],"large":["https:\/\/arantv.az\/wp-content\/uploads\/2018\/10\/trend_oktay_asadov_240909.jpg",620,465,false],"1536x1536":["https:\/\/arantv.az\/wp-content\/uploads\/2018\/10\/trend_oktay_asadov_240909.jpg",620,465,false],"2048x2048":["https:\/\/arantv.az\/wp-content\/uploads\/2018\/10\/trend_oktay_asadov_240909.jpg",620,465,false],"post-thumbnail":["https:\/\/arantv.az\/wp-content\/uploads\/2018\/10\/trend_oktay_asadov_240909-240x172.jpg",240,172,true],"advps-thumb-one":["https:\/\/arantv.az\/wp-content\/uploads\/2018\/10\/trend_oktay_asadov_240909.jpg",620,465,false]},"rttpg_author":{"display_name":"V\u00fcsal Rafiqo\u011flu","author_link":"https:\/\/arantv.az\/?author=2"},"rttpg_comment":0,"rttpg_category":"<a href=\"https:\/\/arantv.az\/?cat=4\" rel=\"category\">Siyas\u0259t<\/a>","rttpg_excerpt":"Avrasiya \u00f6lk\u0259l\u0259ri parlament s\u0259drl\u0259rinin Antalya \u015f\u0259h\u0259rind\u0259 ke\u00e7iril\u0259n \u00fc\u00e7\u00fcnc\u00fc g\u00f6r\u00fc\u015f\u00fcn\u00fcn plenar iclas\u0131nda \u00e7\u0131x\u0131\u015f ed\u0259n Erm\u0259nistan parlamenti s\u0259drinin m\u00fcavini Eduard \u015earmazanov i\u015f\u011fal\u00e7\u0131 d\u00f6vl\u0259tin \u0259n\u0259n\u0259l\u0259rin\u0259 uy\u011fun olaraq uydurma \u201cerm\u0259ni soyq\u0131r\u0131m\u0131\u201d v\u0259 Da\u011fl\u0131q Qaraba\u011f problemi il\u0259 ba\u011fl\u0131 h\u0259qiq\u0259t\u0259 uy\u011fun olmayan, b\u00f6htan xarakterli v\u0259 m\u0259ntiqsiz fikirl\u0259r s\u0259sl\u0259ndirib. ARANTV.AZ x\u0259b\u0259r verir ki, Milli M\u0259clisin s\u0259dri\u00a0Oqtay \u018fs\u0259dov\u00a0t\u0259cav\u00fczkar d\u00f6vl\u0259tin n\u00fcmay\u0259nd\u0259sin\u0259 tutarl\u0131 cavab verib.&hellip;","_links":{"self":[{"href":"https:\/\/arantv.az\/index.php?rest_route=\/wp\/v2\/posts\/18080"}],"collection":[{"href":"https:\/\/arantv.az\/index.php?rest_route=\/wp\/v2\/posts"}],"about":[{"href":"https:\/\/arantv.az\/index.php?rest_route=\/wp\/v2\/types\/post"}],"author":[{"embeddable":true,"href":"https:\/\/arantv.az\/index.php?rest_route=\/wp\/v2\/users\/2"}],"replies":[{"embeddable":true,"href":"https:\/\/arantv.az\/index.php?rest_route=%2Fwp%2Fv2%2Fcomments&post=18080"}],"version-history":[{"count":0,"href":"https:\/\/arantv.az\/index.php?rest_route=\/wp\/v2\/posts\/18080\/revisions"}],"wp:featuredmedia":[{"embeddable":true,"href":"https:\/\/arantv.az\/index.php?rest_route=\/wp\/v2\/media\/18081"}],"wp:attachment":[{"href":"https:\/\/arantv.az\/index.php?rest_route=%2Fwp%2Fv2%2Fmedia&parent=18080"}],"wp:term":[{"taxonomy":"category","embeddable":true,"href":"https:\/\/arantv.az\/index.php?rest_route=%2Fwp%2Fv2%2Fcategories&post=18080"},{"taxonomy":"post_tag","embeddable":true,"href":"https:\/\/arantv.az\/index.php?rest_route=%2Fwp%2Fv2%2Ftags&post=18080"}],"curies":[{"name":"wp","href":"https:\/\/api.w.org\/{rel}","templated":true}]}}