{"id":180846,"date":"2020-06-18T13:26:46","date_gmt":"2020-06-18T10:26:46","guid":{"rendered":"http:\/\/arantv.az\/?p=180846"},"modified":"2020-06-18T13:26:46","modified_gmt":"2020-06-18T10:26:46","slug":"abseronda-sokul%c9%99n-fasad-ortukl%c9%99ri-iki-ildir-b%c9%99rpa-edilmir-video","status":"publish","type":"post","link":"https:\/\/arantv.az\/?p=180846","title":{"rendered":"Ab\u015feronda s\u00f6k\u00fcl\u0259n fasad \u00f6rt\u00fckl\u0259ri iki ildir b\u0259rpa edilmir &#8211; V\u0130DEO"},"content":{"rendered":"<article class=\"news\">\n<div class=\"news-inner\">\n<p>Ab\u015feron rayonunun M\u0259h\u0259mm\u0259di q\u0259s\u0259b\u0259sind\u0259ki ya\u015fay\u0131\u015f binalar\u0131n\u0131n\u00a0fasad\u0131 da\u011f\u0131lmaq \u00fczr\u0259dir. Bu azm\u0131\u015f kimi binada n\u0259mi\u015flik m\u00fc\u015fahid\u0259 olunur.<\/p>\n<p>Bel\u0259 ki, burada yerl\u0259\u015f\u0259n bir \u00e7ox binalar\u0131n penoplast \u00f6rt\u00fckl\u00fc fasadlar\u0131 2018-ci ild\u0259 s\u00f6k\u00fcl\u00fcb. Ancaq iki il ke\u00e7m\u0259sin\u0259 baxmayaraq, h\u0259l\u0259 d\u0259 t\u0259mir olunmay\u0131b.<\/p>\n<div id=\"AdviadNativeVideo0\" class=\"AdviadNativeVideo\"><\/div>\n<p>Sakinl\u0259rin s\u00f6zl\u0259rin\u0259 g\u00f6r\u0259, fasad \u00f6rt\u00fckl\u0259rinin b\u0259rpa olunmamas\u0131 bir \u00e7ox probleml\u0259r\u0259 s\u0259b\u0259b olub.<\/p>\n<p>\u018ftrafl\u0131 Baku TV-nin reportaj\u0131nda:<\/p>\n<div><iframe loading=\"lazy\" src=\"https:\/\/player.baku.tv\/embed\/20489\" width=\"560\" height=\"315\" frameborder=\"0\" allowfullscreen=\"allowfullscreen\" data-mce-fragment=\"1\"><\/iframe><\/div>\n<\/div>\n<\/article>\n<h2 class=\"news-share-title\"><\/h2>\n","protected":false},"excerpt":{"rendered":"<p>Ab\u015feron rayonunun M\u0259h\u0259mm\u0259di q\u0259s\u0259b\u0259sind\u0259ki ya\u015fay\u0131\u015f binalar\u0131n\u0131n\u00a0fasad\u0131 da\u011f\u0131lmaq \u00fczr\u0259dir. Bu azm\u0131\u015f kimi binada n\u0259mi\u015flik m\u00fc\u015fahid\u0259 olunur. Bel\u0259 ki, burada yerl\u0259\u015f\u0259n bir \u00e7ox binalar\u0131n penoplast \u00f6rt\u00fckl\u00fc fasadlar\u0131 2018-ci ild\u0259 s\u00f6k\u00fcl\u00fcb. Ancaq iki il ke\u00e7m\u0259sin\u0259 baxmayaraq, h\u0259l\u0259 d\u0259 t\u0259mir olunmay\u0131b. Sakinl\u0259rin s\u00f6zl\u0259rin\u0259 g\u00f6r\u0259, fasad \u00f6rt\u00fckl\u0259rinin b\u0259rpa olunmamas\u0131 bir \u00e7ox probleml\u0259r\u0259 s\u0259b\u0259b olub. \u018ftrafl\u0131 Baku TV-nin reportaj\u0131nda:<\/p>\n","protected":false},"author":2,"featured_media":180847,"comment_status":"closed","ping_status":"closed","sticky":false,"template":"","format":"standard","meta":{"om_disable_all_campaigns":false,"_monsterinsights_skip_tracking":false,"_monsterinsights_sitenote_active":false,"_monsterinsights_sitenote_note":"","_monsterinsights_sitenote_category":0},"categories":[26],"tags":[],"aioseo_notices":[],"gutentor_comment":0,"rttpg_featured_image_url":{"full":["https:\/\/arantv.az\/wp-content\/uploads\/2020\/06\/fasad.jpg",620,349,false],"landscape":["https:\/\/arantv.az\/wp-content\/uploads\/2020\/06\/fasad.jpg",620,349,false],"portraits":["https:\/\/arantv.az\/wp-content\/uploads\/2020\/06\/fasad.jpg",620,349,false],"thumbnail":["https:\/\/arantv.az\/wp-content\/uploads\/2020\/06\/fasad-150x150.jpg",150,150,true],"medium":["https:\/\/arantv.az\/wp-content\/uploads\/2020\/06\/fasad-300x169.jpg",300,169,true],"large":["https:\/\/arantv.az\/wp-content\/uploads\/2020\/06\/fasad.jpg",620,349,false],"1536x1536":["https:\/\/arantv.az\/wp-content\/uploads\/2020\/06\/fasad.jpg",620,349,false],"2048x2048":["https:\/\/arantv.az\/wp-content\/uploads\/2020\/06\/fasad.jpg",620,349,false],"post-thumbnail":["https:\/\/arantv.az\/wp-content\/uploads\/2020\/06\/fasad-240x172.jpg",240,172,true],"advps-thumb-one":["https:\/\/arantv.az\/wp-content\/uploads\/2020\/06\/fasad.jpg",620,349,false]},"rttpg_author":{"display_name":"V\u00fcsal Rafiqo\u011flu","author_link":"https:\/\/arantv.az\/?author=2"},"rttpg_comment":0,"rttpg_category":"<a href=\"https:\/\/arantv.az\/?cat=26\" rel=\"category\">Sosial<\/a>","rttpg_excerpt":"Ab\u015feron rayonunun M\u0259h\u0259mm\u0259di q\u0259s\u0259b\u0259sind\u0259ki ya\u015fay\u0131\u015f binalar\u0131n\u0131n\u00a0fasad\u0131 da\u011f\u0131lmaq \u00fczr\u0259dir. Bu azm\u0131\u015f kimi binada n\u0259mi\u015flik m\u00fc\u015fahid\u0259 olunur. Bel\u0259 ki, burada yerl\u0259\u015f\u0259n bir \u00e7ox binalar\u0131n penoplast \u00f6rt\u00fckl\u00fc fasadlar\u0131 2018-ci ild\u0259 s\u00f6k\u00fcl\u00fcb. Ancaq iki il ke\u00e7m\u0259sin\u0259 baxmayaraq, h\u0259l\u0259 d\u0259 t\u0259mir olunmay\u0131b. Sakinl\u0259rin s\u00f6zl\u0259rin\u0259 g\u00f6r\u0259, fasad \u00f6rt\u00fckl\u0259rinin b\u0259rpa olunmamas\u0131 bir \u00e7ox probleml\u0259r\u0259 s\u0259b\u0259b olub. \u018ftrafl\u0131 Baku TV-nin reportaj\u0131nda:","_links":{"self":[{"href":"https:\/\/arantv.az\/index.php?rest_route=\/wp\/v2\/posts\/180846"}],"collection":[{"href":"https:\/\/arantv.az\/index.php?rest_route=\/wp\/v2\/posts"}],"about":[{"href":"https:\/\/arantv.az\/index.php?rest_route=\/wp\/v2\/types\/post"}],"author":[{"embeddable":true,"href":"https:\/\/arantv.az\/index.php?rest_route=\/wp\/v2\/users\/2"}],"replies":[{"embeddable":true,"href":"https:\/\/arantv.az\/index.php?rest_route=%2Fwp%2Fv2%2Fcomments&post=180846"}],"version-history":[{"count":0,"href":"https:\/\/arantv.az\/index.php?rest_route=\/wp\/v2\/posts\/180846\/revisions"}],"wp:featuredmedia":[{"embeddable":true,"href":"https:\/\/arantv.az\/index.php?rest_route=\/wp\/v2\/media\/180847"}],"wp:attachment":[{"href":"https:\/\/arantv.az\/index.php?rest_route=%2Fwp%2Fv2%2Fmedia&parent=180846"}],"wp:term":[{"taxonomy":"category","embeddable":true,"href":"https:\/\/arantv.az\/index.php?rest_route=%2Fwp%2Fv2%2Fcategories&post=180846"},{"taxonomy":"post_tag","embeddable":true,"href":"https:\/\/arantv.az\/index.php?rest_route=%2Fwp%2Fv2%2Ftags&post=180846"}],"curies":[{"name":"wp","href":"https:\/\/api.w.org\/{rel}","templated":true}]}}