{"id":18092,"date":"2018-10-10T14:39:31","date_gmt":"2018-10-10T11:39:31","guid":{"rendered":"http:\/\/arantv.az\/?p=18092"},"modified":"2018-10-10T14:39:31","modified_gmt":"2018-10-10T11:39:31","slug":"almaniya-hokum%c9%99ti-dagliq-qarabag-bolg%c9%99si-az%c9%99rbaycan-respublikasinin-%c9%99razisinin-bir-hiss%c9%99sidir","status":"publish","type":"post","link":"https:\/\/arantv.az\/?p=18092","title":{"rendered":"Almaniya h\u00f6kum\u0259ti: \u201cDa\u011fl\u0131q Qaraba\u011f b\u00f6lg\u0259si Az\u0259rbaycan Respublikas\u0131n\u0131n \u0259razisinin bir hiss\u0259sidir\u201d"},"content":{"rendered":"<p><strong>ARANTV.AZ<\/strong> x\u0259b\u0259r verir ki, Az\u0259rbaycan d\u00f6vl\u0259tinin u\u011furlu v\u0259 q\u0259tiyy\u0259tli siyasi irad\u0259si hesab\u0131na beyn\u0259lxalq m\u00fcst\u0259vid\u0259 Erm\u0259nistan-Az\u0259rbaycan, Da\u011fl\u0131q Qaraba\u011f m\u00fcnaqi\u015f\u0259sinin h\u0259lli m\u0259s\u0259l\u0259sin\u0259 m\u00fcnasib\u0259t d\u0259yi\u015fir. \u00a0AT\u018fT-in Minsk Qrupuna daxil olan \u00f6lk\u0259l\u0259rd\u0259n biri &#8211; Almaniya h\u00f6kum\u0259tinin problemi Az\u0259rbaycan \u0259razil\u0259rinin i\u015f\u011fal\u0131 kontekstind\u0259 qiym\u0259tl\u0259ndirm\u0259si deyil\u0259nl\u0259ri t\u0259sdiq edir.<\/p>\n<p>Almaniya medias\u0131n\u0131n yazd\u0131\u011f\u0131na g\u00f6r\u0259, \u00f6lk\u0259nin qanunverici orqan\u0131-Bundestaqda t\u0259msil olunan sa\u011f\u00e7\u0131 radikal AfD fraksiyas\u0131 Almaniya Federativ Respublikas\u0131 h\u00f6kum\u0259tin\u0259 \u201cAlmaniya-Erm\u0259nistan m\u00fcnasib\u0259tl\u0259ri\u201d m\u00f6vzusunda ki\u00e7ik sor\u011fu g\u00f6nd\u0259rib. Sor\u011fuda dig\u0259r m\u0259s\u0259l\u0259l\u0259rl\u0259 yana\u015f\u0131, h\u0259m\u00e7inin Da\u011fl\u0131q Qaraba\u011fa dair b\u0259zi suallar da yer al\u0131b. H\u00f6kum\u0259tin s\u00f6z\u00fcged\u0259n sor\u011fuya cavab\u0131 is\u0259 b\u00f6y\u00fck diqq\u0259t \u00e7\u0259kib. Sor\u011funun giri\u015find\u0259 qeyd olunur: \u201cAFR h\u00f6kum\u0259ti x\u00fcsusi olaraq vur\u011fulay\u0131r ki, \u201cAlmaniya-Erm\u0259nistan m\u00fcnasib\u0259tl\u0259ri\u201d anlay\u0131\u015f\u0131 il\u0259 Almaniya Federativ Respublikas\u0131 v\u0259 Erm\u0259nistan Respublikas\u0131 aras\u0131ndak\u0131 m\u00fcnasib\u0259tl\u0259r ba\u015fa d\u00fc\u015f\u00fclm\u0259lidir. AFR h\u00f6kum\u0259ti Erm\u0259nistan silahl\u0131 q\u00fcvv\u0259l\u0259rinin n\u0259zar\u0259tind\u0259 yerl\u0259\u015f\u0259n Da\u011fl\u0131q Qaraba\u011f regionu v\u0259 yeddi \u0259traf rayonu Az\u0259rbaycan\u0131n bir hiss\u0259si hesab edir. H\u00f6kum\u0259t qondarma \u201cDa\u011fl\u0131q Qaraba\u011f Respublikas\u0131n\u0131\u201d tan\u0131m\u0131r.\u201d<\/p>\n<p>M\u00fct\u0259x\u0259ssisl\u0259r Almaniyan\u0131n qanunverici orqan\u0131nda t\u0259msil olunan fraksiyan\u0131n sor\u011fusuna cavab olaraq ortaya qoyulan m\u00f6vqenin Az\u0259rbaycan\u0131n maraqlar\u0131na tam uy\u011fun g\u0259ldiyini bildirirl\u0259r. Avropan\u0131n n\u0259h\u0259ng siyasi v\u0259 iqtisadi g\u00fcc\u00fcn\u0259 \u00e7evril\u0259n, Minsk qrupunda da t\u0259msil olunan bir d\u00f6vl\u0259tin Da\u011fl\u0131q Qaraba\u011f m\u00fcnaqi\u015f\u0259sin\u0259 Erm\u0259nistan\u0131n b\u00fct\u00fcn arqumentl\u0259rini he\u00e7\u0259 endir\u0259n t\u0259rzd\u0259 yana\u015fmas\u0131 g\u0259l\u0259c\u0259k dan\u0131\u015f\u0131qlarda r\u0259smi Bak\u0131ya diplomatik \u00fcst\u00fcnl\u00fcy\u00fc t\u0259min etm\u0259kl\u0259 b\u0259rab\u0259r problemin \u0259dal\u0259tli h\u0259lli variant\u0131n\u0131n d\u0259st\u0259kl\u0259nm\u0259sin\u0259, status-kvonun d\u0259yi\u015fdirilm\u0259sin\u0259 v\u0259 substantiv dan\u0131\u015f\u0131qlar\u0131n apar\u0131lmas\u0131na t\u0259kan ver\u0259 bil\u0259r.<\/p>\n<p>Onu da \u0259lav\u0259 ed\u0259k ki, Almaniya h\u00f6kum\u0259ti sor\u011funun m\u00fcvafiq b\u0259ndl\u0259rin\u0259, y\u0259ni,\u00a0 Da\u011fl\u0131q Qaraba\u011fda insan h\u00fcquqlar\u0131, m\u0259tbuat azadl\u0131\u011f\u0131, azl\u0131qlar\u0131n v\u0259ziyy\u0259ti, orada ya\u015fayan almanlar\u0131n say\u0131 v\u0259 dig\u0259r m\u0259s\u0259l\u0259l\u0259r\u0259 dair cavab\u0131nda bu qeydin\u0259 istinad etm\u0259kl\u0259 kifay\u0259tl\u0259nib. H\u0259m\u00e7inin sor\u011fudak\u0131 \u201cAFR h\u00f6kum\u0259ti Da\u011fl\u0131q Qaraba\u011f\u0131n beyn\u0259lxalq h\u00fcquqi statusunu nec\u0259 qiym\u0259tl\u0259ndirir?\u201d sual\u0131na h\u00f6kum\u0259t \u201cDa\u011fl\u0131q Qaraba\u011f b\u00f6lg\u0259si Az\u0259rbaycan Respublikas\u0131n\u0131n \u0259razisinin bir hiss\u0259sidir\u201d cavab\u0131n\u0131 verib. Bu b\u0259yanat vaxtil\u0259 alman Bundestaq\u0131nda Az\u0259rbaycanla ba\u011fl\u0131 demokratiya, insan haqlar\u0131 v\u0259 dig\u0259r m\u0259s\u0259l\u0259l\u0259r \u0259traf\u0131nda manipulyativ gedi\u015fl\u0259r ed\u0259n fraksiyalar \u00fc\u00e7\u00fcn x\u0259b\u0259rdarl\u0131q da say\u0131la bil\u0259r. Ekspertl\u0259r qeyd edirl\u0259r ki, r\u0259smi Berlinin Da\u011fl\u0131q Qaraba\u011f m\u00fcnaqi\u015f\u0259sin\u0259 beyn\u0259lxalq h\u00fcquq normalar\u0131 \u00e7\u0259r\u00e7iv\u0259sind\u0259 yana\u015fmas\u0131, \u015f\u00fcbh\u0259siz, dig\u0259r \u00f6lk\u0259l\u0259r v\u0259 h\u00f6kum\u0259tl\u0259r \u00fc\u00e7\u00fcn presedent\u0259 \u00e7evril\u0259c\u0259k.<\/p>\n<p>\u00dcmumiyy\u0259tl\u0259, son ill\u0259r Az\u0259rbaycan v\u0259 Almaniya aras\u0131nda m\u00fcnasib\u0259tl\u0259rin b\u00fct\u00fcn istiqam\u0259tl\u0259r \u00fczr\u0259 d\u0259rinl\u0259\u015fm\u0259si Bak\u0131-Berlin \u0259laq\u0259l\u0259rinin Da\u011fl\u0131q Qaraba\u011f m\u00f6vzusunda da yax\u0131nla\u015fmas\u0131na k\u00f6m\u0259k edir. Bu meyl avqustun 25-d\u0259 respublikam\u0131za s\u0259f\u0259r ed\u0259n Almaniyan\u0131n federal kansleri Angela Merkelin b\u0259yanatlar\u0131nda da \u00f6z\u00fcn\u00fc g\u00f6st\u0259rdi. Xan\u0131m Merkel Prezident \u0130lham \u018fliyevl\u0259 birg\u0259 m\u0259tbuat konfrans\u0131nda bildirdi ki, Almaniya Da\u011fl\u0131q Qaraba\u011f m\u00fcnaqi\u015f\u0259sinin h\u0259llind\u0259 maraql\u0131d\u0131r v\u0259 r\u0259smi Berlin buna Minsk qrupu \u00e7\u0259r\u00e7iv\u0259sind\u0259 \u00f6z t\u00f6hf\u0259sini verir. \u201cErm\u0259nistanda yeni h\u00f6kum\u0259tin qurulmas\u0131 fakt\u0131 b\u0259lk\u0259 d\u0259 bu sah\u0259d\u0259 v\u0259ziyy\u0259tin yax\u015f\u0131la\u015fd\u0131r\u0131lmas\u0131na, dan\u0131\u015f\u0131qlara t\u0259kan verilm\u0259sin\u0259 s\u0259b\u0259b ola bil\u0259r v\u0259 Almaniya da burada i\u015ftirak ed\u0259 bil\u0259r\u201d-dey\u0259n kansler regionda t\u0259hl\u00fck\u0259sizliyin t\u0259minind\u0259 s\u00f6z\u00fcged\u0259n m\u00fcnaqi\u015f\u0259nin t\u0259nziml\u0259nm\u0259sinin ciddi rol oynayayaca\u011f\u0131n\u0131 vur\u011fulay\u0131b. Qeyd ed\u0259k ki, Almaniya Avropa \u0130ttifaq\u0131 \u00fczr\u0259 Az\u0259rbaycan\u0131n vacib t\u0259r\u0259fda\u015flar\u0131ndan biridir v\u0259 bu g\u00fcn \u00f6lk\u0259mizd\u0259 150-d\u0259k alman m\u00fc\u0259ssis\u0259si f\u0259aliyy\u0259t g\u00f6st\u0259rir. Almaniya h\u00f6kum\u0259ti Az\u0259rbaycan\u0131n Avropan\u0131n enerji t\u0259minat\u0131n\u0131n \u015fax\u0259l\u0259ndirilm\u0259sind\u0259ki rolunu da y\u00fcks\u0259k qiym\u0259tl\u0259ndirir.<\/p>\n","protected":false},"excerpt":{"rendered":"<p>ARANTV.AZ x\u0259b\u0259r verir ki, Az\u0259rbaycan d\u00f6vl\u0259tinin u\u011furlu v\u0259 q\u0259tiyy\u0259tli siyasi irad\u0259si hesab\u0131na beyn\u0259lxalq m\u00fcst\u0259vid\u0259 Erm\u0259nistan-Az\u0259rbaycan, Da\u011fl\u0131q Qaraba\u011f m\u00fcnaqi\u015f\u0259sinin h\u0259lli m\u0259s\u0259l\u0259sin\u0259 m\u00fcnasib\u0259t d\u0259yi\u015fir. \u00a0AT\u018fT-in Minsk Qrupuna daxil olan \u00f6lk\u0259l\u0259rd\u0259n biri &#8211; Almaniya h\u00f6kum\u0259tinin problemi Az\u0259rbaycan \u0259razil\u0259rinin i\u015f\u011fal\u0131 kontekstind\u0259 qiym\u0259tl\u0259ndirm\u0259si deyil\u0259nl\u0259ri t\u0259sdiq edir. Almaniya medias\u0131n\u0131n yazd\u0131\u011f\u0131na g\u00f6r\u0259, \u00f6lk\u0259nin qanunverici orqan\u0131-Bundestaqda t\u0259msil olunan sa\u011f\u00e7\u0131 radikal AfD fraksiyas\u0131 Almaniya Federativ Respublikas\u0131 h\u00f6kum\u0259tin\u0259 \u201cAlmaniya-Erm\u0259nistan m\u00fcnasib\u0259tl\u0259ri\u201d m\u00f6vzusunda ki\u00e7ik sor\u011fu g\u00f6nd\u0259rib. Sor\u011fuda dig\u0259r m\u0259s\u0259l\u0259l\u0259rl\u0259 yana\u015f\u0131, h\u0259m\u00e7inin Da\u011fl\u0131q Qaraba\u011fa dair b\u0259zi suallar da yer al\u0131b. H\u00f6kum\u0259tin s\u00f6z\u00fcged\u0259n sor\u011fuya cavab\u0131 is\u0259 b\u00f6y\u00fck diqq\u0259t \u00e7\u0259kib. Sor\u011funun giri\u015find\u0259 qeyd olunur: \u201cAFR&hellip;<\/p>\n","protected":false},"author":2,"featured_media":18093,"comment_status":"closed","ping_status":"closed","sticky":false,"template":"","format":"standard","meta":{"om_disable_all_campaigns":false,"_monsterinsights_skip_tracking":false,"_monsterinsights_sitenote_active":false,"_monsterinsights_sitenote_note":"","_monsterinsights_sitenote_category":0},"categories":[4],"tags":[],"aioseo_notices":[],"gutentor_comment":0,"rttpg_featured_image_url":{"full":["https:\/\/arantv.az\/wp-content\/uploads\/2018\/10\/d7f12tlnrg06b1lmbjnm5mrck1alm.jpg",1000,562,false],"landscape":["https:\/\/arantv.az\/wp-content\/uploads\/2018\/10\/d7f12tlnrg06b1lmbjnm5mrck1alm.jpg",1000,562,false],"portraits":["https:\/\/arantv.az\/wp-content\/uploads\/2018\/10\/d7f12tlnrg06b1lmbjnm5mrck1alm.jpg",1000,562,false],"thumbnail":["https:\/\/arantv.az\/wp-content\/uploads\/2018\/10\/d7f12tlnrg06b1lmbjnm5mrck1alm-150x150.jpg",150,150,true],"medium":["https:\/\/arantv.az\/wp-content\/uploads\/2018\/10\/d7f12tlnrg06b1lmbjnm5mrck1alm-300x169.jpg",300,169,true],"large":["https:\/\/arantv.az\/wp-content\/uploads\/2018\/10\/d7f12tlnrg06b1lmbjnm5mrck1alm.jpg",640,360,false],"1536x1536":["https:\/\/arantv.az\/wp-content\/uploads\/2018\/10\/d7f12tlnrg06b1lmbjnm5mrck1alm.jpg",1000,562,false],"2048x2048":["https:\/\/arantv.az\/wp-content\/uploads\/2018\/10\/d7f12tlnrg06b1lmbjnm5mrck1alm.jpg",1000,562,false],"post-thumbnail":["https:\/\/arantv.az\/wp-content\/uploads\/2018\/10\/d7f12tlnrg06b1lmbjnm5mrck1alm-240x172.jpg",240,172,true],"advps-thumb-one":["https:\/\/arantv.az\/wp-content\/uploads\/2018\/10\/d7f12tlnrg06b1lmbjnm5mrck1alm.jpg",1000,562,false]},"rttpg_author":{"display_name":"V\u00fcsal Rafiqo\u011flu","author_link":"https:\/\/arantv.az\/?author=2"},"rttpg_comment":0,"rttpg_category":"<a href=\"https:\/\/arantv.az\/?cat=4\" rel=\"category\">Siyas\u0259t<\/a>","rttpg_excerpt":"ARANTV.AZ x\u0259b\u0259r verir ki, Az\u0259rbaycan d\u00f6vl\u0259tinin u\u011furlu v\u0259 q\u0259tiyy\u0259tli siyasi irad\u0259si hesab\u0131na beyn\u0259lxalq m\u00fcst\u0259vid\u0259 Erm\u0259nistan-Az\u0259rbaycan, Da\u011fl\u0131q Qaraba\u011f m\u00fcnaqi\u015f\u0259sinin h\u0259lli m\u0259s\u0259l\u0259sin\u0259 m\u00fcnasib\u0259t d\u0259yi\u015fir. \u00a0AT\u018fT-in Minsk Qrupuna daxil olan \u00f6lk\u0259l\u0259rd\u0259n biri &#8211; Almaniya h\u00f6kum\u0259tinin problemi Az\u0259rbaycan \u0259razil\u0259rinin i\u015f\u011fal\u0131 kontekstind\u0259 qiym\u0259tl\u0259ndirm\u0259si deyil\u0259nl\u0259ri t\u0259sdiq edir. Almaniya medias\u0131n\u0131n yazd\u0131\u011f\u0131na g\u00f6r\u0259, \u00f6lk\u0259nin qanunverici orqan\u0131-Bundestaqda t\u0259msil olunan sa\u011f\u00e7\u0131 radikal AfD fraksiyas\u0131 Almaniya&hellip;","_links":{"self":[{"href":"https:\/\/arantv.az\/index.php?rest_route=\/wp\/v2\/posts\/18092"}],"collection":[{"href":"https:\/\/arantv.az\/index.php?rest_route=\/wp\/v2\/posts"}],"about":[{"href":"https:\/\/arantv.az\/index.php?rest_route=\/wp\/v2\/types\/post"}],"author":[{"embeddable":true,"href":"https:\/\/arantv.az\/index.php?rest_route=\/wp\/v2\/users\/2"}],"replies":[{"embeddable":true,"href":"https:\/\/arantv.az\/index.php?rest_route=%2Fwp%2Fv2%2Fcomments&post=18092"}],"version-history":[{"count":0,"href":"https:\/\/arantv.az\/index.php?rest_route=\/wp\/v2\/posts\/18092\/revisions"}],"wp:featuredmedia":[{"embeddable":true,"href":"https:\/\/arantv.az\/index.php?rest_route=\/wp\/v2\/media\/18093"}],"wp:attachment":[{"href":"https:\/\/arantv.az\/index.php?rest_route=%2Fwp%2Fv2%2Fmedia&parent=18092"}],"wp:term":[{"taxonomy":"category","embeddable":true,"href":"https:\/\/arantv.az\/index.php?rest_route=%2Fwp%2Fv2%2Fcategories&post=18092"},{"taxonomy":"post_tag","embeddable":true,"href":"https:\/\/arantv.az\/index.php?rest_route=%2Fwp%2Fv2%2Ftags&post=18092"}],"curies":[{"name":"wp","href":"https:\/\/api.w.org\/{rel}","templated":true}]}}