{"id":18109,"date":"2018-10-10T15:25:28","date_gmt":"2018-10-10T12:25:28","guid":{"rendered":"http:\/\/arantv.az\/?p=18109"},"modified":"2018-10-10T15:25:28","modified_gmt":"2018-10-10T12:25:28","slug":"mill%c9%99t-v%c9%99kili-az%c9%99rbaycan-dunya-birliyinin-%c9%99n-nufuzlu-v%c9%99-etibarli-uzvl%c9%99rind%c9%99n-birin%c9%99-cevrilib","status":"publish","type":"post","link":"https:\/\/arantv.az\/?p=18109","title":{"rendered":"Mill\u0259t v\u0259kili: &#8220;Az\u0259rbaycan d\u00fcnya birliyinin \u0259n n\u00fcfuzlu v\u0259 etibarl\u0131 \u00fczvl\u0259rind\u0259n birin\u0259 \u00e7evrilib&#8221;"},"content":{"rendered":"<p><strong>&#8220;Az\u0259rbaycan d\u00fcnya birliyinin \u0259n n\u00fcfuzlu v\u0259 etibarl\u0131 \u00fczvl\u0259rind\u0259n birin\u0259 \u00e7evrilib&#8221;.<\/strong><\/p>\n<p><strong>ARANTV.AZ<\/strong> x\u0259b\u0259r verir ki, bunu trend-\u0259 Milli M\u0259clisin deputat\u0131\u00a0<strong>Cavan\u015fir Feyziyev<\/strong>\u00a0Az\u0259rbaycan Prezidenti \u0130lham \u018fliyevin Nazirl\u0259r Kabinetinin 2018-ci ilin doqquz ay\u0131n\u0131n sosial-iqtisadi inki\u015faf\u0131n\u0131n yekunlar\u0131na v\u0259 qar\u015f\u0131da duran v\u0259zif\u0259l\u0259r\u0259 h\u0259sr olunan iclas\u0131nda \u00e7\u0131x\u0131\u015f\u0131na m\u00fcnasib\u0259t bildir\u0259rk\u0259n deyib.<\/p>\n<p>C.Feyziyev qeyd edib ki, Az\u0259rbaycan son ill\u0259r \u0259rzind\u0259 beyn\u0259lxalq al\u0259md\u0259 \u00f6z m\u00f6vqel\u0259rini xeyli g\u00fccl\u0259ndir\u0259 bilib:<\/p>\n<p>&#8220;T\u0259kc\u0259 bu ilin \u00f6t\u0259n aylar\u0131na n\u0259z\u0259r salsaq, xarici siyas\u0259t sah\u0259sind\u0259 \u0259ld\u0259 edil\u0259n u\u011furlar\u0131 ayd\u0131n \u015f\u0259kild\u0259 g\u00f6r\u0259 bil\u0259rik. \u00d6t\u0259n 9 ay \u0259rzind\u0259 d\u00f6vl\u0259timizin ba\u015f\u00e7\u0131s\u0131 12 d\u0259f\u0259 xarici s\u0259f\u0259r edib v\u0259 15 d\u00f6vl\u0259t v\u0259 h\u00f6kum\u0259t ba\u015f\u00e7\u0131s\u0131 Az\u0259rbaycana s\u0259f\u0259r\u0259 g\u0259lib. \u018flb\u0259tt\u0259 bu s\u0259f\u0259rl\u0259r \u00e7\u0259r\u00e7iv\u0259sind\u0259 xeyli s\u0259n\u0259dl\u0259r imzalan\u0131b, Az\u0259rbaycan\u0131n d\u00fcnya \u00f6lk\u0259l\u0259ri v\u0259 beyn\u0259lxalq t\u0259\u015fkilatlarla h\u0259m ikit\u0259r\u0259fli, h\u0259m d\u0259 \u00e7oxt\u0259r\u0259fli \u0259m\u0259kda\u015fl\u0131\u011f\u0131n\u0131n inki\u015faf etdirilm\u0259si istiqam\u0259tind\u0259 m\u00fch\u00fcm raz\u0131l\u0131qlar \u0259ld\u0259 olunub. Eyni zamanda Az\u0259rbaycan\u0131n Avropa \u0130ttifaq\u0131 v\u0259 NATO il\u0259 \u0259laq\u0259l\u0259rind\u0259 m\u00fch\u00fcm ir\u0259lil\u0259yi\u015fl\u0259r \u0259ld\u0259 olunub. Avropa \u0130ttifaq\u0131 il\u0259 bu ilin yay\u0131nda &#8220;T\u0259r\u0259fda\u015fl\u0131q prioritetl\u0259ri&#8221; adl\u0131 s\u0259n\u0259d imzalan\u0131b. \u018flb\u0259tt\u0259, bu, Avropa \u0130ttifaq\u0131 il\u0259 Az\u0259rbaycan aras\u0131nda \u0259m\u0259kda\u015fl\u0131\u011f\u0131n proritetl\u0259rini \u0259ks etdir\u0259n vacib s\u0259n\u0259ddir. \u018fn m\u00fch\u00fcm m\u0259qam is\u0259 ondan ibar\u0259tdir ki, h\u0259m bu s\u0259n\u0259dd\u0259, h\u0259m d\u0259 NATO-nun zirv\u0259 g\u00f6r\u00fc\u015f\u00fcn\u00fcn yekun s\u0259n\u0259dind\u0259 n\u00f6vb\u0259ti d\u0259f\u0259 Az\u0259rbaycan\u0131n \u0259razi b\u00fct\u00f6vl\u00fcy\u00fcn\u00fcn birm\u0259nal\u0131 \u015f\u0259kild\u0259 d\u0259st\u0259kl\u0259ndiyi ifad\u0259 olunub&#8221;.<\/p>\n<p>Deputat bildirib ki, eyni zamanda Az\u0259rbaycan\u0131n beyn\u0259lxalq al\u0259md\u0259 m\u00f6vqeyinin m\u00f6hk\u0259ml\u0259nm\u0259si onun Qo\u015fulmama H\u0259r\u0259kat\u0131n\u0131n \u00fczv\u00fc kimi f\u0259al m\u00f6vqeyi il\u0259 ba\u011fl\u0131d\u0131r: &#8220;Qo\u015fulmama H\u0259r\u0259kat\u0131 d\u00fcnyan\u0131n \u0259n geni\u015f t\u0259rkibli beyn\u0259lxalq t\u0259\u015fkilatlar\u0131ndan biridir v\u0259 Az\u0259rbaycan da h\u0259min t\u0259\u015fkilat\u0131n f\u0259al \u00fczvl\u0259rind\u0259n biridir. G\u0259l\u0259n il Qo\u015fulmama H\u0259r\u0259kat\u0131na Az\u0259rbaycan s\u0259drlik ed\u0259c\u0259k v\u0259 bu h\u0259r\u0259kat\u0131n Az\u0259rbaycanda b\u00f6y\u00fck bir t\u0259dbirinin ke\u00e7irilm\u0259si n\u0259z\u0259rd\u0259 tutulur&#8221;.<\/p>\n<p>C.Feyziyev vur\u011fulay\u0131b ki, Az\u0259rbaycan\u0131n xarici siyas\u0259t istiqam\u0259tind\u0259 nailiyy\u0259tl\u0259rinin dig\u0259r istiqam\u0259ti is\u0259 m\u00fcs\u0259lman \u00f6lk\u0259l\u0259ri il\u0259 \u0259laq\u0259l\u0259rind\u0259 b\u00f6y\u00fck ir\u0259lil\u0259yi\u015fl\u0259rin \u0259ld\u0259 olunmas\u0131d\u0131r: &#8220;Az\u0259rbaycan b\u00fct\u00fcn m\u00fcs\u0259lman d\u00fcnyas\u0131nda b\u00f6y\u00fck n\u00fcfuza malikdir. Bu da onunla \u0259laq\u0259dard\u0131r ki, Az\u0259rbaycan m\u00fcs\u0259lman d\u00fcnyas\u0131n\u0131n birliyin\u0259 v\u0259 h\u0259mr\u0259yliyin\u0259 m\u00fch\u00fcm t\u00f6hf\u0259 verir. T\u0259sad\u00fcfi deyil ki, ke\u00e7\u0259n il Az\u0259rbaycanda &#8220;\u0130slam H\u0259mr\u0259yliyi ili&#8221; elan olunub, eyni zamanda \u00f6lk\u0259miz \u0130slam H\u0259mr\u0259yliyi Oyunlar\u0131na ev sahibliyi edib. \u018flb\u0259tt\u0259, Az\u0259rbaycan\u0131n g\u00f6rd\u00fcy\u00fc bu i\u015fl\u0259r \u0130slam d\u00fcnyas\u0131nda y\u00fcks\u0259k qiym\u0259tl\u0259ndirilir&#8221;.<\/p>\n<p>O qeyd edib ki, \u0259lb\u0259tt\u0259, xarici siyas\u0259td\u0259 Az\u0259rbaycan\u0131n \u0259ld\u0259 bu u\u011furlar Prezident \u0130lham \u018fliyevin r\u0259hb\u0259rliyi il\u0259 apar\u0131lan davaml\u0131 v\u0259 m\u0259qs\u0259dy\u00f6nl\u00fc siyas\u0259tin n\u0259tic\u0259sidir.<\/p>\n","protected":false},"excerpt":{"rendered":"<p>&#8220;Az\u0259rbaycan d\u00fcnya birliyinin \u0259n n\u00fcfuzlu v\u0259 etibarl\u0131 \u00fczvl\u0259rind\u0259n birin\u0259 \u00e7evrilib&#8221;. ARANTV.AZ x\u0259b\u0259r verir ki, bunu trend-\u0259 Milli M\u0259clisin deputat\u0131\u00a0Cavan\u015fir Feyziyev\u00a0Az\u0259rbaycan Prezidenti \u0130lham \u018fliyevin Nazirl\u0259r Kabinetinin 2018-ci ilin doqquz ay\u0131n\u0131n sosial-iqtisadi inki\u015faf\u0131n\u0131n yekunlar\u0131na v\u0259 qar\u015f\u0131da duran v\u0259zif\u0259l\u0259r\u0259 h\u0259sr olunan iclas\u0131nda \u00e7\u0131x\u0131\u015f\u0131na m\u00fcnasib\u0259t bildir\u0259rk\u0259n deyib. C.Feyziyev qeyd edib ki, Az\u0259rbaycan son ill\u0259r \u0259rzind\u0259 beyn\u0259lxalq al\u0259md\u0259 \u00f6z m\u00f6vqel\u0259rini xeyli g\u00fccl\u0259ndir\u0259 bilib: &#8220;T\u0259kc\u0259 bu ilin \u00f6t\u0259n aylar\u0131na n\u0259z\u0259r salsaq, xarici siyas\u0259t sah\u0259sind\u0259 \u0259ld\u0259 edil\u0259n u\u011furlar\u0131 ayd\u0131n \u015f\u0259kild\u0259 g\u00f6r\u0259 bil\u0259rik. \u00d6t\u0259n 9 ay \u0259rzind\u0259 d\u00f6vl\u0259timizin ba\u015f\u00e7\u0131s\u0131 12 d\u0259f\u0259 xarici s\u0259f\u0259r edib v\u0259 15 d\u00f6vl\u0259t v\u0259&hellip;<\/p>\n","protected":false},"author":2,"featured_media":18110,"comment_status":"closed","ping_status":"closed","sticky":false,"template":"","format":"standard","meta":{"om_disable_all_campaigns":false,"_monsterinsights_skip_tracking":false,"_monsterinsights_sitenote_active":false,"_monsterinsights_sitenote_note":"","_monsterinsights_sitenote_category":0},"categories":[4],"tags":[],"aioseo_notices":[],"gutentor_comment":0,"rttpg_featured_image_url":{"full":["https:\/\/arantv.az\/wp-content\/uploads\/2018\/10\/693381.jpg",600,450,false],"landscape":["https:\/\/arantv.az\/wp-content\/uploads\/2018\/10\/693381.jpg",600,450,false],"portraits":["https:\/\/arantv.az\/wp-content\/uploads\/2018\/10\/693381.jpg",600,450,false],"thumbnail":["https:\/\/arantv.az\/wp-content\/uploads\/2018\/10\/693381-150x150.jpg",150,150,true],"medium":["https:\/\/arantv.az\/wp-content\/uploads\/2018\/10\/693381-300x225.jpg",300,225,true],"large":["https:\/\/arantv.az\/wp-content\/uploads\/2018\/10\/693381.jpg",600,450,false],"1536x1536":["https:\/\/arantv.az\/wp-content\/uploads\/2018\/10\/693381.jpg",600,450,false],"2048x2048":["https:\/\/arantv.az\/wp-content\/uploads\/2018\/10\/693381.jpg",600,450,false],"post-thumbnail":["https:\/\/arantv.az\/wp-content\/uploads\/2018\/10\/693381-240x172.jpg",240,172,true],"advps-thumb-one":["https:\/\/arantv.az\/wp-content\/uploads\/2018\/10\/693381.jpg",600,450,false]},"rttpg_author":{"display_name":"V\u00fcsal Rafiqo\u011flu","author_link":"https:\/\/arantv.az\/?author=2"},"rttpg_comment":0,"rttpg_category":"<a href=\"https:\/\/arantv.az\/?cat=4\" rel=\"category\">Siyas\u0259t<\/a>","rttpg_excerpt":"&#8220;Az\u0259rbaycan d\u00fcnya birliyinin \u0259n n\u00fcfuzlu v\u0259 etibarl\u0131 \u00fczvl\u0259rind\u0259n birin\u0259 \u00e7evrilib&#8221;. ARANTV.AZ x\u0259b\u0259r verir ki, bunu trend-\u0259 Milli M\u0259clisin deputat\u0131\u00a0Cavan\u015fir Feyziyev\u00a0Az\u0259rbaycan Prezidenti \u0130lham \u018fliyevin Nazirl\u0259r Kabinetinin 2018-ci ilin doqquz ay\u0131n\u0131n sosial-iqtisadi inki\u015faf\u0131n\u0131n yekunlar\u0131na v\u0259 qar\u015f\u0131da duran v\u0259zif\u0259l\u0259r\u0259 h\u0259sr olunan iclas\u0131nda \u00e7\u0131x\u0131\u015f\u0131na m\u00fcnasib\u0259t bildir\u0259rk\u0259n deyib. C.Feyziyev qeyd edib ki, Az\u0259rbaycan son ill\u0259r \u0259rzind\u0259 beyn\u0259lxalq al\u0259md\u0259 \u00f6z m\u00f6vqel\u0259rini&hellip;","_links":{"self":[{"href":"https:\/\/arantv.az\/index.php?rest_route=\/wp\/v2\/posts\/18109"}],"collection":[{"href":"https:\/\/arantv.az\/index.php?rest_route=\/wp\/v2\/posts"}],"about":[{"href":"https:\/\/arantv.az\/index.php?rest_route=\/wp\/v2\/types\/post"}],"author":[{"embeddable":true,"href":"https:\/\/arantv.az\/index.php?rest_route=\/wp\/v2\/users\/2"}],"replies":[{"embeddable":true,"href":"https:\/\/arantv.az\/index.php?rest_route=%2Fwp%2Fv2%2Fcomments&post=18109"}],"version-history":[{"count":0,"href":"https:\/\/arantv.az\/index.php?rest_route=\/wp\/v2\/posts\/18109\/revisions"}],"wp:featuredmedia":[{"embeddable":true,"href":"https:\/\/arantv.az\/index.php?rest_route=\/wp\/v2\/media\/18110"}],"wp:attachment":[{"href":"https:\/\/arantv.az\/index.php?rest_route=%2Fwp%2Fv2%2Fmedia&parent=18109"}],"wp:term":[{"taxonomy":"category","embeddable":true,"href":"https:\/\/arantv.az\/index.php?rest_route=%2Fwp%2Fv2%2Fcategories&post=18109"},{"taxonomy":"post_tag","embeddable":true,"href":"https:\/\/arantv.az\/index.php?rest_route=%2Fwp%2Fv2%2Ftags&post=18109"}],"curies":[{"name":"wp","href":"https:\/\/api.w.org\/{rel}","templated":true}]}}