{"id":18126,"date":"2018-10-10T15:50:46","date_gmt":"2018-10-10T12:50:46","guid":{"rendered":"http:\/\/arantv.az\/?p=18126"},"modified":"2018-10-10T15:50:46","modified_gmt":"2018-10-10T12:50:46","slug":"%c9%99zizov-qudr%c9%99t-sukurovun-yerin%c9%99-onu-g%c9%99tirdi","status":"publish","type":"post","link":"https:\/\/arantv.az\/?p=18126","title":{"rendered":"\u018fzizov Q\u00fcdr\u0259t \u015e\u00fck\u00fcrovun yerin\u0259 onu g\u0259tirdi"},"content":{"rendered":"<p><strong>Bak\u0131 \u015e\u0259h\u0259r \u0130cra Hakimiyy\u0259tin\u0131n ba\u015f\u00e7\u0131s\u0131 s\u0259lahiyy\u0259tl\u0259rini icra ed\u0259n Eldar \u018fzizovun \u0259mri il\u0259 Xalid \u018fl\u0259kb\u0259rov Bak\u0131 \u015e\u0259h\u0259r \u0130cra Hakimiyy\u0259tinin (B\u015e\u0130H) tabeliyind\u0259 olan &#8220;Liftt\u0259mir&#8221; \u0130stehsalat Birliyin\u0259 direktor t\u0259yin edilib.<\/strong><\/p>\n<p><strong>ARANTV.AZ<\/strong> x\u0259b\u0259r verir ki, bu bar\u0259d\u0259 Unikal.org-a Bak\u0131 \u015e\u0259h\u0259r \u0130cra Hakimiyy\u0259tind\u0259n m\u0259lumat verilib.<\/p>\n<p>Qeyd ed\u0259k ki, Xalid \u018fl\u0259kb\u0259rov Bak\u0131 \u015e\u0259h\u0259r \u0130cra Hakimiyy\u0259tinin \u015f\u0259h\u0259r t\u0259s\u0259rr\u00fcfat\u0131, sosial-iqtisadi inki\u015faf\u0131n t\u0259hlili v\u0259 proqnozla\u015fd\u0131r\u0131lmas\u0131 \u015f\u00f6b\u0259sinin m\u00fcdiri olub.<\/p>\n<p>Bundan \u00f6nc\u0259 \u201cLiftt\u0259mir\u201d \u0130stehsalat Birliyinin ba\u015f direktor Q\u00fcdr\u0259t \u015e\u00fck\u00fcrov idi.<\/p>\n","protected":false},"excerpt":{"rendered":"<p>Bak\u0131 \u015e\u0259h\u0259r \u0130cra Hakimiyy\u0259tin\u0131n ba\u015f\u00e7\u0131s\u0131 s\u0259lahiyy\u0259tl\u0259rini icra ed\u0259n Eldar \u018fzizovun \u0259mri il\u0259 Xalid \u018fl\u0259kb\u0259rov Bak\u0131 \u015e\u0259h\u0259r \u0130cra Hakimiyy\u0259tinin (B\u015e\u0130H) tabeliyind\u0259 olan &#8220;Liftt\u0259mir&#8221; \u0130stehsalat Birliyin\u0259 direktor t\u0259yin edilib. ARANTV.AZ x\u0259b\u0259r verir ki, bu bar\u0259d\u0259 Unikal.org-a Bak\u0131 \u015e\u0259h\u0259r \u0130cra Hakimiyy\u0259tind\u0259n m\u0259lumat verilib. Qeyd ed\u0259k ki, Xalid \u018fl\u0259kb\u0259rov Bak\u0131 \u015e\u0259h\u0259r \u0130cra Hakimiyy\u0259tinin \u015f\u0259h\u0259r t\u0259s\u0259rr\u00fcfat\u0131, sosial-iqtisadi inki\u015faf\u0131n t\u0259hlili v\u0259 proqnozla\u015fd\u0131r\u0131lmas\u0131 \u015f\u00f6b\u0259sinin m\u00fcdiri olub. Bundan \u00f6nc\u0259 \u201cLiftt\u0259mir\u201d \u0130stehsalat Birliyinin ba\u015f direktor Q\u00fcdr\u0259t \u015e\u00fck\u00fcrov idi.<\/p>\n","protected":false},"author":2,"featured_media":18127,"comment_status":"closed","ping_status":"closed","sticky":false,"template":"","format":"standard","meta":{"om_disable_all_campaigns":false,"_monsterinsights_skip_tracking":false,"_monsterinsights_sitenote_active":false,"_monsterinsights_sitenote_note":"","_monsterinsights_sitenote_category":0},"categories":[19],"tags":[],"aioseo_notices":[],"gutentor_comment":0,"rttpg_featured_image_url":{"full":["https:\/\/arantv.az\/wp-content\/uploads\/2018\/10\/eldar-ezizov.jpg",250,169,false],"landscape":["https:\/\/arantv.az\/wp-content\/uploads\/2018\/10\/eldar-ezizov.jpg",250,169,false],"portraits":["https:\/\/arantv.az\/wp-content\/uploads\/2018\/10\/eldar-ezizov.jpg",250,169,false],"thumbnail":["https:\/\/arantv.az\/wp-content\/uploads\/2018\/10\/eldar-ezizov-150x150.jpg",150,150,true],"medium":["https:\/\/arantv.az\/wp-content\/uploads\/2018\/10\/eldar-ezizov.jpg",250,169,false],"large":["https:\/\/arantv.az\/wp-content\/uploads\/2018\/10\/eldar-ezizov.jpg",250,169,false],"1536x1536":["https:\/\/arantv.az\/wp-content\/uploads\/2018\/10\/eldar-ezizov.jpg",250,169,false],"2048x2048":["https:\/\/arantv.az\/wp-content\/uploads\/2018\/10\/eldar-ezizov.jpg",250,169,false],"post-thumbnail":["https:\/\/arantv.az\/wp-content\/uploads\/2018\/10\/eldar-ezizov-240x169.jpg",240,169,true],"advps-thumb-one":["https:\/\/arantv.az\/wp-content\/uploads\/2018\/10\/eldar-ezizov.jpg",250,169,false]},"rttpg_author":{"display_name":"V\u00fcsal Rafiqo\u011flu","author_link":"https:\/\/arantv.az\/?author=2"},"rttpg_comment":0,"rttpg_category":"<a href=\"https:\/\/arantv.az\/?cat=19\" rel=\"category\">G\u00fcnd\u0259m<\/a>","rttpg_excerpt":"Bak\u0131 \u015e\u0259h\u0259r \u0130cra Hakimiyy\u0259tin\u0131n ba\u015f\u00e7\u0131s\u0131 s\u0259lahiyy\u0259tl\u0259rini icra ed\u0259n Eldar \u018fzizovun \u0259mri il\u0259 Xalid \u018fl\u0259kb\u0259rov Bak\u0131 \u015e\u0259h\u0259r \u0130cra Hakimiyy\u0259tinin (B\u015e\u0130H) tabeliyind\u0259 olan &#8220;Liftt\u0259mir&#8221; \u0130stehsalat Birliyin\u0259 direktor t\u0259yin edilib. ARANTV.AZ x\u0259b\u0259r verir ki, bu bar\u0259d\u0259 Unikal.org-a Bak\u0131 \u015e\u0259h\u0259r \u0130cra Hakimiyy\u0259tind\u0259n m\u0259lumat verilib. Qeyd ed\u0259k ki, Xalid \u018fl\u0259kb\u0259rov Bak\u0131 \u015e\u0259h\u0259r \u0130cra Hakimiyy\u0259tinin \u015f\u0259h\u0259r t\u0259s\u0259rr\u00fcfat\u0131, sosial-iqtisadi inki\u015faf\u0131n t\u0259hlili v\u0259&hellip;","_links":{"self":[{"href":"https:\/\/arantv.az\/index.php?rest_route=\/wp\/v2\/posts\/18126"}],"collection":[{"href":"https:\/\/arantv.az\/index.php?rest_route=\/wp\/v2\/posts"}],"about":[{"href":"https:\/\/arantv.az\/index.php?rest_route=\/wp\/v2\/types\/post"}],"author":[{"embeddable":true,"href":"https:\/\/arantv.az\/index.php?rest_route=\/wp\/v2\/users\/2"}],"replies":[{"embeddable":true,"href":"https:\/\/arantv.az\/index.php?rest_route=%2Fwp%2Fv2%2Fcomments&post=18126"}],"version-history":[{"count":0,"href":"https:\/\/arantv.az\/index.php?rest_route=\/wp\/v2\/posts\/18126\/revisions"}],"wp:featuredmedia":[{"embeddable":true,"href":"https:\/\/arantv.az\/index.php?rest_route=\/wp\/v2\/media\/18127"}],"wp:attachment":[{"href":"https:\/\/arantv.az\/index.php?rest_route=%2Fwp%2Fv2%2Fmedia&parent=18126"}],"wp:term":[{"taxonomy":"category","embeddable":true,"href":"https:\/\/arantv.az\/index.php?rest_route=%2Fwp%2Fv2%2Fcategories&post=18126"},{"taxonomy":"post_tag","embeddable":true,"href":"https:\/\/arantv.az\/index.php?rest_route=%2Fwp%2Fv2%2Ftags&post=18126"}],"curies":[{"name":"wp","href":"https:\/\/api.w.org\/{rel}","templated":true}]}}