{"id":18135,"date":"2018-10-10T15:57:22","date_gmt":"2018-10-10T12:57:22","guid":{"rendered":"http:\/\/arantv.az\/?p=18135"},"modified":"2018-10-10T15:57:22","modified_gmt":"2018-10-10T12:57:22","slug":"astanada-dunya-v%c9%99-%c9%99n%c9%99n%c9%99vi-dini-liderl%c9%99rin-vi-qurultayi-kecirilib","status":"publish","type":"post","link":"https:\/\/arantv.az\/?p=18135","title":{"rendered":"Astanada \u201cD\u00fcnya v\u0259 \u0259n\u0259n\u0259vi dini liderl\u0259rin\u201d VI qurultay\u0131 ke\u00e7irilib"},"content":{"rendered":"<p><strong>ARANTV.AZ<\/strong> x\u0259b\u0259r verir ki, Qazax\u0131stan\u0131n paytaxt\u0131 Astanada \u201cD\u00fcnya v\u0259 \u0259n\u0259n\u0259vi dini liderl\u0259rin\u201d VI qurultay\u0131 ke\u00e7irilib. Az\u0259rbaycan n\u00fcmay\u0259nd\u0259 hey\u0259tinin d\u0259 i\u015ftirak etdiyi qurultayda m\u00fcxt\u0259lif din\u0259 m\u0259nsub xalqlar\u0131n m\u00fcnasib\u0259tl\u0259rinin formala\u015fmas\u0131 v\u0259 \u00f6lk\u0259mizd\u0259 tolerantl\u0131\u011f\u0131n qorunmas\u0131 istiqam\u0259tind\u0259 at\u0131lan add\u0131mlardan dan\u0131\u015f\u0131l\u0131b. Daha \u0259trafl\u0131 Az\u0259rbaycan Televiziyas\u0131n\u0131n Qazax\u0131stan v\u0259 M\u0259rk\u0259zi Asiya \u00f6lk\u0259l\u0259ri \u00fczr\u0259 x\u00fcsusi m\u00fcxbiri Fadil Pa\u015fayev x\u0259b\u0259r verir.<\/p>\n<p>Qazax\u0131stan\u0131n paytaxt\u0131 Astanada ke\u00e7iril\u0259n\u00a0\u201cD\u00fcnya v\u0259 \u0259n\u0259n\u0259vi dini liderl\u0259rin\u201d VI qurultay\u0131nda \u00f6lk\u0259mizl\u0259 yana\u015f\u0131, beyn\u0259lxalq dini qurumlar, konfensiyalar v\u0259 ictimai t\u0259\u015fkilatlar, h\u0259m\u00e7inin BMT, YUNESKO, AT\u018fT v\u0259 dig\u0259r n\u00fcfuzlu t\u0259\u015fkilatlar\u0131n t\u0259rkibind\u0259 olan alyanslar t\u0259msil olunurdu. Qazax\u0131stan Prezidenti Nursultan Nazarbayev bildirdi ki, 46 \u00f6lk\u0259d\u0259n 82 n\u00fcmay\u0259nd\u0259 i\u015ftirak\u0131 qurultaya artan diqq\u0259tin g\u00f6st\u0259ricisidir. Serbiyan\u0131n prezidenti Aleksandra Vu\u00e7i\u00e7 is\u0259 vur\u011fulad\u0131 ki, terrorizm v\u0259 ekstremizm d\u00fcnya \u00fc\u00e7\u00fcn h\u0259l\u0259 d\u0259 t\u0259hl\u00fck\u0259 olaraq qal\u0131r. Bu bax\u0131mdan bel\u0259 t\u0259dbirl\u0259rin ke\u00e7irilm\u0259si m\u00fch\u00fcm \u0259h\u0259miyy\u0259t\u0259 malikdir. M\u0259ruz\u0259 il\u0259 \u00e7\u0131x\u0131\u015f ed\u0259n Qafqaz M\u00fcs\u0259lmanlar\u0131\u00a0 \u0130dar\u0259sinin s\u0259dri, MDB Dinl\u0259raras\u0131 \u015euras\u0131n\u0131n h\u0259ms\u0259dri v\u0259 MDB m\u00fcs\u0259lmanlar\u0131 M\u0259\u015fv\u0259r\u0259t \u015euras\u0131n\u0131n s\u0259dri \u015eeyx\u00fclislam Allah\u015f\u00fck\u00fcr Pa\u015fazad\u0259 Az\u0259rbaycandak\u0131 tolerantl\u0131qdan dan\u0131\u015fd\u0131. O, Prezident \u0130lham \u018fliyevin r\u0259hb\u0259rliyi il\u0259 \u00f6lk\u0259mizd\u0259 bu istiqam\u0259td\u0259 h\u0259yata ke\u00e7iril\u0259n irimiqyasl\u0131 layih\u0259l\u0259r bar\u0259d\u0259 m\u0259lumat verdi.<\/p>\n<p>Misirin ali imam\u0131 \u018fl-\u018fxzar \u015eeyx M\u0259h\u0259mm\u0259d \u018fhm\u0259d \u0259t-Tayeb, AT\u018fT-in ba\u015f katibi Tomas Qreminqer v\u0259 dig\u0259r \u00e7\u0131x\u0131\u015f\u00e7\u0131lar m\u00fcxt\u0259lif m\u00f6vzularda m\u0259ruz\u0259l\u0259r etdil\u0259r. Qurultay \u00e7\u0259r\u00e7iv\u0259sind\u0259 Qafqaz M\u00fcs\u0259lmanlar\u0131 \u0130dar\u0259sinin s\u0259dri Allah\u015f\u00fck\u00fcr Pa\u015fazad\u0259 Az\u0259rbaycan xal\u00e7as\u0131n\u0131 S\u00fclh v\u0259 H\u0259mr\u0259ylik Muzeyin\u0259 t\u0259qdim etdi.<\/p>\n","protected":false},"excerpt":{"rendered":"<p>ARANTV.AZ x\u0259b\u0259r verir ki, Qazax\u0131stan\u0131n paytaxt\u0131 Astanada \u201cD\u00fcnya v\u0259 \u0259n\u0259n\u0259vi dini liderl\u0259rin\u201d VI qurultay\u0131 ke\u00e7irilib. Az\u0259rbaycan n\u00fcmay\u0259nd\u0259 hey\u0259tinin d\u0259 i\u015ftirak etdiyi qurultayda m\u00fcxt\u0259lif din\u0259 m\u0259nsub xalqlar\u0131n m\u00fcnasib\u0259tl\u0259rinin formala\u015fmas\u0131 v\u0259 \u00f6lk\u0259mizd\u0259 tolerantl\u0131\u011f\u0131n qorunmas\u0131 istiqam\u0259tind\u0259 at\u0131lan add\u0131mlardan dan\u0131\u015f\u0131l\u0131b. Daha \u0259trafl\u0131 Az\u0259rbaycan Televiziyas\u0131n\u0131n Qazax\u0131stan v\u0259 M\u0259rk\u0259zi Asiya \u00f6lk\u0259l\u0259ri \u00fczr\u0259 x\u00fcsusi m\u00fcxbiri Fadil Pa\u015fayev x\u0259b\u0259r verir. Qazax\u0131stan\u0131n paytaxt\u0131 Astanada ke\u00e7iril\u0259n\u00a0\u201cD\u00fcnya v\u0259 \u0259n\u0259n\u0259vi dini liderl\u0259rin\u201d VI qurultay\u0131nda \u00f6lk\u0259mizl\u0259 yana\u015f\u0131, beyn\u0259lxalq dini qurumlar, konfensiyalar v\u0259 ictimai t\u0259\u015fkilatlar, h\u0259m\u00e7inin BMT, YUNESKO, AT\u018fT v\u0259 dig\u0259r n\u00fcfuzlu t\u0259\u015fkilatlar\u0131n t\u0259rkibind\u0259 olan alyanslar t\u0259msil olunurdu. Qazax\u0131stan Prezidenti Nursultan Nazarbayev bildirdi ki,&hellip;<\/p>\n","protected":false},"author":2,"featured_media":18137,"comment_status":"closed","ping_status":"closed","sticky":false,"template":"","format":"standard","meta":{"om_disable_all_campaigns":false,"_monsterinsights_skip_tracking":false,"_monsterinsights_sitenote_active":false,"_monsterinsights_sitenote_note":"","_monsterinsights_sitenote_category":0},"categories":[4],"tags":[],"aioseo_notices":[],"gutentor_comment":0,"rttpg_featured_image_url":{"full":["https:\/\/arantv.az\/wp-content\/uploads\/2018\/10\/d7f12tlnrg06b1lmbjnm5mrck1astan-1.jpg",1000,666,false],"landscape":["https:\/\/arantv.az\/wp-content\/uploads\/2018\/10\/d7f12tlnrg06b1lmbjnm5mrck1astan-1.jpg",1000,666,false],"portraits":["https:\/\/arantv.az\/wp-content\/uploads\/2018\/10\/d7f12tlnrg06b1lmbjnm5mrck1astan-1.jpg",1000,666,false],"thumbnail":["https:\/\/arantv.az\/wp-content\/uploads\/2018\/10\/d7f12tlnrg06b1lmbjnm5mrck1astan-1-150x150.jpg",150,150,true],"medium":["https:\/\/arantv.az\/wp-content\/uploads\/2018\/10\/d7f12tlnrg06b1lmbjnm5mrck1astan-1-300x200.jpg",300,200,true],"large":["https:\/\/arantv.az\/wp-content\/uploads\/2018\/10\/d7f12tlnrg06b1lmbjnm5mrck1astan-1.jpg",640,426,false],"1536x1536":["https:\/\/arantv.az\/wp-content\/uploads\/2018\/10\/d7f12tlnrg06b1lmbjnm5mrck1astan-1.jpg",1000,666,false],"2048x2048":["https:\/\/arantv.az\/wp-content\/uploads\/2018\/10\/d7f12tlnrg06b1lmbjnm5mrck1astan-1.jpg",1000,666,false],"post-thumbnail":["https:\/\/arantv.az\/wp-content\/uploads\/2018\/10\/d7f12tlnrg06b1lmbjnm5mrck1astan-1-240x172.jpg",240,172,true],"advps-thumb-one":["https:\/\/arantv.az\/wp-content\/uploads\/2018\/10\/d7f12tlnrg06b1lmbjnm5mrck1astan-1-1000x620.jpg",1000,620,true]},"rttpg_author":{"display_name":"V\u00fcsal Rafiqo\u011flu","author_link":"https:\/\/arantv.az\/?author=2"},"rttpg_comment":0,"rttpg_category":"<a href=\"https:\/\/arantv.az\/?cat=4\" rel=\"category\">Siyas\u0259t<\/a>","rttpg_excerpt":"ARANTV.AZ x\u0259b\u0259r verir ki, Qazax\u0131stan\u0131n paytaxt\u0131 Astanada \u201cD\u00fcnya v\u0259 \u0259n\u0259n\u0259vi dini liderl\u0259rin\u201d VI qurultay\u0131 ke\u00e7irilib. Az\u0259rbaycan n\u00fcmay\u0259nd\u0259 hey\u0259tinin d\u0259 i\u015ftirak etdiyi qurultayda m\u00fcxt\u0259lif din\u0259 m\u0259nsub xalqlar\u0131n m\u00fcnasib\u0259tl\u0259rinin formala\u015fmas\u0131 v\u0259 \u00f6lk\u0259mizd\u0259 tolerantl\u0131\u011f\u0131n qorunmas\u0131 istiqam\u0259tind\u0259 at\u0131lan add\u0131mlardan dan\u0131\u015f\u0131l\u0131b. Daha \u0259trafl\u0131 Az\u0259rbaycan Televiziyas\u0131n\u0131n Qazax\u0131stan v\u0259 M\u0259rk\u0259zi Asiya \u00f6lk\u0259l\u0259ri \u00fczr\u0259 x\u00fcsusi m\u00fcxbiri Fadil Pa\u015fayev x\u0259b\u0259r verir. Qazax\u0131stan\u0131n paytaxt\u0131 Astanada&hellip;","_links":{"self":[{"href":"https:\/\/arantv.az\/index.php?rest_route=\/wp\/v2\/posts\/18135"}],"collection":[{"href":"https:\/\/arantv.az\/index.php?rest_route=\/wp\/v2\/posts"}],"about":[{"href":"https:\/\/arantv.az\/index.php?rest_route=\/wp\/v2\/types\/post"}],"author":[{"embeddable":true,"href":"https:\/\/arantv.az\/index.php?rest_route=\/wp\/v2\/users\/2"}],"replies":[{"embeddable":true,"href":"https:\/\/arantv.az\/index.php?rest_route=%2Fwp%2Fv2%2Fcomments&post=18135"}],"version-history":[{"count":0,"href":"https:\/\/arantv.az\/index.php?rest_route=\/wp\/v2\/posts\/18135\/revisions"}],"wp:featuredmedia":[{"embeddable":true,"href":"https:\/\/arantv.az\/index.php?rest_route=\/wp\/v2\/media\/18137"}],"wp:attachment":[{"href":"https:\/\/arantv.az\/index.php?rest_route=%2Fwp%2Fv2%2Fmedia&parent=18135"}],"wp:term":[{"taxonomy":"category","embeddable":true,"href":"https:\/\/arantv.az\/index.php?rest_route=%2Fwp%2Fv2%2Fcategories&post=18135"},{"taxonomy":"post_tag","embeddable":true,"href":"https:\/\/arantv.az\/index.php?rest_route=%2Fwp%2Fv2%2Ftags&post=18135"}],"curies":[{"name":"wp","href":"https:\/\/api.w.org\/{rel}","templated":true}]}}