{"id":18142,"date":"2018-10-10T16:12:14","date_gmt":"2018-10-10T13:12:14","guid":{"rendered":"http:\/\/arantv.az\/?p=18142"},"modified":"2018-10-10T16:12:14","modified_gmt":"2018-10-10T13:12:14","slug":"dovl%c9%99t-mollalara-avtomobil-payladi-foto","status":"publish","type":"post","link":"https:\/\/arantv.az\/?p=18142","title":{"rendered":"D\u00f6vl\u0259t mollalara avtomobil paylad\u0131 &#8211; FOTO"},"content":{"rendered":"<p>Prezident \u0130lham \u018fliyevin Az\u0259rbaycanda dini icmalar\u0131n maddi-texniki t\u0259chizat\u0131n\u0131n yax\u015f\u0131la\u015fd\u0131r\u0131lmas\u0131 il\u0259 ba\u011fl\u0131 \u0259lav\u0259 t\u0259dbirl\u0259r haqq\u0131nda imzalad\u0131\u011f\u0131 11 sentyabr 2018-ci il tarixli S\u0259r\u0259ncama \u0259sas\u0259n oktyabr\u0131n 9-da Dini Qurumlarla \u0130\u015f \u00fczr\u0259 D\u00f6vl\u0259t Komit\u0259sinin tabeliyind\u0259 olan M\u0259n\u0259vi D\u0259y\u0259rl\u0259rin T\u0259bli\u011fi Fondunda 14 dini icmaya \u201cKhazar SD\u201d markal\u0131 avtomobill\u0259rin a\u00e7arlar\u0131 t\u0259qdim edilib.<\/p>\n<p><b>ARANTV.AZ\u00a0<\/b> x\u0259b\u0259r verir ki, m\u0259rasimd\u0259 M\u0259n\u0259vi D\u0259y\u0259rl\u0259rin T\u0259bli\u011fi Fondunun r\u0259hb\u0259rliyi v\u0259 Himay\u0259\u00e7il\u0259r \u015euras\u0131n\u0131n \u00fczvl\u0259ri i\u015ftirak edibl\u0259r. Noyabr ay\u0131nda is\u0259 n\u00f6vb\u0259ti 7 dini icmaya avtomobill\u0259rin verilm\u0259si n\u0259z\u0259rd\u0259 tutulub.<\/p>\n<p>T\u0259dbird\u0259 \u00e7\u0131x\u0131\u015f ed\u0259n icma s\u0259drl\u0259ri g\u00f6st\u0259ril\u0259n diqq\u0259t v\u0259 qay\u011f\u0131ya g\u00f6r\u0259 Prezident \u0130lham \u018fliyev\u0259 d\u0259rin minn\u0259tdarl\u0131qlar\u0131n\u0131 bildiribl\u0259r.<\/p>\n<p>Qeyd ed\u0259k ki, s\u00f6z\u00fcged\u0259n S\u0259r\u0259ncama uy\u011fun olaraq bundan \u0259vv\u0259l Nax\u00e7\u0131van Muxtar Respublikas\u0131nda 4 dini icmaya \u201cNAZ Lifan 330\u201d markal\u0131 avtomobill\u0259r verilib.<\/p>\n<p><img class=\"imgbcodecent\" src=\"http:\/\/upload.az\/foto\/arxiv\/1539175238_dini3.jpg\" alt=\"D\u00f6vl\u0259t mollalara avtomobil paylad\u0131 - FOTO\" \/><\/p>\n<p>big.az<\/p>\n","protected":false},"excerpt":{"rendered":"<p>Prezident \u0130lham \u018fliyevin Az\u0259rbaycanda dini icmalar\u0131n maddi-texniki t\u0259chizat\u0131n\u0131n yax\u015f\u0131la\u015fd\u0131r\u0131lmas\u0131 il\u0259 ba\u011fl\u0131 \u0259lav\u0259 t\u0259dbirl\u0259r haqq\u0131nda imzalad\u0131\u011f\u0131 11 sentyabr 2018-ci il tarixli S\u0259r\u0259ncama \u0259sas\u0259n oktyabr\u0131n 9-da Dini Qurumlarla \u0130\u015f \u00fczr\u0259 D\u00f6vl\u0259t Komit\u0259sinin tabeliyind\u0259 olan M\u0259n\u0259vi D\u0259y\u0259rl\u0259rin T\u0259bli\u011fi Fondunda 14 dini icmaya \u201cKhazar SD\u201d markal\u0131 avtomobill\u0259rin a\u00e7arlar\u0131 t\u0259qdim edilib. ARANTV.AZ\u00a0 x\u0259b\u0259r verir ki, m\u0259rasimd\u0259 M\u0259n\u0259vi D\u0259y\u0259rl\u0259rin T\u0259bli\u011fi Fondunun r\u0259hb\u0259rliyi v\u0259 Himay\u0259\u00e7il\u0259r \u015euras\u0131n\u0131n \u00fczvl\u0259ri i\u015ftirak edibl\u0259r. Noyabr ay\u0131nda is\u0259 n\u00f6vb\u0259ti 7 dini icmaya avtomobill\u0259rin verilm\u0259si n\u0259z\u0259rd\u0259 tutulub. T\u0259dbird\u0259 \u00e7\u0131x\u0131\u015f ed\u0259n icma s\u0259drl\u0259ri g\u00f6st\u0259ril\u0259n diqq\u0259t v\u0259 qay\u011f\u0131ya g\u00f6r\u0259 Prezident \u0130lham \u018fliyev\u0259 d\u0259rin minn\u0259tdarl\u0131qlar\u0131n\u0131 bildiribl\u0259r. Qeyd&hellip;<\/p>\n","protected":false},"author":2,"featured_media":18143,"comment_status":"closed","ping_status":"closed","sticky":false,"template":"","format":"standard","meta":{"om_disable_all_campaigns":false,"_monsterinsights_skip_tracking":false,"_monsterinsights_sitenote_active":false,"_monsterinsights_sitenote_note":"","_monsterinsights_sitenote_category":0},"categories":[1],"tags":[],"aioseo_notices":[],"gutentor_comment":0,"rttpg_featured_image_url":{"full":["https:\/\/arantv.az\/wp-content\/uploads\/2018\/10\/1539175142_dini2.jpg",649,432,false],"landscape":["https:\/\/arantv.az\/wp-content\/uploads\/2018\/10\/1539175142_dini2.jpg",649,432,false],"portraits":["https:\/\/arantv.az\/wp-content\/uploads\/2018\/10\/1539175142_dini2.jpg",649,432,false],"thumbnail":["https:\/\/arantv.az\/wp-content\/uploads\/2018\/10\/1539175142_dini2-150x150.jpg",150,150,true],"medium":["https:\/\/arantv.az\/wp-content\/uploads\/2018\/10\/1539175142_dini2-300x200.jpg",300,200,true],"large":["https:\/\/arantv.az\/wp-content\/uploads\/2018\/10\/1539175142_dini2.jpg",640,426,false],"1536x1536":["https:\/\/arantv.az\/wp-content\/uploads\/2018\/10\/1539175142_dini2.jpg",649,432,false],"2048x2048":["https:\/\/arantv.az\/wp-content\/uploads\/2018\/10\/1539175142_dini2.jpg",649,432,false],"post-thumbnail":["https:\/\/arantv.az\/wp-content\/uploads\/2018\/10\/1539175142_dini2-240x172.jpg",240,172,true],"advps-thumb-one":["https:\/\/arantv.az\/wp-content\/uploads\/2018\/10\/1539175142_dini2.jpg",649,432,false]},"rttpg_author":{"display_name":"V\u00fcsal Rafiqo\u011flu","author_link":"https:\/\/arantv.az\/?author=2"},"rttpg_comment":0,"rttpg_category":"<a href=\"https:\/\/arantv.az\/?cat=1\" rel=\"category\">C\u0259miyy\u0259t<\/a>","rttpg_excerpt":"Prezident \u0130lham \u018fliyevin Az\u0259rbaycanda dini icmalar\u0131n maddi-texniki t\u0259chizat\u0131n\u0131n yax\u015f\u0131la\u015fd\u0131r\u0131lmas\u0131 il\u0259 ba\u011fl\u0131 \u0259lav\u0259 t\u0259dbirl\u0259r haqq\u0131nda imzalad\u0131\u011f\u0131 11 sentyabr 2018-ci il tarixli S\u0259r\u0259ncama \u0259sas\u0259n oktyabr\u0131n 9-da Dini Qurumlarla \u0130\u015f \u00fczr\u0259 D\u00f6vl\u0259t Komit\u0259sinin tabeliyind\u0259 olan M\u0259n\u0259vi D\u0259y\u0259rl\u0259rin T\u0259bli\u011fi Fondunda 14 dini icmaya \u201cKhazar SD\u201d markal\u0131 avtomobill\u0259rin a\u00e7arlar\u0131 t\u0259qdim edilib. ARANTV.AZ\u00a0 x\u0259b\u0259r verir ki, m\u0259rasimd\u0259 M\u0259n\u0259vi D\u0259y\u0259rl\u0259rin T\u0259bli\u011fi Fondunun&hellip;","_links":{"self":[{"href":"https:\/\/arantv.az\/index.php?rest_route=\/wp\/v2\/posts\/18142"}],"collection":[{"href":"https:\/\/arantv.az\/index.php?rest_route=\/wp\/v2\/posts"}],"about":[{"href":"https:\/\/arantv.az\/index.php?rest_route=\/wp\/v2\/types\/post"}],"author":[{"embeddable":true,"href":"https:\/\/arantv.az\/index.php?rest_route=\/wp\/v2\/users\/2"}],"replies":[{"embeddable":true,"href":"https:\/\/arantv.az\/index.php?rest_route=%2Fwp%2Fv2%2Fcomments&post=18142"}],"version-history":[{"count":0,"href":"https:\/\/arantv.az\/index.php?rest_route=\/wp\/v2\/posts\/18142\/revisions"}],"wp:featuredmedia":[{"embeddable":true,"href":"https:\/\/arantv.az\/index.php?rest_route=\/wp\/v2\/media\/18143"}],"wp:attachment":[{"href":"https:\/\/arantv.az\/index.php?rest_route=%2Fwp%2Fv2%2Fmedia&parent=18142"}],"wp:term":[{"taxonomy":"category","embeddable":true,"href":"https:\/\/arantv.az\/index.php?rest_route=%2Fwp%2Fv2%2Fcategories&post=18142"},{"taxonomy":"post_tag","embeddable":true,"href":"https:\/\/arantv.az\/index.php?rest_route=%2Fwp%2Fv2%2Ftags&post=18142"}],"curies":[{"name":"wp","href":"https:\/\/api.w.org\/{rel}","templated":true}]}}