{"id":18179,"date":"2018-10-10T16:46:26","date_gmt":"2018-10-10T13:46:26","guid":{"rendered":"http:\/\/arantv.az\/?p=18179"},"modified":"2018-10-10T16:46:26","modified_gmt":"2018-10-10T13:46:26","slug":"bayram-s%c9%99f%c9%99rov-anna-hakopyanin-sulh-cagirislari-s%c9%99mimi-deyil-v%c9%99-beyn%c9%99lxalq-ictimaiyy%c9%99ti-aldatmaq-m%c9%99qs%c9%99di-gudur","status":"publish","type":"post","link":"https:\/\/arantv.az\/?p=18179","title":{"rendered":"Bayram S\u0259f\u0259rov: &#8220;Anna Hakopyan\u0131n s\u00fclh \u00e7a\u011f\u0131r\u0131\u015flar\u0131 s\u0259mimi deyil v\u0259 beyn\u0259lxalq ictimaiyy\u0259ti aldatmaq m\u0259qs\u0259di g\u00fcd\u00fcr&#8221;"},"content":{"rendered":"<p>&#8220;Erm\u0259nistan\u0131n ba\u015f naziri Nikol Pa\u015finyan\u0131n h\u0259yat yolda\u015f\u0131 Anna Hakopyan\u0131n v\u0259 bir qrup Rusiyal\u0131 qad\u0131n\u0131n Az\u0259rbaycan\u0131n i\u015f\u011fal olunmu\u015f \u0259razisi olan Da\u011fl\u0131q Qaraba\u011fa s\u0259f\u0259rini pisl\u0259yirik. \u00c7\u00fcnki bu s\u0259f\u0259r he\u00e7 bir halda s\u00fclh\u0259 xidm\u0259t etmir&#8221;.<\/p>\n<p><strong>ARANTV.AZ\u00a0<\/strong> bildirir ki, bu fikirl\u0259ri yap.org.az sayt\u0131na &#8220;Az\u0259rbaycan Respublikas\u0131 Da\u011fl\u0131q Qaraba\u011f b\u00f6lg\u0259sinin az\u0259rbaycanl\u0131 icmas\u0131&#8221; \u0130ctimai Birliyinin s\u0259dri\u00a0<strong>Bayram S\u0259f\u0259rov<\/strong>\u00a0deyib.<\/p>\n<p>B.S\u0259f\u0259rov bildirib ki, Anna Hakopyan\u0131n t\u0259\u015f\u0259bb\u00fcs\u00fc il\u0259 ba\u015f tutan bu s\u0259f\u0259r qanunsuzdur. \u00c7\u00fcnki h\u0259min torpaqlar Az\u0259rbaycana m\u0259xsusdur v\u0259 d\u00f6vl\u0259timizin icaz\u0259si olmadan bel\u0259 bir s\u0259f\u0259rin edilm\u0259si bizim \u00f6lk\u0259mizin qanunlar\u0131n\u0131n, eyni zamanda beyn\u0259lxalq h\u00fcquq normalar\u0131n\u0131n pozulmas\u0131d\u0131r.<\/p>\n<p>&#8220;\u018flb\u0259tt\u0259 ki, Anna Hakopyan\u0131n s\u00fclh \u00e7a\u011f\u0131r\u0131\u015flar\u0131 s\u0259mimi deyil v\u0259 beyn\u0259lxalq ictimaiyy\u0259ti aldatmaq m\u0259qs\u0259di g\u00fcd\u00fcr. \u018fg\u0259r bel\u0259 olmasayd\u0131, n\u0259 \u00fc\u00e7\u00fcn o, \u00f6z o\u011flunu Az\u0259rbaycan\u0131n i\u015f\u011fal olunmu\u015f \u0259razisin\u0259 h\u0259rbi xidm\u0259t\u0259 g\u00f6nd\u0259rib? B\u00fct\u00fcn d\u00fcnyaya m\u0259lumdur ki, h\u0259min torpaqlar\u0131m\u0131zda Erm\u0259nistan\u0131n i\u015f\u011fal\u00e7\u0131 h\u0259rbi birl\u0259\u015fm\u0259l\u0259ri movcuddur. M\u0259n Erm\u0259nistan\u0131n ba\u015f nazirin\u0259 v\u0259 onun h\u0259yat yolda\u015f\u0131na sual edir\u0259m ki, \u0259g\u0259r h\u0259qiq\u0259t\u0259n s\u00fclh ist\u0259yirsinizs\u0259, n\u0259 \u00fc\u00e7\u00fcn Az\u0259rbaycan\u0131n torpaqlar\u0131n\u0131 i\u015f\u011fal alt\u0131nda saxlay\u0131rs\u0131n\u0131z? Ax\u0131 torpaqlar biz\u0259 m\u0259xsusdur v\u0259 o torpaqlardan Erm\u0259nistan\u0131n i\u015f\u011fal\u00e7\u0131 siyas\u0259ti n\u0259tic\u0259sind\u0259 1 milyondan \u00e7ox az\u0259rbaycanl\u0131 \u00f6z torpa\u011f\u0131nda ya\u015famaqdan m\u0259hrum olub. Onlar\u0131n ya\u015fad\u0131qlar\u0131 yerl\u0259r- evl\u0259r, m\u0259kt\u0259bl\u0259r, x\u0259st\u0259xanalar, tarixi-m\u0259d\u0259ni abid\u0259l\u0259r, h\u0259tta m\u0259zarl\u0131qlar da\u011f\u0131d\u0131l\u0131b. Bunu ed\u0259n is\u0259 erm\u0259ni h\u0259rbi birl\u0259\u015fm\u0259l\u0259ridir. 1 milyondan \u00e7ox insan \u00f6z do\u011fma torpaqlar\u0131na qay\u0131d\u0131b s\u00fclh \u015f\u0259raitind\u0259 ya\u015famaq ist\u0259yir. Ger\u00e7\u0259k s\u00fclh \u0259ld\u0259 etm\u0259yin yolu da budur. \u018fg\u0259r Erm\u0259nistan t\u0259r\u0259fi \u00a0h\u0259qiq\u0259t\u0259n s\u00fclh ist\u0259yirs\u0259, \u00f6z h\u0259rbi birl\u0259\u015fm\u0259l\u0259rini bu insanlar\u0131n \u00a0torpaqlar\u0131ndan \u00e7\u0131xars\u0131n ki, onlar da qay\u0131d\u0131b \u00f6z do\u011fma yurdlar\u0131nda ya\u015fas\u0131nlar. \u018fg\u0259r Anna Hakopyan s\u00fclh ist\u0259yirs\u0259, buyursun bu suallar\u0131m\u0131za cavab versin. Yoxsa, h\u0259m Erm\u0259nistan c\u0259miyy\u0259tini, h\u0259m d\u0259 beyn\u0259lxalq ictimaiyy\u0259ti bel\u0259 &#8220;kampaniyalarla&#8221; aldatmaq c\u0259hdi he\u00e7 bir n\u0259tic\u0259 verm\u0259y\u0259c\u0259k.\u00a0 M\u0259n \u015f\u00fcbh\u0259 etmir\u0259m ki, Da\u011fl\u0131q Qaraba\u011fdak\u0131 sad\u0259 erm\u0259nil\u0259r d\u0259 Az\u0259rbaycan\u0131n qanunlar\u0131 alt\u0131nda ya\u015famaq ist\u0259yirl\u0259r. \u00c7\u00fcnki Az\u0259rbaycan g\u00fccl\u00fc, inki\u015faf ed\u0259n, sosial rifah\u0131n y\u00fcks\u0259k oldu\u011fu bir d\u00f6vl\u0259tdir. Sad\u0259 erm\u0259nil\u0259r yax\u015f\u0131 ya\u015famaq \u00fc\u00e7\u00fcn Az\u0259rbaycan\u0131n qanunlar\u0131 alt\u0131nda ya\u015famaq ist\u0259s\u0259l\u0259r d\u0259, Erm\u0259nistan hakimiyy\u0259ti v\u0259 Da\u011fl\u0131q Qaraba\u011f\u0131n separat\u00e7\u0131 rejiminin r\u0259hb\u0259rliyi buna imkan vermir&#8221;, &#8211; dey\u0259, Bayram S\u0259f\u0259rov vur\u011fulay\u0131b.<\/p>\n","protected":false},"excerpt":{"rendered":"<p>&#8220;Erm\u0259nistan\u0131n ba\u015f naziri Nikol Pa\u015finyan\u0131n h\u0259yat yolda\u015f\u0131 Anna Hakopyan\u0131n v\u0259 bir qrup Rusiyal\u0131 qad\u0131n\u0131n Az\u0259rbaycan\u0131n i\u015f\u011fal olunmu\u015f \u0259razisi olan Da\u011fl\u0131q Qaraba\u011fa s\u0259f\u0259rini pisl\u0259yirik. \u00c7\u00fcnki bu s\u0259f\u0259r he\u00e7 bir halda s\u00fclh\u0259 xidm\u0259t etmir&#8221;. ARANTV.AZ\u00a0 bildirir ki, bu fikirl\u0259ri yap.org.az sayt\u0131na &#8220;Az\u0259rbaycan Respublikas\u0131 Da\u011fl\u0131q Qaraba\u011f b\u00f6lg\u0259sinin az\u0259rbaycanl\u0131 icmas\u0131&#8221; \u0130ctimai Birliyinin s\u0259dri\u00a0Bayram S\u0259f\u0259rov\u00a0deyib. B.S\u0259f\u0259rov bildirib ki, Anna Hakopyan\u0131n t\u0259\u015f\u0259bb\u00fcs\u00fc il\u0259 ba\u015f tutan bu s\u0259f\u0259r qanunsuzdur. \u00c7\u00fcnki h\u0259min torpaqlar Az\u0259rbaycana m\u0259xsusdur v\u0259 d\u00f6vl\u0259timizin icaz\u0259si olmadan bel\u0259 bir s\u0259f\u0259rin edilm\u0259si bizim \u00f6lk\u0259mizin qanunlar\u0131n\u0131n, eyni zamanda beyn\u0259lxalq h\u00fcquq normalar\u0131n\u0131n pozulmas\u0131d\u0131r. &#8220;\u018flb\u0259tt\u0259 ki, Anna Hakopyan\u0131n s\u00fclh \u00e7a\u011f\u0131r\u0131\u015flar\u0131&hellip;<\/p>\n","protected":false},"author":2,"featured_media":18180,"comment_status":"closed","ping_status":"closed","sticky":false,"template":"","format":"standard","meta":{"om_disable_all_campaigns":false,"_monsterinsights_skip_tracking":false,"_monsterinsights_sitenote_active":false,"_monsterinsights_sitenote_note":"","_monsterinsights_sitenote_category":0},"categories":[4],"tags":[],"aioseo_notices":[],"gutentor_comment":0,"rttpg_featured_image_url":{"full":["https:\/\/arantv.az\/wp-content\/uploads\/2018\/10\/bayram_seferov_0148.jpg",800,600,false],"landscape":["https:\/\/arantv.az\/wp-content\/uploads\/2018\/10\/bayram_seferov_0148.jpg",800,600,false],"portraits":["https:\/\/arantv.az\/wp-content\/uploads\/2018\/10\/bayram_seferov_0148.jpg",800,600,false],"thumbnail":["https:\/\/arantv.az\/wp-content\/uploads\/2018\/10\/bayram_seferov_0148-150x150.jpg",150,150,true],"medium":["https:\/\/arantv.az\/wp-content\/uploads\/2018\/10\/bayram_seferov_0148-300x225.jpg",300,225,true],"large":["https:\/\/arantv.az\/wp-content\/uploads\/2018\/10\/bayram_seferov_0148.jpg",640,480,false],"1536x1536":["https:\/\/arantv.az\/wp-content\/uploads\/2018\/10\/bayram_seferov_0148.jpg",800,600,false],"2048x2048":["https:\/\/arantv.az\/wp-content\/uploads\/2018\/10\/bayram_seferov_0148.jpg",800,600,false],"post-thumbnail":["https:\/\/arantv.az\/wp-content\/uploads\/2018\/10\/bayram_seferov_0148-240x172.jpg",240,172,true],"advps-thumb-one":["https:\/\/arantv.az\/wp-content\/uploads\/2018\/10\/bayram_seferov_0148.jpg",800,600,false]},"rttpg_author":{"display_name":"V\u00fcsal Rafiqo\u011flu","author_link":"https:\/\/arantv.az\/?author=2"},"rttpg_comment":0,"rttpg_category":"<a href=\"https:\/\/arantv.az\/?cat=4\" rel=\"category\">Siyas\u0259t<\/a>","rttpg_excerpt":"&#8220;Erm\u0259nistan\u0131n ba\u015f naziri Nikol Pa\u015finyan\u0131n h\u0259yat yolda\u015f\u0131 Anna Hakopyan\u0131n v\u0259 bir qrup Rusiyal\u0131 qad\u0131n\u0131n Az\u0259rbaycan\u0131n i\u015f\u011fal olunmu\u015f \u0259razisi olan Da\u011fl\u0131q Qaraba\u011fa s\u0259f\u0259rini pisl\u0259yirik. \u00c7\u00fcnki bu s\u0259f\u0259r he\u00e7 bir halda s\u00fclh\u0259 xidm\u0259t etmir&#8221;. ARANTV.AZ\u00a0 bildirir ki, bu fikirl\u0259ri yap.org.az sayt\u0131na &#8220;Az\u0259rbaycan Respublikas\u0131 Da\u011fl\u0131q Qaraba\u011f b\u00f6lg\u0259sinin az\u0259rbaycanl\u0131 icmas\u0131&#8221; \u0130ctimai Birliyinin s\u0259dri\u00a0Bayram S\u0259f\u0259rov\u00a0deyib. B.S\u0259f\u0259rov bildirib ki, Anna Hakopyan\u0131n&hellip;","_links":{"self":[{"href":"https:\/\/arantv.az\/index.php?rest_route=\/wp\/v2\/posts\/18179"}],"collection":[{"href":"https:\/\/arantv.az\/index.php?rest_route=\/wp\/v2\/posts"}],"about":[{"href":"https:\/\/arantv.az\/index.php?rest_route=\/wp\/v2\/types\/post"}],"author":[{"embeddable":true,"href":"https:\/\/arantv.az\/index.php?rest_route=\/wp\/v2\/users\/2"}],"replies":[{"embeddable":true,"href":"https:\/\/arantv.az\/index.php?rest_route=%2Fwp%2Fv2%2Fcomments&post=18179"}],"version-history":[{"count":0,"href":"https:\/\/arantv.az\/index.php?rest_route=\/wp\/v2\/posts\/18179\/revisions"}],"wp:featuredmedia":[{"embeddable":true,"href":"https:\/\/arantv.az\/index.php?rest_route=\/wp\/v2\/media\/18180"}],"wp:attachment":[{"href":"https:\/\/arantv.az\/index.php?rest_route=%2Fwp%2Fv2%2Fmedia&parent=18179"}],"wp:term":[{"taxonomy":"category","embeddable":true,"href":"https:\/\/arantv.az\/index.php?rest_route=%2Fwp%2Fv2%2Fcategories&post=18179"},{"taxonomy":"post_tag","embeddable":true,"href":"https:\/\/arantv.az\/index.php?rest_route=%2Fwp%2Fv2%2Ftags&post=18179"}],"curies":[{"name":"wp","href":"https:\/\/api.w.org\/{rel}","templated":true}]}}