{"id":18182,"date":"2018-10-10T16:48:56","date_gmt":"2018-10-10T13:48:56","guid":{"rendered":"http:\/\/arantv.az\/?p=18182"},"modified":"2018-10-10T16:48:56","modified_gmt":"2018-10-10T13:48:56","slug":"abs-dovl%c9%99t-departamenti-dagliq-qarabag-munaqis%c9%99sinin-nizamlanmasi-prosesind%c9%99-ir%c9%99lil%c9%99yis-%c9%99ld%c9%99-olunub","status":"publish","type":"post","link":"https:\/\/arantv.az\/?p=18182","title":{"rendered":"AB\u015e D\u00f6vl\u0259t Departamenti: Da\u011fl\u0131q Qaraba\u011f m\u00fcnaqi\u015f\u0259sinin nizamlanmas\u0131 prosesind\u0259 ir\u0259lil\u0259yi\u015f \u0259ld\u0259 olunub"},"content":{"rendered":"<p>&#8220;Erm\u0259nistan-Az\u0259rbaycan, Da\u011fl\u0131q Qaraba\u011f m\u00fcnaqi\u015f\u0259sinin nizamlanmas\u0131 prosesind\u0259 ir\u0259lil\u0259yi\u015f \u0259ld\u0259 olunub&#8221;.<\/p>\n<p><strong>ARANTV.AZ<\/strong> trend-\u0259 istinad\u0259n x\u0259b\u0259r verir ki, bunu Bak\u0131da m\u0259tbuat konfrans\u0131 zaman\u0131 AB\u015e d\u00f6vl\u0259t katibinin Avropa v\u0259 Avrasiya m\u0259s\u0259l\u0259l\u0259ri \u00fczr\u0259 k\u00f6m\u0259k\u00e7isinin m\u00fcavini\u00a0<strong>Corc Kent<\/strong>\u00a0deyib.<\/p>\n<p>Qeyd ed\u0259k ki, 1988-ci ild\u0259 Erm\u0259nistan t\u0259r\u0259find\u0259n Az\u0259rbaycana qar\u015f\u0131 \u0259razi iddialar\u0131 ba\u015flad\u0131. Bir m\u00fcdd\u0259t sonra is\u0259 Erm\u0259nistan t\u0259r\u0259find\u0259n Az\u0259rbaycan \u0259razil\u0259rin\u0259 h\u0259rbi t\u0259cav\u00fcz ba\u015fland\u0131. Da\u011fl\u0131q Qaraba\u011f v\u0259 ona s\u0259rh\u0259d yeddi rayon &#8211; Az\u0259rbaycan \u0259razisinin 20 faizi &#8211; Erm\u0259nistan silahl\u0131 q\u00fcvv\u0259l\u0259ri t\u0259r\u0259find\u0259n i\u015f\u011fal olundu. Bu i\u015f\u011fal faktoru h\u0259l\u0259 d\u0259 davam edir.<\/p>\n<p>1994-c\u00fc ilin may\u0131nda t\u0259r\u0259fl\u0259r at\u0259\u015fk\u0259s rejimin\u0259 nail olublar. O d\u00f6vrd\u0259n bu g\u00fcn\u0259 kimi AT\u018fT-in Minsk qrupunun himay\u0259sind\u0259 &#8211; Rusiya, Fransa v\u0259 AB\u015e-\u0131n h\u0259ms\u0259drliyi il\u0259 u\u011fursuz s\u00fclh dan\u0131\u015f\u0131qlar\u0131 davam edir. \u0130\u015f\u011fal olunmu\u015f Da\u011fl\u0131q Qaraba\u011f v\u0259 ona s\u0259rh\u0259d rayonlar\u0131n azad edilm\u0259si bar\u0259d\u0259 BMT T\u0259hl\u00fck\u0259sizlik \u015euras\u0131n\u0131n q\u0259bul etdiyi d\u00f6rd q\u0259tnam\u0259 is\u0259 Erm\u0259nistan t\u0259r\u0259find\u0259n bu g\u00fcn\u0259d\u0259k icra olunmay\u0131b.<\/p>\n","protected":false},"excerpt":{"rendered":"<p>&#8220;Erm\u0259nistan-Az\u0259rbaycan, Da\u011fl\u0131q Qaraba\u011f m\u00fcnaqi\u015f\u0259sinin nizamlanmas\u0131 prosesind\u0259 ir\u0259lil\u0259yi\u015f \u0259ld\u0259 olunub&#8221;. ARANTV.AZ trend-\u0259 istinad\u0259n x\u0259b\u0259r verir ki, bunu Bak\u0131da m\u0259tbuat konfrans\u0131 zaman\u0131 AB\u015e d\u00f6vl\u0259t katibinin Avropa v\u0259 Avrasiya m\u0259s\u0259l\u0259l\u0259ri \u00fczr\u0259 k\u00f6m\u0259k\u00e7isinin m\u00fcavini\u00a0Corc Kent\u00a0deyib. Qeyd ed\u0259k ki, 1988-ci ild\u0259 Erm\u0259nistan t\u0259r\u0259find\u0259n Az\u0259rbaycana qar\u015f\u0131 \u0259razi iddialar\u0131 ba\u015flad\u0131. Bir m\u00fcdd\u0259t sonra is\u0259 Erm\u0259nistan t\u0259r\u0259find\u0259n Az\u0259rbaycan \u0259razil\u0259rin\u0259 h\u0259rbi t\u0259cav\u00fcz ba\u015fland\u0131. Da\u011fl\u0131q Qaraba\u011f v\u0259 ona s\u0259rh\u0259d yeddi rayon &#8211; Az\u0259rbaycan \u0259razisinin 20 faizi &#8211; Erm\u0259nistan silahl\u0131 q\u00fcvv\u0259l\u0259ri t\u0259r\u0259find\u0259n i\u015f\u011fal olundu. Bu i\u015f\u011fal faktoru h\u0259l\u0259 d\u0259 davam edir. 1994-c\u00fc ilin may\u0131nda t\u0259r\u0259fl\u0259r at\u0259\u015fk\u0259s rejimin\u0259 nail olublar. O d\u00f6vrd\u0259n&hellip;<\/p>\n","protected":false},"author":2,"featured_media":18183,"comment_status":"closed","ping_status":"closed","sticky":false,"template":"","format":"standard","meta":{"om_disable_all_campaigns":false,"_monsterinsights_skip_tracking":false,"_monsterinsights_sitenote_active":false,"_monsterinsights_sitenote_note":"","_monsterinsights_sitenote_category":0},"categories":[1],"tags":[],"aioseo_notices":[],"gutentor_comment":0,"rttpg_featured_image_url":{"full":["https:\/\/arantv.az\/wp-content\/uploads\/2018\/10\/693414.jpg",800,600,false],"landscape":["https:\/\/arantv.az\/wp-content\/uploads\/2018\/10\/693414.jpg",800,600,false],"portraits":["https:\/\/arantv.az\/wp-content\/uploads\/2018\/10\/693414.jpg",800,600,false],"thumbnail":["https:\/\/arantv.az\/wp-content\/uploads\/2018\/10\/693414-150x150.jpg",150,150,true],"medium":["https:\/\/arantv.az\/wp-content\/uploads\/2018\/10\/693414-300x225.jpg",300,225,true],"large":["https:\/\/arantv.az\/wp-content\/uploads\/2018\/10\/693414.jpg",640,480,false],"1536x1536":["https:\/\/arantv.az\/wp-content\/uploads\/2018\/10\/693414.jpg",800,600,false],"2048x2048":["https:\/\/arantv.az\/wp-content\/uploads\/2018\/10\/693414.jpg",800,600,false],"post-thumbnail":["https:\/\/arantv.az\/wp-content\/uploads\/2018\/10\/693414-240x172.jpg",240,172,true],"advps-thumb-one":["https:\/\/arantv.az\/wp-content\/uploads\/2018\/10\/693414.jpg",800,600,false]},"rttpg_author":{"display_name":"V\u00fcsal Rafiqo\u011flu","author_link":"https:\/\/arantv.az\/?author=2"},"rttpg_comment":0,"rttpg_category":"<a href=\"https:\/\/arantv.az\/?cat=1\" rel=\"category\">C\u0259miyy\u0259t<\/a>","rttpg_excerpt":"&#8220;Erm\u0259nistan-Az\u0259rbaycan, Da\u011fl\u0131q Qaraba\u011f m\u00fcnaqi\u015f\u0259sinin nizamlanmas\u0131 prosesind\u0259 ir\u0259lil\u0259yi\u015f \u0259ld\u0259 olunub&#8221;. ARANTV.AZ trend-\u0259 istinad\u0259n x\u0259b\u0259r verir ki, bunu Bak\u0131da m\u0259tbuat konfrans\u0131 zaman\u0131 AB\u015e d\u00f6vl\u0259t katibinin Avropa v\u0259 Avrasiya m\u0259s\u0259l\u0259l\u0259ri \u00fczr\u0259 k\u00f6m\u0259k\u00e7isinin m\u00fcavini\u00a0Corc Kent\u00a0deyib. Qeyd ed\u0259k ki, 1988-ci ild\u0259 Erm\u0259nistan t\u0259r\u0259find\u0259n Az\u0259rbaycana qar\u015f\u0131 \u0259razi iddialar\u0131 ba\u015flad\u0131. Bir m\u00fcdd\u0259t sonra is\u0259 Erm\u0259nistan t\u0259r\u0259find\u0259n Az\u0259rbaycan \u0259razil\u0259rin\u0259 h\u0259rbi t\u0259cav\u00fcz ba\u015fland\u0131. Da\u011fl\u0131q&hellip;","_links":{"self":[{"href":"https:\/\/arantv.az\/index.php?rest_route=\/wp\/v2\/posts\/18182"}],"collection":[{"href":"https:\/\/arantv.az\/index.php?rest_route=\/wp\/v2\/posts"}],"about":[{"href":"https:\/\/arantv.az\/index.php?rest_route=\/wp\/v2\/types\/post"}],"author":[{"embeddable":true,"href":"https:\/\/arantv.az\/index.php?rest_route=\/wp\/v2\/users\/2"}],"replies":[{"embeddable":true,"href":"https:\/\/arantv.az\/index.php?rest_route=%2Fwp%2Fv2%2Fcomments&post=18182"}],"version-history":[{"count":0,"href":"https:\/\/arantv.az\/index.php?rest_route=\/wp\/v2\/posts\/18182\/revisions"}],"wp:featuredmedia":[{"embeddable":true,"href":"https:\/\/arantv.az\/index.php?rest_route=\/wp\/v2\/media\/18183"}],"wp:attachment":[{"href":"https:\/\/arantv.az\/index.php?rest_route=%2Fwp%2Fv2%2Fmedia&parent=18182"}],"wp:term":[{"taxonomy":"category","embeddable":true,"href":"https:\/\/arantv.az\/index.php?rest_route=%2Fwp%2Fv2%2Fcategories&post=18182"},{"taxonomy":"post_tag","embeddable":true,"href":"https:\/\/arantv.az\/index.php?rest_route=%2Fwp%2Fv2%2Ftags&post=18182"}],"curies":[{"name":"wp","href":"https:\/\/api.w.org\/{rel}","templated":true}]}}