{"id":18188,"date":"2018-10-11T07:35:36","date_gmt":"2018-10-11T04:35:36","guid":{"rendered":"http:\/\/arantv.az\/?p=18188"},"modified":"2018-10-11T07:35:36","modified_gmt":"2018-10-11T04:35:36","slug":"c%c9%99milin-oralarda-fotovideo","status":"publish","type":"post","link":"https:\/\/arantv.az\/?p=18188","title":{"rendered":"C\u0259milin &#8220;Oralarda&#8221; &#8211; FOTO+V\u0130DEO"},"content":{"rendered":"<p>G\u0259nc estrada v\u0259 vokal ifa\u00e7\u0131s\u0131 C\u0259mil &#8220;Oralarda&#8221; adl\u0131 mahn\u0131s\u0131yla musiqi d\u00fcnyas\u0131na add\u0131m atd\u0131.<strong>ARANTV.AZ<\/strong> x\u0259b\u0259r verir ki, s\u00f6z v\u0259 musiqisi, h\u0259m\u00e7inin aranj\u0131man\u0131 Nail Yusifova m\u0259xsus olan &#8220;Oralarda&#8221; mahn\u0131s\u0131 \u0259ks\u0259r musiqi portallar\u0131nda yerini ald\u0131. Qeyd ed\u0259k ki, xalq artisti Ayg\u00fcn Kaz\u0131movan\u0131n &#8220;Sus&#8221; mahn\u0131s\u0131n\u0131 ifa etm\u0259y\u0259 ba\u015flayan C\u0259milin musiqi kariyerin\u0259 add\u0131m atmas\u0131 da i\u015fd\u0259 bu &#8220;mega&#8221; t\u0259sad\u00fcfl\u0259 ba\u015flam\u0131\u015f oldu&#8230;<\/p>\n<p><iframe loading=\"lazy\" width=\"640\" height=\"360\" src=\"https:\/\/www.youtube.com\/embed\/nweGn-OCDn8?feature=oembed\" frameborder=\"0\" allow=\"autoplay; encrypted-media\" allowfullscreen><\/iframe><\/p>\n<p><img loading=\"lazy\" class=\"alignnone size-medium wp-image-18189\" src=\"https:\/\/arantv.az\/wp-content\/uploads\/2018\/10\/43604311_314724909314923_278704078559641600_n-300x300.jpg\" alt=\"\" width=\"300\" height=\"300\" \/><\/p>\n","protected":false},"excerpt":{"rendered":"<p>G\u0259nc estrada v\u0259 vokal ifa\u00e7\u0131s\u0131 C\u0259mil &#8220;Oralarda&#8221; adl\u0131 mahn\u0131s\u0131yla musiqi d\u00fcnyas\u0131na add\u0131m atd\u0131.ARANTV.AZ x\u0259b\u0259r verir ki, s\u00f6z v\u0259 musiqisi, h\u0259m\u00e7inin aranj\u0131man\u0131 Nail Yusifova m\u0259xsus olan &#8220;Oralarda&#8221; mahn\u0131s\u0131 \u0259ks\u0259r musiqi portallar\u0131nda yerini ald\u0131. Qeyd ed\u0259k ki, xalq artisti Ayg\u00fcn Kaz\u0131movan\u0131n &#8220;Sus&#8221; mahn\u0131s\u0131n\u0131 ifa etm\u0259y\u0259 ba\u015flayan C\u0259milin musiqi kariyerin\u0259 add\u0131m atmas\u0131 da i\u015fd\u0259 bu &#8220;mega&#8221; t\u0259sad\u00fcfl\u0259 ba\u015flam\u0131\u015f oldu&#8230;<\/p>\n","protected":false},"author":2,"featured_media":18191,"comment_status":"closed","ping_status":"closed","sticky":false,"template":"","format":"standard","meta":{"om_disable_all_campaigns":false,"_monsterinsights_skip_tracking":false,"_monsterinsights_sitenote_active":false,"_monsterinsights_sitenote_note":"","_monsterinsights_sitenote_category":0},"categories":[20],"tags":[],"aioseo_notices":[],"gutentor_comment":0,"rttpg_featured_image_url":{"full":["https:\/\/arantv.az\/wp-content\/uploads\/2018\/10\/43590253_542379339557331_7032703248607739904_n.jpg",960,639,false],"landscape":["https:\/\/arantv.az\/wp-content\/uploads\/2018\/10\/43590253_542379339557331_7032703248607739904_n.jpg",960,639,false],"portraits":["https:\/\/arantv.az\/wp-content\/uploads\/2018\/10\/43590253_542379339557331_7032703248607739904_n.jpg",960,639,false],"thumbnail":["https:\/\/arantv.az\/wp-content\/uploads\/2018\/10\/43590253_542379339557331_7032703248607739904_n-150x150.jpg",150,150,true],"medium":["https:\/\/arantv.az\/wp-content\/uploads\/2018\/10\/43590253_542379339557331_7032703248607739904_n-300x200.jpg",300,200,true],"large":["https:\/\/arantv.az\/wp-content\/uploads\/2018\/10\/43590253_542379339557331_7032703248607739904_n.jpg",640,426,false],"1536x1536":["https:\/\/arantv.az\/wp-content\/uploads\/2018\/10\/43590253_542379339557331_7032703248607739904_n.jpg",960,639,false],"2048x2048":["https:\/\/arantv.az\/wp-content\/uploads\/2018\/10\/43590253_542379339557331_7032703248607739904_n.jpg",960,639,false],"post-thumbnail":["https:\/\/arantv.az\/wp-content\/uploads\/2018\/10\/43590253_542379339557331_7032703248607739904_n-240x172.jpg",240,172,true],"advps-thumb-one":["https:\/\/arantv.az\/wp-content\/uploads\/2018\/10\/43590253_542379339557331_7032703248607739904_n-960x620.jpg",960,620,true]},"rttpg_author":{"display_name":"V\u00fcsal Rafiqo\u011flu","author_link":"https:\/\/arantv.az\/?author=2"},"rttpg_comment":0,"rttpg_category":"<a href=\"https:\/\/arantv.az\/?cat=20\" rel=\"category\">\u015eou biznes<\/a>","rttpg_excerpt":"G\u0259nc estrada v\u0259 vokal ifa\u00e7\u0131s\u0131 C\u0259mil &#8220;Oralarda&#8221; adl\u0131 mahn\u0131s\u0131yla musiqi d\u00fcnyas\u0131na add\u0131m atd\u0131.ARANTV.AZ x\u0259b\u0259r verir ki, s\u00f6z v\u0259 musiqisi, h\u0259m\u00e7inin aranj\u0131man\u0131 Nail Yusifova m\u0259xsus olan &#8220;Oralarda&#8221; mahn\u0131s\u0131 \u0259ks\u0259r musiqi portallar\u0131nda yerini ald\u0131. Qeyd ed\u0259k ki, xalq artisti Ayg\u00fcn Kaz\u0131movan\u0131n &#8220;Sus&#8221; mahn\u0131s\u0131n\u0131 ifa etm\u0259y\u0259 ba\u015flayan C\u0259milin musiqi kariyerin\u0259 add\u0131m atmas\u0131 da i\u015fd\u0259 bu &#8220;mega&#8221; t\u0259sad\u00fcfl\u0259 ba\u015flam\u0131\u015f&hellip;","_links":{"self":[{"href":"https:\/\/arantv.az\/index.php?rest_route=\/wp\/v2\/posts\/18188"}],"collection":[{"href":"https:\/\/arantv.az\/index.php?rest_route=\/wp\/v2\/posts"}],"about":[{"href":"https:\/\/arantv.az\/index.php?rest_route=\/wp\/v2\/types\/post"}],"author":[{"embeddable":true,"href":"https:\/\/arantv.az\/index.php?rest_route=\/wp\/v2\/users\/2"}],"replies":[{"embeddable":true,"href":"https:\/\/arantv.az\/index.php?rest_route=%2Fwp%2Fv2%2Fcomments&post=18188"}],"version-history":[{"count":0,"href":"https:\/\/arantv.az\/index.php?rest_route=\/wp\/v2\/posts\/18188\/revisions"}],"wp:featuredmedia":[{"embeddable":true,"href":"https:\/\/arantv.az\/index.php?rest_route=\/wp\/v2\/media\/18191"}],"wp:attachment":[{"href":"https:\/\/arantv.az\/index.php?rest_route=%2Fwp%2Fv2%2Fmedia&parent=18188"}],"wp:term":[{"taxonomy":"category","embeddable":true,"href":"https:\/\/arantv.az\/index.php?rest_route=%2Fwp%2Fv2%2Fcategories&post=18188"},{"taxonomy":"post_tag","embeddable":true,"href":"https:\/\/arantv.az\/index.php?rest_route=%2Fwp%2Fv2%2Ftags&post=18188"}],"curies":[{"name":"wp","href":"https:\/\/api.w.org\/{rel}","templated":true}]}}