{"id":18219,"date":"2018-10-11T09:28:41","date_gmt":"2018-10-11T06:28:41","guid":{"rendered":"http:\/\/arantv.az\/?p=18219"},"modified":"2018-10-11T09:28:41","modified_gmt":"2018-10-11T06:28:41","slug":"aspa-da-beyn%c9%99lxalq-musahid%c9%99cil%c9%99rin-munaqis%c9%99-ocaqlarina-m%c9%99hdudiyy%c9%99tsiz-girisi-muzakir%c9%99-olunub","status":"publish","type":"post","link":"https:\/\/arantv.az\/?p=18219","title":{"rendered":"A\u015ePA-da beyn\u0259lxalq m\u00fc\u015fahid\u0259\u00e7il\u0259rin m\u00fcnaqi\u015f\u0259 ocaqlar\u0131na m\u0259hdudiyy\u0259tsiz giri\u015fi m\u00fczakir\u0259 olunub"},"content":{"rendered":"<p><strong>ARANTV.AZ <\/strong>x\u0259b\u0259r verir ki<strong>, \u201c<\/strong>Da\u011fl\u0131q Qaraba\u011f v\u0259 dig\u0259r i\u015f\u011fal olunan torpaqlar\u0131m\u0131za s\u0259f\u0259rl\u0259r yaln\u0131z Az\u0259rbaycan\u0131n icaz\u0259si il\u0259 m\u00fcmk\u00fcnd\u00fcr\u201d. Avropa \u015euras\u0131 Parlament Assambleyas\u0131nda beyn\u0259lxalq m\u00fc\u015fahid\u0259\u00e7il\u0259rin \u00fczv \u00f6lk\u0259l\u0259r\u0259, o c\u00fcml\u0259d\u0259n m\u00fcnaqi\u015f\u0259 ocaqlar\u0131na m\u0259hdudiyy\u0259tsiz giri\u015fin\u0259 h\u0259sr edil\u0259n m\u00fczakir\u0259l\u0259rd\u0259 \u00f6lk\u0259mizin bu m\u0259s\u0259l\u0259d\u0259 d\u0259yi\u015fm\u0259z m\u00f6vqeyi ifad\u0259 olunub.<\/p>\n<p>Almaniyal\u0131 parlamentari\u00a0<strong>Frank \u015evab<\/strong>\u0131n m\u00f6vzu il\u0259 ba\u011fl\u0131 haz\u0131rlad\u0131\u011f\u0131 m\u0259ruz\u0259 Avropa \u015euras\u0131nda h\u00f6km s\u00fcr\u0259n ikili standartlar\u0131n n\u00f6vb\u0259ti g\u00f6st\u0259ricisi oldu. M\u0259ruz\u0259d\u0259 iddia olunur ki, b\u00fct\u00fcn m\u00fcnaqi\u015f\u0259 zonalar\u0131na insan h\u00fcquqlar\u0131 \u00fczr\u0259 m\u00fc\u015fahid\u0259\u00e7il\u0259rin m\u0259hdudiyy\u0259tsiz burax\u0131lmas\u0131 humanitar b\u00f6hranlar\u0131n forma\u015fmamas\u0131 \u00fc\u00e7\u00fcn z\u0259ruri \u015f\u0259rtdir. Lakin m\u0259ruz\u0259d\u0259 unudulub ki, Az\u0259rbaycan\u0131n i\u015f\u011fal olunan \u0259razil\u0259rind\u0259 humanitar b\u00f6hran h\u0259l\u0259 25 il \u0259vv\u0259l ba\u015f verib v\u0259 erm\u0259ni terror\u00e7ular\u0131 i\u015f\u011fal olunan torpaqlarda etnik t\u0259mizl\u0259m\u0259 apar\u0131blar. Qurumdak\u0131 n\u00fcmay\u0259nd\u0259 hey\u0259tinin \u00fczvl\u0259ri Az\u0259rbaycan\u0131n q\u0259ti m\u00f6vqeyini bir daha avropal\u0131 h\u0259mkarlar\u0131n\u0131n diqq\u0259tin\u0259 \u00e7atd\u0131rd\u0131lar. Bildirildi ki, i\u015f\u011fal alt\u0131ndak\u0131 \u0259razil\u0259rimiz\u0259 Az\u0259rbaycan\u0131n icaz\u0259si olmadan s\u0259f\u0259rl\u0259r etm\u0259k h\u0259m beyn\u0259lxalq s\u0259n\u0259dl\u0259r\u0259, h\u0259m d\u0259 Az\u0259rbaycan\u0131n qanunvericiliyin\u0259 ziddir. Az\u0259rbaycan<strong>\u00a0<\/strong>n\u00fcmay\u0259nd\u0259 hey\u0259tinin \u00fczvl\u0259ri i\u015f\u011fal olunan \u0259razil\u0259rd\u0259 separat\u00e7\u0131lar\u0131n qeyri-qanuni h\u0259r\u0259k\u0259tl\u0259rind\u0259n v\u0259 a\u011f\u0131r cinay\u0259tl\u0259r t\u00f6r\u0259tm\u0259sind\u0259n d\u0259 dan\u0131\u015fd\u0131lar. Bildirildi ki, bir s\u0131ra beyn\u0259lxalq ekspert qruplar\u0131 v\u0259 t\u0259\u015fkilatlar\u0131n da d\u0259f\u0259l\u0259rl\u0259 b\u0259yan etdiyi kimi, s\u00f6z\u00fcged\u0259n \u0259razil\u0259rd\u0259 qeyri-qanuni silahl\u0131 qruplar m\u0259sk\u0259n sal\u0131b. Narkotik vasit\u0259l\u0259rin k\u00fctl\u0259vi \u015f\u0259kild\u0259 da\u015f\u0131nmas\u0131 \u00fc\u00e7\u00fcn i\u015f\u011fal alt\u0131ndak\u0131 \u0259razil\u0259rimizd\u0259n istifad\u0259 olunmas\u0131 AB\u015e D\u00f6vl\u0259t Departamentinin 2001-ci ild\u0259 yayd\u0131\u011f\u0131 hesabatda, h\u0259m\u00e7inin narkotik madd\u0259l\u0259rin yeti\u015fdirilm\u0259si fakt\u0131 A\u015ePA-n\u0131n Da\u011fl\u0131q Qaraba\u011f \u00fczr\u0259 m\u0259ruz\u0259sind\u0259 d\u0259 \u00f6z \u0259ksini tap\u0131b. Bel\u0259 olan halda, m\u00fczakir\u0259y\u0259 \u00e7\u0131xar\u0131lan m\u0259ruz\u0259 separat\u00e7\u0131 rejimin beyn\u0259lxalq ictimaiyy\u0259t\u0259 legitim qurum kimi t\u0259qdim etm\u0259k c\u0259hdidir.<\/p>\n<p>Avropa \u015euras\u0131 Parlament Assambleyas\u0131nda Avropada islam icmalar\u0131n\u0131n xaricd\u0259n maliyy\u0259l\u0259\u015fm\u0259sin\u0259 n\u0259zar\u0259t m\u0259s\u0259l\u0259l\u0259ri d\u0259 m\u00fczakir\u0259 edildi. Az\u0259rbaycan\u0131n qurumdak\u0131 n\u00fcmay\u0259nd\u0259 hey\u0259tinin \u00fczv\u00fc Sahib\u0259 Qafarovan\u0131n haz\u0131rlad\u0131\u011f\u0131 &#8220;Avropada miqrantlar\u0131n v\u0259 diaspor t\u0259\u015fkilatlar\u0131n\u0131n radikalla\u015fmas\u0131&#8221; m\u0259ruz\u0259si dinl\u0259nildi. Qeyd olundu ki, radikalla\u015fmaya qar\u015f\u0131 m\u00fcbariz\u0259 anti-islam yana\u015fmaya \u00e7evrilm\u0259m\u0259lidir. \u0130slam\u0131 terror dini kimi t\u0259qdim etm\u0259k yolverilm\u0259zdir.<\/p>\n","protected":false},"excerpt":{"rendered":"<p>ARANTV.AZ x\u0259b\u0259r verir ki, \u201cDa\u011fl\u0131q Qaraba\u011f v\u0259 dig\u0259r i\u015f\u011fal olunan torpaqlar\u0131m\u0131za s\u0259f\u0259rl\u0259r yaln\u0131z Az\u0259rbaycan\u0131n icaz\u0259si il\u0259 m\u00fcmk\u00fcnd\u00fcr\u201d. Avropa \u015euras\u0131 Parlament Assambleyas\u0131nda beyn\u0259lxalq m\u00fc\u015fahid\u0259\u00e7il\u0259rin \u00fczv \u00f6lk\u0259l\u0259r\u0259, o c\u00fcml\u0259d\u0259n m\u00fcnaqi\u015f\u0259 ocaqlar\u0131na m\u0259hdudiyy\u0259tsiz giri\u015fin\u0259 h\u0259sr edil\u0259n m\u00fczakir\u0259l\u0259rd\u0259 \u00f6lk\u0259mizin bu m\u0259s\u0259l\u0259d\u0259 d\u0259yi\u015fm\u0259z m\u00f6vqeyi ifad\u0259 olunub. Almaniyal\u0131 parlamentari\u00a0Frank \u015evab\u0131n m\u00f6vzu il\u0259 ba\u011fl\u0131 haz\u0131rlad\u0131\u011f\u0131 m\u0259ruz\u0259 Avropa \u015euras\u0131nda h\u00f6km s\u00fcr\u0259n ikili standartlar\u0131n n\u00f6vb\u0259ti g\u00f6st\u0259ricisi oldu. M\u0259ruz\u0259d\u0259 iddia olunur ki, b\u00fct\u00fcn m\u00fcnaqi\u015f\u0259 zonalar\u0131na insan h\u00fcquqlar\u0131 \u00fczr\u0259 m\u00fc\u015fahid\u0259\u00e7il\u0259rin m\u0259hdudiyy\u0259tsiz burax\u0131lmas\u0131 humanitar b\u00f6hranlar\u0131n forma\u015fmamas\u0131 \u00fc\u00e7\u00fcn z\u0259ruri \u015f\u0259rtdir. Lakin m\u0259ruz\u0259d\u0259 unudulub ki, Az\u0259rbaycan\u0131n i\u015f\u011fal olunan \u0259razil\u0259rind\u0259 humanitar b\u00f6hran h\u0259l\u0259 25 il&hellip;<\/p>\n","protected":false},"author":2,"featured_media":18220,"comment_status":"closed","ping_status":"closed","sticky":false,"template":"","format":"standard","meta":{"om_disable_all_campaigns":false,"_monsterinsights_skip_tracking":false,"_monsterinsights_sitenote_active":false,"_monsterinsights_sitenote_note":"","_monsterinsights_sitenote_category":0},"categories":[4],"tags":[],"aioseo_notices":[],"gutentor_comment":0,"rttpg_featured_image_url":{"full":["https:\/\/arantv.az\/wp-content\/uploads\/2018\/10\/r9636vu1h718e7n8vhgr1uijo5aspa.jpg",1000,541,false],"landscape":["https:\/\/arantv.az\/wp-content\/uploads\/2018\/10\/r9636vu1h718e7n8vhgr1uijo5aspa.jpg",1000,541,false],"portraits":["https:\/\/arantv.az\/wp-content\/uploads\/2018\/10\/r9636vu1h718e7n8vhgr1uijo5aspa.jpg",1000,541,false],"thumbnail":["https:\/\/arantv.az\/wp-content\/uploads\/2018\/10\/r9636vu1h718e7n8vhgr1uijo5aspa-150x150.jpg",150,150,true],"medium":["https:\/\/arantv.az\/wp-content\/uploads\/2018\/10\/r9636vu1h718e7n8vhgr1uijo5aspa-300x162.jpg",300,162,true],"large":["https:\/\/arantv.az\/wp-content\/uploads\/2018\/10\/r9636vu1h718e7n8vhgr1uijo5aspa.jpg",640,346,false],"1536x1536":["https:\/\/arantv.az\/wp-content\/uploads\/2018\/10\/r9636vu1h718e7n8vhgr1uijo5aspa.jpg",1000,541,false],"2048x2048":["https:\/\/arantv.az\/wp-content\/uploads\/2018\/10\/r9636vu1h718e7n8vhgr1uijo5aspa.jpg",1000,541,false],"post-thumbnail":["https:\/\/arantv.az\/wp-content\/uploads\/2018\/10\/r9636vu1h718e7n8vhgr1uijo5aspa-240x172.jpg",240,172,true],"advps-thumb-one":["https:\/\/arantv.az\/wp-content\/uploads\/2018\/10\/r9636vu1h718e7n8vhgr1uijo5aspa.jpg",1000,541,false]},"rttpg_author":{"display_name":"V\u00fcsal Rafiqo\u011flu","author_link":"https:\/\/arantv.az\/?author=2"},"rttpg_comment":0,"rttpg_category":"<a href=\"https:\/\/arantv.az\/?cat=4\" rel=\"category\">Siyas\u0259t<\/a>","rttpg_excerpt":"ARANTV.AZ x\u0259b\u0259r verir ki, \u201cDa\u011fl\u0131q Qaraba\u011f v\u0259 dig\u0259r i\u015f\u011fal olunan torpaqlar\u0131m\u0131za s\u0259f\u0259rl\u0259r yaln\u0131z Az\u0259rbaycan\u0131n icaz\u0259si il\u0259 m\u00fcmk\u00fcnd\u00fcr\u201d. Avropa \u015euras\u0131 Parlament Assambleyas\u0131nda beyn\u0259lxalq m\u00fc\u015fahid\u0259\u00e7il\u0259rin \u00fczv \u00f6lk\u0259l\u0259r\u0259, o c\u00fcml\u0259d\u0259n m\u00fcnaqi\u015f\u0259 ocaqlar\u0131na m\u0259hdudiyy\u0259tsiz giri\u015fin\u0259 h\u0259sr edil\u0259n m\u00fczakir\u0259l\u0259rd\u0259 \u00f6lk\u0259mizin bu m\u0259s\u0259l\u0259d\u0259 d\u0259yi\u015fm\u0259z m\u00f6vqeyi ifad\u0259 olunub. Almaniyal\u0131 parlamentari\u00a0Frank \u015evab\u0131n m\u00f6vzu il\u0259 ba\u011fl\u0131 haz\u0131rlad\u0131\u011f\u0131 m\u0259ruz\u0259 Avropa \u015euras\u0131nda h\u00f6km s\u00fcr\u0259n ikili standartlar\u0131n&hellip;","_links":{"self":[{"href":"https:\/\/arantv.az\/index.php?rest_route=\/wp\/v2\/posts\/18219"}],"collection":[{"href":"https:\/\/arantv.az\/index.php?rest_route=\/wp\/v2\/posts"}],"about":[{"href":"https:\/\/arantv.az\/index.php?rest_route=\/wp\/v2\/types\/post"}],"author":[{"embeddable":true,"href":"https:\/\/arantv.az\/index.php?rest_route=\/wp\/v2\/users\/2"}],"replies":[{"embeddable":true,"href":"https:\/\/arantv.az\/index.php?rest_route=%2Fwp%2Fv2%2Fcomments&post=18219"}],"version-history":[{"count":0,"href":"https:\/\/arantv.az\/index.php?rest_route=\/wp\/v2\/posts\/18219\/revisions"}],"wp:featuredmedia":[{"embeddable":true,"href":"https:\/\/arantv.az\/index.php?rest_route=\/wp\/v2\/media\/18220"}],"wp:attachment":[{"href":"https:\/\/arantv.az\/index.php?rest_route=%2Fwp%2Fv2%2Fmedia&parent=18219"}],"wp:term":[{"taxonomy":"category","embeddable":true,"href":"https:\/\/arantv.az\/index.php?rest_route=%2Fwp%2Fv2%2Fcategories&post=18219"},{"taxonomy":"post_tag","embeddable":true,"href":"https:\/\/arantv.az\/index.php?rest_route=%2Fwp%2Fv2%2Ftags&post=18219"}],"curies":[{"name":"wp","href":"https:\/\/api.w.org\/{rel}","templated":true}]}}