{"id":18225,"date":"2018-10-11T09:31:46","date_gmt":"2018-10-11T06:31:46","guid":{"rendered":"http:\/\/arantv.az\/?p=18225"},"modified":"2018-10-11T09:31:46","modified_gmt":"2018-10-11T06:31:46","slug":"az%c9%99rbaycanda-k%c9%99nd-t%c9%99s%c9%99rrufatinin-inkisafina-xususil%c9%99-bolg%c9%99l%c9%99rd%c9%99-m%c9%99sgullugun-artirilmasina-boyuk-diqq%c9%99t-v%c9%99-d%c9%99st%c9%99k-gost%c9%99rilir","status":"publish","type":"post","link":"https:\/\/arantv.az\/?p=18225","title":{"rendered":"Az\u0259rbaycanda k\u0259nd t\u0259s\u0259rr\u00fcfat\u0131n\u0131n inki\u015faf\u0131na, x\u00fcsusil\u0259 b\u00f6lg\u0259l\u0259rd\u0259 m\u0259\u015f\u011fullu\u011fun art\u0131r\u0131lmas\u0131na b\u00f6y\u00fck diqq\u0259t v\u0259 d\u0259st\u0259k g\u00f6st\u0259rilir"},"content":{"rendered":"<p><strong>ARANTV.AZ<\/strong> x\u0259b\u0259r verir ki, son ill\u0259r Az\u0259rbaycanda k\u0259nd t\u0259s\u0259rr\u00fcfat\u0131n\u0131n inki\u015faf\u0131na, x\u00fcsusil\u0259 b\u00f6lg\u0259l\u0259rd\u0259 m\u0259\u015f\u011fullu\u011fun art\u0131r\u0131lmas\u0131na b\u00f6y\u00fck diqq\u0259t v\u0259 d\u0259st\u0259k g\u00f6st\u0259rilir. Nazirl\u0259r Kabinetinin 2018-ci ilin doqquz ay\u0131n\u0131n sosial-iqtisadi inki\u015faf\u0131n\u0131n yekunlar\u0131na v\u0259 qar\u015f\u0131da duran v\u0259zif\u0259l\u0259r\u0259 h\u0259sr olunan iclas\u0131nda Prezident \u0130lham \u018fliyev bildirib ki, bu sah\u0259d\u0259 4,3 faiz art\u0131m m\u00fcsb\u0259t hald\u0131r. Apar\u0131lan islahatlar daha da b\u00f6y\u00fck n\u0259tic\u0259l\u0259r\u0259 \u00e7atma\u011fa imkan ver\u0259c\u0259k.<\/p>\n<p>Bu ilin doqquz ay;nda 5700 k\u0259nd t\u0259s\u0259rr\u00fcfat\u0131 texnikas\u0131 al\u0131n\u0131b. Texnika il\u0259 t\u0259minat b\u00f6y\u00fck d\u0259r\u0259c\u0259d\u0259 yax\u015f\u0131la\u015f\u0131b. Nazirl\u0259r Kabinetinin 2018-ci ilin doqquz ay\u0131n\u0131n sosial-iqtisadi inki\u015faf\u0131n\u0131n yekunlar\u0131na v\u0259 qar\u015f\u0131da duran v\u0259zif\u0259l\u0259r\u0259 h\u0259sr olunan iclas\u0131nda Prezident \u0130lham \u018fliyev bildirib ki, k\u0259nd t\u0259s\u0259rr\u00fcfat\u0131n\u0131n ekstensiv inki\u015faf\u0131 da n\u0259z\u0259rd\u0259 tutulmal\u0131d\u0131r. Art\u0131q bir \u00e7ox meliorasiya layih\u0259l\u0259ri icra edilib. 192 min hektar sah\u0259d\u0259 45 aqropark\u0131n yarad\u0131lmas\u0131 n\u0259z\u0259rd\u0259 tutulur. \u0130lin sonuna q\u0259d\u0259r a\u00e7\u0131lan aqroparklar\u0131n say\u0131 13-\u0259 \u00e7atacaq. \u0130ri fermer t\u0259s\u0259rr\u00fcfatlar\u0131nda, tax\u0131l\u00e7\u0131l\u0131qda n\u0259tic\u0259l\u0259r \u00e7ox yax\u015f\u0131d\u0131r. T\u0259qrib\u0259n hektardan orta hesabla 50 sentner m\u0259hsul g\u00f6t\u00fcr\u00fcl\u00fcr. Bu il 3 milyon ton tax\u0131l t\u0259dar\u00fck edilib. D\u00f6vl\u0259t ba\u015f\u00e7\u0131s\u0131 pamb\u0131q\u00e7\u0131l\u0131\u011f\u0131n da daha s\u0259m\u0259r\u0259li \u015f\u0259kild\u0259 inki\u015faf etdirm\u0259lisinin vacibliyin\u0259 toxundu.<\/p>\n<p>Az\u0259rbaycanda \u00fcz\u00fcm\u00e7\u00fcl\u00fck d\u0259 \u0259n\u0259n\u0259l\u0259ri b\u0259rpa edilir. Bu sah\u0259y\u0259 d\u00fcnyan\u0131n \u0259n qabaqc\u0131l texnologiyalar\u0131 c\u0259lb olunur. Art\u0131q bir ne\u00e7\u0259 \u00f6lk\u0259d\u0259 \u015f\u0259rab evl\u0259ri f\u0259aliyy\u0259t\u0259 ba\u015flay\u0131b. T\u0259r\u0259v\u0259z\u00e7ilik d\u0259 Az\u0259rbaycan\u0131n \u0259n\u0259n\u0259vi ixrac sektorudur. Rusiyaya pomidor ixrac\u0131nda Az\u0259rbaycan birinci yerd\u0259dir. Bu g\u00fcn \u00f6lk\u0259mizd\u0259 bir \u00e7ox istixanalar sal\u0131n\u0131r. Son m\u0259lumata g\u00f6r\u0259, t\u0259qrib\u0259n 400 hektar sah\u0259d\u0259 yeni istixanalar sal\u0131n\u0131r, onlar\u0131n da \u0259ks\u0259riyy\u0259ti pomidor istehsal\u0131na hesablan\u0131b. Barama\u00e7\u0131l\u0131qda is\u0259 \u0259vv\u0259ll\u0259r v\u0259ziyy\u0259t \u00e7ox ac\u0131nacaql\u0131 olsa da, g\u00f6r\u00fcl\u0259n i\u015fl\u0259r n\u0259tic\u0259sind\u0259 bu il 500 tondan \u00e7ox barama t\u0259dar\u00fck edilib. \u018fg\u0259r ke\u00e7\u0259n il 10 min insan bu i\u015fl\u0259r\u0259 c\u0259lb olunubsa, 2016-c\u0131 ild\u0259 3 min, bu il 22 min insane c\u0259lb edilib. Bel\u0259likl\u0259, bu insanlar 30-40 g\u00fcn\u0259 o q\u0259d\u0259r d\u0259 b\u00f6y\u00fck \u0259ziyy\u0259t \u00e7\u0259km\u0259d\u0259n yax\u015f\u0131 pul qazan\u0131r v\u0259 \u015e\u0259ki ip\u0259k kombinat\u0131 da daha b\u00f6y\u00fck h\u0259cml\u0259 i\u015fl\u0259yir. Bel\u0259likl\u0259, k\u0259nd t\u0259s\u0259rr\u00fcfat\u0131n\u0131n m\u00fcxt\u0259lif sah\u0259l\u0259rind\u0259 d\u00f6vl\u0259t ba\u015f\u00e7\u0131s\u0131n\u0131n qar\u015f\u0131ya qoydu\u011fu \u0259sas v\u0259zif\u0259l\u0259r ilk n\u00f6vb\u0259d\u0259, daxili t\u0259l\u0259bat\u0131 t\u0259min etm\u0259k, m\u0259hsuldarl\u0131\u011f\u0131 art\u0131rmaq, elmi yana\u015fman\u0131 t\u0259tbiq etm\u0259k v\u0259 \u00f6lk\u0259nin ixrac imkanlar\u0131n\u0131 geni\u015fl\u0259ndirm\u0259kdir.<\/p>\n","protected":false},"excerpt":{"rendered":"<p>ARANTV.AZ x\u0259b\u0259r verir ki, son ill\u0259r Az\u0259rbaycanda k\u0259nd t\u0259s\u0259rr\u00fcfat\u0131n\u0131n inki\u015faf\u0131na, x\u00fcsusil\u0259 b\u00f6lg\u0259l\u0259rd\u0259 m\u0259\u015f\u011fullu\u011fun art\u0131r\u0131lmas\u0131na b\u00f6y\u00fck diqq\u0259t v\u0259 d\u0259st\u0259k g\u00f6st\u0259rilir. Nazirl\u0259r Kabinetinin 2018-ci ilin doqquz ay\u0131n\u0131n sosial-iqtisadi inki\u015faf\u0131n\u0131n yekunlar\u0131na v\u0259 qar\u015f\u0131da duran v\u0259zif\u0259l\u0259r\u0259 h\u0259sr olunan iclas\u0131nda Prezident \u0130lham \u018fliyev bildirib ki, bu sah\u0259d\u0259 4,3 faiz art\u0131m m\u00fcsb\u0259t hald\u0131r. Apar\u0131lan islahatlar daha da b\u00f6y\u00fck n\u0259tic\u0259l\u0259r\u0259 \u00e7atma\u011fa imkan ver\u0259c\u0259k. Bu ilin doqquz ay;nda 5700 k\u0259nd t\u0259s\u0259rr\u00fcfat\u0131 texnikas\u0131 al\u0131n\u0131b. Texnika il\u0259 t\u0259minat b\u00f6y\u00fck d\u0259r\u0259c\u0259d\u0259 yax\u015f\u0131la\u015f\u0131b. Nazirl\u0259r Kabinetinin 2018-ci ilin doqquz ay\u0131n\u0131n sosial-iqtisadi inki\u015faf\u0131n\u0131n yekunlar\u0131na v\u0259 qar\u015f\u0131da duran v\u0259zif\u0259l\u0259r\u0259 h\u0259sr olunan iclas\u0131nda Prezident \u0130lham \u018fliyev&hellip;<\/p>\n","protected":false},"author":2,"featured_media":18226,"comment_status":"closed","ping_status":"closed","sticky":false,"template":"","format":"standard","meta":{"om_disable_all_campaigns":false,"_monsterinsights_skip_tracking":false,"_monsterinsights_sitenote_active":false,"_monsterinsights_sitenote_note":"","_monsterinsights_sitenote_category":0},"categories":[19],"tags":[],"aioseo_notices":[],"gutentor_comment":0,"rttpg_featured_image_url":{"full":["https:\/\/arantv.az\/wp-content\/uploads\/2018\/10\/r9636vu1h718e7n8vhgr1uijo5pole_11.jpg",1280,863,false],"landscape":["https:\/\/arantv.az\/wp-content\/uploads\/2018\/10\/r9636vu1h718e7n8vhgr1uijo5pole_11.jpg",1280,863,false],"portraits":["https:\/\/arantv.az\/wp-content\/uploads\/2018\/10\/r9636vu1h718e7n8vhgr1uijo5pole_11.jpg",1280,863,false],"thumbnail":["https:\/\/arantv.az\/wp-content\/uploads\/2018\/10\/r9636vu1h718e7n8vhgr1uijo5pole_11-150x150.jpg",150,150,true],"medium":["https:\/\/arantv.az\/wp-content\/uploads\/2018\/10\/r9636vu1h718e7n8vhgr1uijo5pole_11-300x202.jpg",300,202,true],"large":["https:\/\/arantv.az\/wp-content\/uploads\/2018\/10\/r9636vu1h718e7n8vhgr1uijo5pole_11-1024x690.jpg",640,431,true],"1536x1536":["https:\/\/arantv.az\/wp-content\/uploads\/2018\/10\/r9636vu1h718e7n8vhgr1uijo5pole_11.jpg",1280,863,false],"2048x2048":["https:\/\/arantv.az\/wp-content\/uploads\/2018\/10\/r9636vu1h718e7n8vhgr1uijo5pole_11.jpg",1280,863,false],"post-thumbnail":["https:\/\/arantv.az\/wp-content\/uploads\/2018\/10\/r9636vu1h718e7n8vhgr1uijo5pole_11-240x172.jpg",240,172,true],"advps-thumb-one":["https:\/\/arantv.az\/wp-content\/uploads\/2018\/10\/r9636vu1h718e7n8vhgr1uijo5pole_11-1200x620.jpg",1200,620,true]},"rttpg_author":{"display_name":"V\u00fcsal Rafiqo\u011flu","author_link":"https:\/\/arantv.az\/?author=2"},"rttpg_comment":0,"rttpg_category":"<a href=\"https:\/\/arantv.az\/?cat=19\" rel=\"category\">G\u00fcnd\u0259m<\/a>","rttpg_excerpt":"ARANTV.AZ x\u0259b\u0259r verir ki, son ill\u0259r Az\u0259rbaycanda k\u0259nd t\u0259s\u0259rr\u00fcfat\u0131n\u0131n inki\u015faf\u0131na, x\u00fcsusil\u0259 b\u00f6lg\u0259l\u0259rd\u0259 m\u0259\u015f\u011fullu\u011fun art\u0131r\u0131lmas\u0131na b\u00f6y\u00fck diqq\u0259t v\u0259 d\u0259st\u0259k g\u00f6st\u0259rilir. Nazirl\u0259r Kabinetinin 2018-ci ilin doqquz ay\u0131n\u0131n sosial-iqtisadi inki\u015faf\u0131n\u0131n yekunlar\u0131na v\u0259 qar\u015f\u0131da duran v\u0259zif\u0259l\u0259r\u0259 h\u0259sr olunan iclas\u0131nda Prezident \u0130lham \u018fliyev bildirib ki, bu sah\u0259d\u0259 4,3 faiz art\u0131m m\u00fcsb\u0259t hald\u0131r. Apar\u0131lan islahatlar daha da b\u00f6y\u00fck n\u0259tic\u0259l\u0259r\u0259 \u00e7atma\u011fa imkan&hellip;","_links":{"self":[{"href":"https:\/\/arantv.az\/index.php?rest_route=\/wp\/v2\/posts\/18225"}],"collection":[{"href":"https:\/\/arantv.az\/index.php?rest_route=\/wp\/v2\/posts"}],"about":[{"href":"https:\/\/arantv.az\/index.php?rest_route=\/wp\/v2\/types\/post"}],"author":[{"embeddable":true,"href":"https:\/\/arantv.az\/index.php?rest_route=\/wp\/v2\/users\/2"}],"replies":[{"embeddable":true,"href":"https:\/\/arantv.az\/index.php?rest_route=%2Fwp%2Fv2%2Fcomments&post=18225"}],"version-history":[{"count":0,"href":"https:\/\/arantv.az\/index.php?rest_route=\/wp\/v2\/posts\/18225\/revisions"}],"wp:featuredmedia":[{"embeddable":true,"href":"https:\/\/arantv.az\/index.php?rest_route=\/wp\/v2\/media\/18226"}],"wp:attachment":[{"href":"https:\/\/arantv.az\/index.php?rest_route=%2Fwp%2Fv2%2Fmedia&parent=18225"}],"wp:term":[{"taxonomy":"category","embeddable":true,"href":"https:\/\/arantv.az\/index.php?rest_route=%2Fwp%2Fv2%2Fcategories&post=18225"},{"taxonomy":"post_tag","embeddable":true,"href":"https:\/\/arantv.az\/index.php?rest_route=%2Fwp%2Fv2%2Ftags&post=18225"}],"curies":[{"name":"wp","href":"https:\/\/api.w.org\/{rel}","templated":true}]}}