{"id":18235,"date":"2018-10-11T09:38:19","date_gmt":"2018-10-11T06:38:19","guid":{"rendered":"http:\/\/arantv.az\/?p=18235"},"modified":"2018-10-11T09:38:19","modified_gmt":"2018-10-11T06:38:19","slug":"millimiz-ucun-vacib-gorus-hec-bir-b%c9%99han%c9%99-q%c9%99bul-edilmir","status":"publish","type":"post","link":"https:\/\/arantv.az\/?p=18235","title":{"rendered":"Millimiz \u00fc\u00e7\u00fcn vacib g\u00f6r\u00fc\u015f: He\u00e7 bir b\u0259han\u0259 q\u0259bul edilmir"},"content":{"rendered":"<p>Futbol \u00fczr\u0259 Az\u0259rbaycan millisi bu g\u00fcn Danimarkan\u0131n \u0259razisi say\u0131lan Farer Adalar\u0131nda \u00e7ox vacib\u00a0g\u00f6r\u00fc\u015f\u0259 \u00e7\u0131xacaq.<\/p>\n<p><b>ARANTV.AZ\u00a0<\/b>x\u0259b\u0259r verir ki,\u00a0<strong>Qurban Qurbanov<\/strong>un yetirm\u0259l\u0259ri Bak\u0131 vaxt\u0131 il\u0259 saat 22:45-d\u0259 UEFA Mill\u0259tl\u0259r Liqas\u0131n\u0131n qrup m\u0259rh\u0259l\u0259sinin III turu \u00e7\u0259r\u00e7iv\u0259sind\u0259 50 min \u0259halisi olan Farer Adalar\u0131 millisi il\u0259 qar\u015f\u0131la\u015facaq.<\/p>\n<p>Komandam\u0131z\u0131n s\u0259f\u0259r oyununda q\u0259l\u0259b\u0259sini vacib ed\u0259n m\u0259qam millimizin ilk iki turda q\u0259l\u0259b\u0259 qazana bilm\u0259m\u0259sidir. Bundan \u0259vv\u0259l Bak\u0131 OLimpiya Stadionunda Kosovo il\u0259 qolsuz he\u00e7-he\u00e7\u0259y\u0259 raz\u0131la\u015fmal\u0131 olmu\u015fuqsa, Malta il\u0259 1:1 oynam\u0131\u015f\u0131q.<\/p>\n<div id=\"AdributorNativeVideo0\" class=\"AdributorNativeVideo\"><\/div>\n<p>Dem\u0259li, y\u0131\u011fmam\u0131z\u0131n D divizionunun qalibi olmas\u0131 \u00fc\u00e7\u00fcn bu qrupdan lider kimi \u00e7\u0131xmas\u0131 laz\u0131md\u0131r. Lakin haz\u0131rk\u0131 durumda millimiz iki xalla qrupda III s\u0131rada q\u0259rarla\u015f\u0131b. H\u0259tta indi qar\u015f\u0131la\u015faca\u011f\u0131m\u0131z Farer Adalar\u0131 bel\u0259 \u00fc\u00e7 xalla millimizd\u0259n \u00f6nd\u0259dir.<\/p>\n<p>FIFA-n\u0131n a\u00e7\u0131qlad\u0131\u011f\u0131 d\u00fcnya reytinqind\u0259 d\u0259 Farer Adalar\u0131 millimizi qabaqlay\u0131r. Adal\u0131lar 92-ci yerd\u0259dirs\u0259, Az\u0259rbaycan 108-ci yerd\u0259dir. Lakin bu, nisbi g\u00f6st\u0259ricidir.<\/p>\n<p>R\u0259qib komandan\u0131 1992-ci ild\u0259 Danimarka millisi il\u0259 s\u00fcrpriz \u015f\u0259kild\u0259 Avropa \u00e7empionu olmu\u015f\u00a0<strong>Lars Olsen<\/strong>\u00a0\u00e7al\u0131\u015fd\u0131r\u0131r. Onun 2011-ci ild\u0259n \u00e7al\u0131\u015fd\u0131rd\u0131\u011f\u0131 bu millid\u0259 legionerl\u0259rin say\u0131 da az deyil. Bu komandaya \u0130slandiya, Danimarka, Norve\u00e7, Almaniyada \u00e7\u0131x\u0131\u015f ed\u0259n 12 legioner d\u0259v\u0259t olunub. Lakin bu amil d\u0259 bizi qorxutmamal\u0131d\u0131r. \u00c7\u00fcnki h\u0259min klublar daha \u00e7ox bu \u00f6lk\u0259l\u0259rin a\u015fa\u011f\u0131 d\u0259st\u0259 klublar\u0131d\u0131r.<\/p>\n<p>Ke\u00e7\u0259k millimiz\u0259. Ukrayna, Rusiya v\u0259 Almaniyadan d\u00f6rd legionerimizin oynad\u0131\u011f\u0131 millinin bundan sonrak\u0131 d\u00f6rd g\u00f6r\u00fc\u015fd\u0259 m\u00fctl\u0259q q\u0259l\u0259b\u0259 qazanmas\u0131 lab\u00fcdd\u00fcr. Bu g\u00f6r\u00fc\u015fd\u0259 xal itkisi art\u0131q 2020-ci ild\u0259 d\u00f6rd oyunu Bak\u0131da ke\u00e7iril\u0259c\u0259k Avropa \u00e7empionat\u0131na birba\u015fa v\u0259siq\u0259 qazanmaq \u015fanslar\u0131m\u0131z\u0131n \u00fcz\u0259rind\u0259n faktiki olaraq x\u0259tt \u00e7\u0259k\u0259c\u0259k.<\/p>\n<p>Qurban Qurbanovun d\u00fcn\u0259nki m\u0259tbuat konfrans\u0131nda dediyi kimi, n\u0259 Torshavndak\u0131 stadionun s\u00fcni \u00f6rt\u00fckl\u00fc olmas\u0131, n\u0259 d\u0259 stadionun standart\u00a0\u00f6l\u00e7\u00fcl\u0259rd\u0259n ki\u00e7ik olmas\u0131 komandam\u0131z \u00fc\u00e7\u00fcn b\u0259han\u0259 olmamal\u0131d\u0131r. N\u0259z\u0259r\u0259 alaq ki, lider Kosovonun bug\u00fcnk\u00fc g\u00f6r\u00fc\u015fd\u0259 \u00f6z meydan\u0131nda Maltaya qalib g\u0259l\u0259c\u0259yi g\u00f6zl\u0259nilir. Ona g\u00f6r\u0259 d\u0259 liderl\u0259 aradak\u0131 xal f\u0259rqini art\u0131rmamaq laz\u0131md\u0131r.oxu.az<\/p>\n","protected":false},"excerpt":{"rendered":"<p>Futbol \u00fczr\u0259 Az\u0259rbaycan millisi bu g\u00fcn Danimarkan\u0131n \u0259razisi say\u0131lan Farer Adalar\u0131nda \u00e7ox vacib\u00a0g\u00f6r\u00fc\u015f\u0259 \u00e7\u0131xacaq. ARANTV.AZ\u00a0x\u0259b\u0259r verir ki,\u00a0Qurban Qurbanovun yetirm\u0259l\u0259ri Bak\u0131 vaxt\u0131 il\u0259 saat 22:45-d\u0259 UEFA Mill\u0259tl\u0259r Liqas\u0131n\u0131n qrup m\u0259rh\u0259l\u0259sinin III turu \u00e7\u0259r\u00e7iv\u0259sind\u0259 50 min \u0259halisi olan Farer Adalar\u0131 millisi il\u0259 qar\u015f\u0131la\u015facaq. Komandam\u0131z\u0131n s\u0259f\u0259r oyununda q\u0259l\u0259b\u0259sini vacib ed\u0259n m\u0259qam millimizin ilk iki turda q\u0259l\u0259b\u0259 qazana bilm\u0259m\u0259sidir. Bundan \u0259vv\u0259l Bak\u0131 OLimpiya Stadionunda Kosovo il\u0259 qolsuz he\u00e7-he\u00e7\u0259y\u0259 raz\u0131la\u015fmal\u0131 olmu\u015fuqsa, Malta il\u0259 1:1 oynam\u0131\u015f\u0131q. Dem\u0259li, y\u0131\u011fmam\u0131z\u0131n D divizionunun qalibi olmas\u0131 \u00fc\u00e7\u00fcn bu qrupdan lider kimi \u00e7\u0131xmas\u0131 laz\u0131md\u0131r. Lakin haz\u0131rk\u0131 durumda millimiz iki xalla qrupda&hellip;<\/p>\n","protected":false},"author":2,"featured_media":18236,"comment_status":"closed","ping_status":"closed","sticky":false,"template":"","format":"standard","meta":{"om_disable_all_campaigns":false,"_monsterinsights_skip_tracking":false,"_monsterinsights_sitenote_active":false,"_monsterinsights_sitenote_note":"","_monsterinsights_sitenote_category":0},"categories":[6],"tags":[],"aioseo_notices":[],"gutentor_comment":0,"rttpg_featured_image_url":{"full":["https:\/\/arantv.az\/wp-content\/uploads\/2018\/10\/milli.jpg",600,450,false],"landscape":["https:\/\/arantv.az\/wp-content\/uploads\/2018\/10\/milli.jpg",600,450,false],"portraits":["https:\/\/arantv.az\/wp-content\/uploads\/2018\/10\/milli.jpg",600,450,false],"thumbnail":["https:\/\/arantv.az\/wp-content\/uploads\/2018\/10\/milli-150x150.jpg",150,150,true],"medium":["https:\/\/arantv.az\/wp-content\/uploads\/2018\/10\/milli-300x225.jpg",300,225,true],"large":["https:\/\/arantv.az\/wp-content\/uploads\/2018\/10\/milli.jpg",600,450,false],"1536x1536":["https:\/\/arantv.az\/wp-content\/uploads\/2018\/10\/milli.jpg",600,450,false],"2048x2048":["https:\/\/arantv.az\/wp-content\/uploads\/2018\/10\/milli.jpg",600,450,false],"post-thumbnail":["https:\/\/arantv.az\/wp-content\/uploads\/2018\/10\/milli-240x172.jpg",240,172,true],"advps-thumb-one":["https:\/\/arantv.az\/wp-content\/uploads\/2018\/10\/milli.jpg",600,450,false]},"rttpg_author":{"display_name":"V\u00fcsal Rafiqo\u011flu","author_link":"https:\/\/arantv.az\/?author=2"},"rttpg_comment":0,"rttpg_category":"<a href=\"https:\/\/arantv.az\/?cat=6\" rel=\"category\">\u0130dman<\/a>","rttpg_excerpt":"Futbol \u00fczr\u0259 Az\u0259rbaycan millisi bu g\u00fcn Danimarkan\u0131n \u0259razisi say\u0131lan Farer Adalar\u0131nda \u00e7ox vacib\u00a0g\u00f6r\u00fc\u015f\u0259 \u00e7\u0131xacaq. ARANTV.AZ\u00a0x\u0259b\u0259r verir ki,\u00a0Qurban Qurbanovun yetirm\u0259l\u0259ri Bak\u0131 vaxt\u0131 il\u0259 saat 22:45-d\u0259 UEFA Mill\u0259tl\u0259r Liqas\u0131n\u0131n qrup m\u0259rh\u0259l\u0259sinin III turu \u00e7\u0259r\u00e7iv\u0259sind\u0259 50 min \u0259halisi olan Farer Adalar\u0131 millisi il\u0259 qar\u015f\u0131la\u015facaq. Komandam\u0131z\u0131n s\u0259f\u0259r oyununda q\u0259l\u0259b\u0259sini vacib ed\u0259n m\u0259qam millimizin ilk iki turda q\u0259l\u0259b\u0259 qazana bilm\u0259m\u0259sidir.&hellip;","_links":{"self":[{"href":"https:\/\/arantv.az\/index.php?rest_route=\/wp\/v2\/posts\/18235"}],"collection":[{"href":"https:\/\/arantv.az\/index.php?rest_route=\/wp\/v2\/posts"}],"about":[{"href":"https:\/\/arantv.az\/index.php?rest_route=\/wp\/v2\/types\/post"}],"author":[{"embeddable":true,"href":"https:\/\/arantv.az\/index.php?rest_route=\/wp\/v2\/users\/2"}],"replies":[{"embeddable":true,"href":"https:\/\/arantv.az\/index.php?rest_route=%2Fwp%2Fv2%2Fcomments&post=18235"}],"version-history":[{"count":0,"href":"https:\/\/arantv.az\/index.php?rest_route=\/wp\/v2\/posts\/18235\/revisions"}],"wp:featuredmedia":[{"embeddable":true,"href":"https:\/\/arantv.az\/index.php?rest_route=\/wp\/v2\/media\/18236"}],"wp:attachment":[{"href":"https:\/\/arantv.az\/index.php?rest_route=%2Fwp%2Fv2%2Fmedia&parent=18235"}],"wp:term":[{"taxonomy":"category","embeddable":true,"href":"https:\/\/arantv.az\/index.php?rest_route=%2Fwp%2Fv2%2Fcategories&post=18235"},{"taxonomy":"post_tag","embeddable":true,"href":"https:\/\/arantv.az\/index.php?rest_route=%2Fwp%2Fv2%2Ftags&post=18235"}],"curies":[{"name":"wp","href":"https:\/\/api.w.org\/{rel}","templated":true}]}}