{"id":18243,"date":"2018-10-11T09:49:05","date_gmt":"2018-10-11T06:49:05","guid":{"rendered":"http:\/\/arantv.az\/?p=18243"},"modified":"2018-10-11T09:49:05","modified_gmt":"2018-10-11T06:49:05","slug":"bakida-23-yasli-oglan-agir-q%c9%99za-tor%c9%99tdi-ol%c9%99n-var","status":"publish","type":"post","link":"https:\/\/arantv.az\/?p=18243","title":{"rendered":"Bak\u0131da 23 ya\u015fl\u0131 o\u011flan a\u011f\u0131r q\u0259za t\u00f6r\u0259tdi: \u00d6L\u018fN VAR"},"content":{"rendered":"<p><strong>Bak\u0131da \u00f6l\u00fcml\u0259 n\u0259tic\u0259l\u0259n\u0259n yol-n\u0259qliyyat hadis\u0259si ba\u015f verib.<\/strong><\/p>\n<p><b>ARANTV.AZ\u00a0<\/b>x\u0259b\u0259r verir ki, Nizami rayonu Qara Qarayev prospektind\u0259 1995-ci il t\u0259v\u0259ll\u00fcdl\u00fc Diniyev Elm\u0259ddin Ramiz o\u011flu idar\u0259 etdiyi \u201cMercedes\u201d markal\u0131 avtomobill\u0259 yola \u00e7\u0131xan 60-65 ya\u015fl\u0131 ki\u015fini vurub. A\u011f\u0131r x\u0259sar\u0259t alan piyada x\u0259st\u0259xanaya \u00e7atd\u0131r\u0131lsa da, orada ke\u00e7inib.<\/p>\n<div id=\"AdributorNativeVideo0\" class=\"AdributorNativeVideo\"><\/div>\n<p>Faktla ba\u011fl\u0131 Nizami rayon Polis \u0130dar\u0259sind\u0259 cinay\u0259t i\u015fi a\u00e7\u0131l\u0131b. \u00d6l\u0259n \u015f\u0259xsin kimliyi d\u0259qiql\u0259\u015fdirilir.publika.az<\/p>\n","protected":false},"excerpt":{"rendered":"<p>Bak\u0131da \u00f6l\u00fcml\u0259 n\u0259tic\u0259l\u0259n\u0259n yol-n\u0259qliyyat hadis\u0259si ba\u015f verib. ARANTV.AZ\u00a0x\u0259b\u0259r verir ki, Nizami rayonu Qara Qarayev prospektind\u0259 1995-ci il t\u0259v\u0259ll\u00fcdl\u00fc Diniyev Elm\u0259ddin Ramiz o\u011flu idar\u0259 etdiyi \u201cMercedes\u201d markal\u0131 avtomobill\u0259 yola \u00e7\u0131xan 60-65 ya\u015fl\u0131 ki\u015fini vurub. A\u011f\u0131r x\u0259sar\u0259t alan piyada x\u0259st\u0259xanaya \u00e7atd\u0131r\u0131lsa da, orada ke\u00e7inib. Faktla ba\u011fl\u0131 Nizami rayon Polis \u0130dar\u0259sind\u0259 cinay\u0259t i\u015fi a\u00e7\u0131l\u0131b. \u00d6l\u0259n \u015f\u0259xsin kimliyi d\u0259qiql\u0259\u015fdirilir.publika.az<\/p>\n","protected":false},"author":2,"featured_media":18244,"comment_status":"closed","ping_status":"closed","sticky":false,"template":"","format":"standard","meta":{"om_disable_all_campaigns":false,"_monsterinsights_skip_tracking":false,"_monsterinsights_sitenote_active":false,"_monsterinsights_sitenote_note":"","_monsterinsights_sitenote_category":0},"categories":[5],"tags":[],"aioseo_notices":[],"gutentor_comment":0,"rttpg_featured_image_url":{"full":["https:\/\/arantv.az\/wp-content\/uploads\/2018\/10\/tecili-yardim.jpg",800,450,false],"landscape":["https:\/\/arantv.az\/wp-content\/uploads\/2018\/10\/tecili-yardim.jpg",800,450,false],"portraits":["https:\/\/arantv.az\/wp-content\/uploads\/2018\/10\/tecili-yardim.jpg",800,450,false],"thumbnail":["https:\/\/arantv.az\/wp-content\/uploads\/2018\/10\/tecili-yardim-150x150.jpg",150,150,true],"medium":["https:\/\/arantv.az\/wp-content\/uploads\/2018\/10\/tecili-yardim-300x169.jpg",300,169,true],"large":["https:\/\/arantv.az\/wp-content\/uploads\/2018\/10\/tecili-yardim.jpg",640,360,false],"1536x1536":["https:\/\/arantv.az\/wp-content\/uploads\/2018\/10\/tecili-yardim.jpg",800,450,false],"2048x2048":["https:\/\/arantv.az\/wp-content\/uploads\/2018\/10\/tecili-yardim.jpg",800,450,false],"post-thumbnail":["https:\/\/arantv.az\/wp-content\/uploads\/2018\/10\/tecili-yardim-240x172.jpg",240,172,true],"advps-thumb-one":["https:\/\/arantv.az\/wp-content\/uploads\/2018\/10\/tecili-yardim.jpg",800,450,false]},"rttpg_author":{"display_name":"V\u00fcsal Rafiqo\u011flu","author_link":"https:\/\/arantv.az\/?author=2"},"rttpg_comment":0,"rttpg_category":"<a href=\"https:\/\/arantv.az\/?cat=5\" rel=\"category\">Hadis\u0259<\/a>","rttpg_excerpt":"Bak\u0131da \u00f6l\u00fcml\u0259 n\u0259tic\u0259l\u0259n\u0259n yol-n\u0259qliyyat hadis\u0259si ba\u015f verib. ARANTV.AZ\u00a0x\u0259b\u0259r verir ki, Nizami rayonu Qara Qarayev prospektind\u0259 1995-ci il t\u0259v\u0259ll\u00fcdl\u00fc Diniyev Elm\u0259ddin Ramiz o\u011flu idar\u0259 etdiyi \u201cMercedes\u201d markal\u0131 avtomobill\u0259 yola \u00e7\u0131xan 60-65 ya\u015fl\u0131 ki\u015fini vurub. A\u011f\u0131r x\u0259sar\u0259t alan piyada x\u0259st\u0259xanaya \u00e7atd\u0131r\u0131lsa da, orada ke\u00e7inib. Faktla ba\u011fl\u0131 Nizami rayon Polis \u0130dar\u0259sind\u0259 cinay\u0259t i\u015fi a\u00e7\u0131l\u0131b. \u00d6l\u0259n \u015f\u0259xsin kimliyi d\u0259qiql\u0259\u015fdirilir.publika.az","_links":{"self":[{"href":"https:\/\/arantv.az\/index.php?rest_route=\/wp\/v2\/posts\/18243"}],"collection":[{"href":"https:\/\/arantv.az\/index.php?rest_route=\/wp\/v2\/posts"}],"about":[{"href":"https:\/\/arantv.az\/index.php?rest_route=\/wp\/v2\/types\/post"}],"author":[{"embeddable":true,"href":"https:\/\/arantv.az\/index.php?rest_route=\/wp\/v2\/users\/2"}],"replies":[{"embeddable":true,"href":"https:\/\/arantv.az\/index.php?rest_route=%2Fwp%2Fv2%2Fcomments&post=18243"}],"version-history":[{"count":0,"href":"https:\/\/arantv.az\/index.php?rest_route=\/wp\/v2\/posts\/18243\/revisions"}],"wp:featuredmedia":[{"embeddable":true,"href":"https:\/\/arantv.az\/index.php?rest_route=\/wp\/v2\/media\/18244"}],"wp:attachment":[{"href":"https:\/\/arantv.az\/index.php?rest_route=%2Fwp%2Fv2%2Fmedia&parent=18243"}],"wp:term":[{"taxonomy":"category","embeddable":true,"href":"https:\/\/arantv.az\/index.php?rest_route=%2Fwp%2Fv2%2Fcategories&post=18243"},{"taxonomy":"post_tag","embeddable":true,"href":"https:\/\/arantv.az\/index.php?rest_route=%2Fwp%2Fv2%2Ftags&post=18243"}],"curies":[{"name":"wp","href":"https:\/\/api.w.org\/{rel}","templated":true}]}}