{"id":18259,"date":"2018-10-11T10:04:41","date_gmt":"2018-10-11T07:04:41","guid":{"rendered":"http:\/\/arantv.az\/?p=18259"},"modified":"2018-10-11T10:04:41","modified_gmt":"2018-10-11T07:04:41","slug":"qizilagacda-polisl%c9%99ri-tuf%c9%99ngl%c9%99-h%c9%99d%c9%99l%c9%99y%c9%99n-s%c9%99xsl%c9%99r-tutuldu","status":"publish","type":"post","link":"https:\/\/arantv.az\/?p=18259","title":{"rendered":"Q\u0131z\u0131la\u011facda polisl\u0259ri t\u00fcf\u0259ngl\u0259 h\u0259d\u0259l\u0259y\u0259n \u015f\u0259xsl\u0259r tutuldu"},"content":{"rendered":"<p><strong>L\u0259nk\u0259ran rayonunda yerl\u0259\u015f\u0259n Q\u0131z\u0131la\u011fac qoru\u011funda qanunsuz ov ed\u0259n Masall\u0131 rayon sakinl\u0259ri 28 ya\u015f\u0131 Elmir C\u0259f\u0259rov v\u0259 31 ya\u015fl\u0131 Maqsud M\u0259cidov \u0259razid\u0259 xidm\u0259t aparan polis \u0259m\u0259kda\u015flar\u0131na tabesizlik g\u00f6st\u0259r\u0259r\u0259k onlara ov t\u00fcf\u0259ngi il\u0259 h\u0259d\u0259-qorxu g\u0259libl\u0259r.<\/strong><\/p>\n<p><strong>ARANTV.AZ<\/strong>-\u0131n x\u0259b\u0259rin\u0259 g\u00f6r\u0259, g\u00f6r\u00fcl\u0259n t\u0259dbirl\u0259r n\u0259tic\u0259sind\u0259 h\u0259min \u015f\u0259xsl\u0259r saxlan\u0131l\u0131blar.<\/p>\n<p>Onlardan 2 \u0259d\u0259d ov t\u00fcf\u0259ngi, 50-y\u0259 yax\u0131n patron v\u0259 qanunsuz olaraq ovlad\u0131qlar\u0131 \u00e7\u00f6l qu\u015flar\u0131 a\u015fkarlan\u0131b.<\/p>\n<p>Faktla ba\u011fl\u0131 L\u0259nk\u0259ran Rayon Prokurorlu\u011funda ara\u015fd\u0131rma apar\u0131l\u0131r.report<\/p>\n","protected":false},"excerpt":{"rendered":"<p>L\u0259nk\u0259ran rayonunda yerl\u0259\u015f\u0259n Q\u0131z\u0131la\u011fac qoru\u011funda qanunsuz ov ed\u0259n Masall\u0131 rayon sakinl\u0259ri 28 ya\u015f\u0131 Elmir C\u0259f\u0259rov v\u0259 31 ya\u015fl\u0131 Maqsud M\u0259cidov \u0259razid\u0259 xidm\u0259t aparan polis \u0259m\u0259kda\u015flar\u0131na tabesizlik g\u00f6st\u0259r\u0259r\u0259k onlara ov t\u00fcf\u0259ngi il\u0259 h\u0259d\u0259-qorxu g\u0259libl\u0259r. ARANTV.AZ-\u0131n x\u0259b\u0259rin\u0259 g\u00f6r\u0259, g\u00f6r\u00fcl\u0259n t\u0259dbirl\u0259r n\u0259tic\u0259sind\u0259 h\u0259min \u015f\u0259xsl\u0259r saxlan\u0131l\u0131blar. Onlardan 2 \u0259d\u0259d ov t\u00fcf\u0259ngi, 50-y\u0259 yax\u0131n patron v\u0259 qanunsuz olaraq ovlad\u0131qlar\u0131 \u00e7\u00f6l qu\u015flar\u0131 a\u015fkarlan\u0131b. Faktla ba\u011fl\u0131 L\u0259nk\u0259ran Rayon Prokurorlu\u011funda ara\u015fd\u0131rma apar\u0131l\u0131r.report<\/p>\n","protected":false},"author":2,"featured_media":18260,"comment_status":"closed","ping_status":"closed","sticky":false,"template":"","format":"standard","meta":{"om_disable_all_campaigns":false,"_monsterinsights_skip_tracking":false,"_monsterinsights_sitenote_active":false,"_monsterinsights_sitenote_note":"","_monsterinsights_sitenote_category":0},"categories":[5],"tags":[],"aioseo_notices":[],"gutentor_comment":0,"rttpg_featured_image_url":{"full":["https:\/\/arantv.az\/wp-content\/uploads\/2018\/10\/ov.jpg",600,449,false],"landscape":["https:\/\/arantv.az\/wp-content\/uploads\/2018\/10\/ov.jpg",600,449,false],"portraits":["https:\/\/arantv.az\/wp-content\/uploads\/2018\/10\/ov.jpg",600,449,false],"thumbnail":["https:\/\/arantv.az\/wp-content\/uploads\/2018\/10\/ov-150x150.jpg",150,150,true],"medium":["https:\/\/arantv.az\/wp-content\/uploads\/2018\/10\/ov-300x225.jpg",300,225,true],"large":["https:\/\/arantv.az\/wp-content\/uploads\/2018\/10\/ov.jpg",600,449,false],"1536x1536":["https:\/\/arantv.az\/wp-content\/uploads\/2018\/10\/ov.jpg",600,449,false],"2048x2048":["https:\/\/arantv.az\/wp-content\/uploads\/2018\/10\/ov.jpg",600,449,false],"post-thumbnail":["https:\/\/arantv.az\/wp-content\/uploads\/2018\/10\/ov-240x172.jpg",240,172,true],"advps-thumb-one":["https:\/\/arantv.az\/wp-content\/uploads\/2018\/10\/ov.jpg",600,449,false]},"rttpg_author":{"display_name":"V\u00fcsal Rafiqo\u011flu","author_link":"https:\/\/arantv.az\/?author=2"},"rttpg_comment":0,"rttpg_category":"<a href=\"https:\/\/arantv.az\/?cat=5\" rel=\"category\">Hadis\u0259<\/a>","rttpg_excerpt":"L\u0259nk\u0259ran rayonunda yerl\u0259\u015f\u0259n Q\u0131z\u0131la\u011fac qoru\u011funda qanunsuz ov ed\u0259n Masall\u0131 rayon sakinl\u0259ri 28 ya\u015f\u0131 Elmir C\u0259f\u0259rov v\u0259 31 ya\u015fl\u0131 Maqsud M\u0259cidov \u0259razid\u0259 xidm\u0259t aparan polis \u0259m\u0259kda\u015flar\u0131na tabesizlik g\u00f6st\u0259r\u0259r\u0259k onlara ov t\u00fcf\u0259ngi il\u0259 h\u0259d\u0259-qorxu g\u0259libl\u0259r. ARANTV.AZ-\u0131n x\u0259b\u0259rin\u0259 g\u00f6r\u0259, g\u00f6r\u00fcl\u0259n t\u0259dbirl\u0259r n\u0259tic\u0259sind\u0259 h\u0259min \u015f\u0259xsl\u0259r saxlan\u0131l\u0131blar. Onlardan 2 \u0259d\u0259d ov t\u00fcf\u0259ngi, 50-y\u0259 yax\u0131n patron v\u0259 qanunsuz olaraq ovlad\u0131qlar\u0131 \u00e7\u00f6l&hellip;","_links":{"self":[{"href":"https:\/\/arantv.az\/index.php?rest_route=\/wp\/v2\/posts\/18259"}],"collection":[{"href":"https:\/\/arantv.az\/index.php?rest_route=\/wp\/v2\/posts"}],"about":[{"href":"https:\/\/arantv.az\/index.php?rest_route=\/wp\/v2\/types\/post"}],"author":[{"embeddable":true,"href":"https:\/\/arantv.az\/index.php?rest_route=\/wp\/v2\/users\/2"}],"replies":[{"embeddable":true,"href":"https:\/\/arantv.az\/index.php?rest_route=%2Fwp%2Fv2%2Fcomments&post=18259"}],"version-history":[{"count":0,"href":"https:\/\/arantv.az\/index.php?rest_route=\/wp\/v2\/posts\/18259\/revisions"}],"wp:featuredmedia":[{"embeddable":true,"href":"https:\/\/arantv.az\/index.php?rest_route=\/wp\/v2\/media\/18260"}],"wp:attachment":[{"href":"https:\/\/arantv.az\/index.php?rest_route=%2Fwp%2Fv2%2Fmedia&parent=18259"}],"wp:term":[{"taxonomy":"category","embeddable":true,"href":"https:\/\/arantv.az\/index.php?rest_route=%2Fwp%2Fv2%2Fcategories&post=18259"},{"taxonomy":"post_tag","embeddable":true,"href":"https:\/\/arantv.az\/index.php?rest_route=%2Fwp%2Fv2%2Ftags&post=18259"}],"curies":[{"name":"wp","href":"https:\/\/api.w.org\/{rel}","templated":true}]}}