{"id":18279,"date":"2018-10-11T10:27:31","date_gmt":"2018-10-11T07:27:31","guid":{"rendered":"http:\/\/arantv.az\/?p=18279"},"modified":"2018-10-11T10:27:31","modified_gmt":"2018-10-11T07:27:31","slug":"bu-il-rekord-sayda-41-min-abituriyent-t%c9%99l%c9%99b%c9%99-adini-qazanib","status":"publish","type":"post","link":"https:\/\/arantv.az\/?p=18279","title":{"rendered":"Bu il rekord sayda &#8211; 41 min abituriyent t\u0259l\u0259b\u0259 ad\u0131n\u0131 qazan\u0131b"},"content":{"rendered":"<p><strong>Bu g\u00fcn Bak\u0131da 12-ci Az\u0259rbaycan Beyn\u0259lxalq T\u0259hsil S\u0259rgisi i\u015fin\u0259 ba\u015flay\u0131b.<\/strong><\/p>\n<p><strong>ARANTV.AZ<\/strong> trend-\u0259 istinad\u0259n bildirir ki,\u00a0a\u00e7\u0131l\u0131\u015f m\u0259rasimind\u0259 \u00e7\u0131x\u0131\u015f ed\u0259n t\u0259hsil naziri Ceyhun Bayramov bildirib ki, &#8220;U\u015faqlar\u0131n g\u0259l\u0259c\u0259yin\u0259 s\u0259rmay\u0259&#8221; devizi alt\u0131nda t\u0259\u015fkil edil\u0259n s\u0259rgi d\u00fcnyan\u0131n 12 \u00f6lk\u0259sind\u0259n 130-dan \u00e7ox i\u015ftirak\u00e7\u0131n\u0131 bir araya g\u0259tirib.<\/p>\n<p>T\u0259hsil Nazirliyinin son ill\u0259rd\u0259 t\u0259hsilin inki\u015faf\u0131 sah\u0259sind\u0259 h\u0259yata ke\u00e7irdiyi islahatlar\u0131n ayr\u0131-ayr\u0131 pavilyonlarda \u0259ksini tapd\u0131\u011f\u0131n\u0131 vur\u011fulayan nazir s\u0259rginin ziyar\u0259t\u00e7il\u0259r \u00fc\u00e7\u00fcn faydal\u0131 olaca\u011f\u0131n\u0131 deyib.<\/p>\n<p>C.Bayramov qeyd edib ki, \u00f6lk\u0259 ba\u015f\u00e7\u0131s\u0131 \u0130lham \u018fliyev t\u0259r\u0259find\u0259n t\u0259sdiq edilmi\u015f &#8220;Az\u0259rbaycan Respublikas\u0131nda t\u0259hsilin inki\u015faf\u0131 \u00fczr\u0259 D\u00f6vl\u0259t Strategiyas\u0131&#8221;n\u0131n imzalanmas\u0131ndan \u00f6t\u0259n 5 il \u0259rzind\u0259 t\u0259hsilin m\u00fcxt\u0259lif pill\u0259l\u0259rini \u0259hat\u0259 ed\u0259n istiqam\u0259tl\u0259r \u00fczr\u0259 m\u00fch\u00fcm d\u00f6vl\u0259t s\u0259n\u0259dl\u0259ri q\u0259bul edilib v\u0259 layih\u0259l\u0259r h\u0259yata ke\u00e7irilib.<\/p>\n<p>S\u0259rgid\u0259 \u00f6lk\u0259nin bir s\u0131ra apar\u0131c\u0131 ali t\u0259hsil m\u00fc\u0259ssis\u0259l\u0259rinin d\u0259 i\u015ftirak etdiyini bildir\u0259n t\u0259hsil naziri diqq\u0259t\u0259 \u00e7atd\u0131r\u0131b ki, son d\u00f6vrl\u0259rd\u0259 ali t\u0259hsilin \u0259hat\u0259lilik s\u0259viyy\u0259si \u0259h\u0259miyy\u0259tli \u015f\u0259kild\u0259 art\u0131b:<\/p>\n<p>&#8220;Bel\u0259 ki, 2018-2019-cu t\u0259dris ili \u00fczr\u0259 q\u0259bul imtahanlar\u0131n\u0131n n\u0259tic\u0259l\u0259rin\u0259 \u0259sas\u0259n, \u0259vv\u0259lki ill\u0259rl\u0259 m\u00fcqayis\u0259d\u0259 rekord sayda &#8211; 41 min abituriyent t\u0259l\u0259b\u0259 ad\u0131n\u0131 qazan\u0131b, 500 v\u0259 daha art\u0131q bal toplayan m\u0259zunlar aras\u0131nda 2090 n\u0259f\u0259r m\u00fc\u0259llimlik ixtisas\u0131n\u0131 se\u00e7ib&#8221;.<\/p>\n<p>&#8220;Caspian Event Organisers&#8221; \u015firk\u0259tinin region \u00fczr\u0259 direktoru Edvard Stroun art\u0131q \u0259n\u0259n\u0259vi olaraq h\u0259r il ke\u00e7iril\u0259n s\u0259rginin maraqla qar\u015f\u0131land\u0131\u011f\u0131n\u0131, ziyar\u0259t\u00e7il\u0259r\u0259 t\u0259hsil m\u00fc\u0259ssis\u0259si se\u00e7m\u0259kd\u0259 geni\u015f imkan yaratd\u0131\u011f\u0131n\u0131 deyib.<\/p>\n","protected":false},"excerpt":{"rendered":"<p>Bu g\u00fcn Bak\u0131da 12-ci Az\u0259rbaycan Beyn\u0259lxalq T\u0259hsil S\u0259rgisi i\u015fin\u0259 ba\u015flay\u0131b. ARANTV.AZ trend-\u0259 istinad\u0259n bildirir ki,\u00a0a\u00e7\u0131l\u0131\u015f m\u0259rasimind\u0259 \u00e7\u0131x\u0131\u015f ed\u0259n t\u0259hsil naziri Ceyhun Bayramov bildirib ki, &#8220;U\u015faqlar\u0131n g\u0259l\u0259c\u0259yin\u0259 s\u0259rmay\u0259&#8221; devizi alt\u0131nda t\u0259\u015fkil edil\u0259n s\u0259rgi d\u00fcnyan\u0131n 12 \u00f6lk\u0259sind\u0259n 130-dan \u00e7ox i\u015ftirak\u00e7\u0131n\u0131 bir araya g\u0259tirib. T\u0259hsil Nazirliyinin son ill\u0259rd\u0259 t\u0259hsilin inki\u015faf\u0131 sah\u0259sind\u0259 h\u0259yata ke\u00e7irdiyi islahatlar\u0131n ayr\u0131-ayr\u0131 pavilyonlarda \u0259ksini tapd\u0131\u011f\u0131n\u0131 vur\u011fulayan nazir s\u0259rginin ziyar\u0259t\u00e7il\u0259r \u00fc\u00e7\u00fcn faydal\u0131 olaca\u011f\u0131n\u0131 deyib. C.Bayramov qeyd edib ki, \u00f6lk\u0259 ba\u015f\u00e7\u0131s\u0131 \u0130lham \u018fliyev t\u0259r\u0259find\u0259n t\u0259sdiq edilmi\u015f &#8220;Az\u0259rbaycan Respublikas\u0131nda t\u0259hsilin inki\u015faf\u0131 \u00fczr\u0259 D\u00f6vl\u0259t Strategiyas\u0131&#8221;n\u0131n imzalanmas\u0131ndan \u00f6t\u0259n 5 il \u0259rzind\u0259 t\u0259hsilin m\u00fcxt\u0259lif pill\u0259l\u0259rini \u0259hat\u0259&hellip;<\/p>\n","protected":false},"author":2,"featured_media":18280,"comment_status":"closed","ping_status":"closed","sticky":false,"template":"","format":"standard","meta":{"om_disable_all_campaigns":false,"_monsterinsights_skip_tracking":false,"_monsterinsights_sitenote_active":false,"_monsterinsights_sitenote_note":"","_monsterinsights_sitenote_category":0},"categories":[1],"tags":[],"aioseo_notices":[],"gutentor_comment":0,"rttpg_featured_image_url":{"full":["https:\/\/arantv.az\/wp-content\/uploads\/2018\/10\/telebe_0001.jpg",482,361,false],"landscape":["https:\/\/arantv.az\/wp-content\/uploads\/2018\/10\/telebe_0001.jpg",482,361,false],"portraits":["https:\/\/arantv.az\/wp-content\/uploads\/2018\/10\/telebe_0001.jpg",482,361,false],"thumbnail":["https:\/\/arantv.az\/wp-content\/uploads\/2018\/10\/telebe_0001-150x150.jpg",150,150,true],"medium":["https:\/\/arantv.az\/wp-content\/uploads\/2018\/10\/telebe_0001-300x225.jpg",300,225,true],"large":["https:\/\/arantv.az\/wp-content\/uploads\/2018\/10\/telebe_0001.jpg",482,361,false],"1536x1536":["https:\/\/arantv.az\/wp-content\/uploads\/2018\/10\/telebe_0001.jpg",482,361,false],"2048x2048":["https:\/\/arantv.az\/wp-content\/uploads\/2018\/10\/telebe_0001.jpg",482,361,false],"post-thumbnail":["https:\/\/arantv.az\/wp-content\/uploads\/2018\/10\/telebe_0001-240x172.jpg",240,172,true],"advps-thumb-one":["https:\/\/arantv.az\/wp-content\/uploads\/2018\/10\/telebe_0001.jpg",482,361,false]},"rttpg_author":{"display_name":"V\u00fcsal Rafiqo\u011flu","author_link":"https:\/\/arantv.az\/?author=2"},"rttpg_comment":0,"rttpg_category":"<a href=\"https:\/\/arantv.az\/?cat=1\" rel=\"category\">C\u0259miyy\u0259t<\/a>","rttpg_excerpt":"Bu g\u00fcn Bak\u0131da 12-ci Az\u0259rbaycan Beyn\u0259lxalq T\u0259hsil S\u0259rgisi i\u015fin\u0259 ba\u015flay\u0131b. ARANTV.AZ trend-\u0259 istinad\u0259n bildirir ki,\u00a0a\u00e7\u0131l\u0131\u015f m\u0259rasimind\u0259 \u00e7\u0131x\u0131\u015f ed\u0259n t\u0259hsil naziri Ceyhun Bayramov bildirib ki, &#8220;U\u015faqlar\u0131n g\u0259l\u0259c\u0259yin\u0259 s\u0259rmay\u0259&#8221; devizi alt\u0131nda t\u0259\u015fkil edil\u0259n s\u0259rgi d\u00fcnyan\u0131n 12 \u00f6lk\u0259sind\u0259n 130-dan \u00e7ox i\u015ftirak\u00e7\u0131n\u0131 bir araya g\u0259tirib. T\u0259hsil Nazirliyinin son ill\u0259rd\u0259 t\u0259hsilin inki\u015faf\u0131 sah\u0259sind\u0259 h\u0259yata ke\u00e7irdiyi islahatlar\u0131n ayr\u0131-ayr\u0131 pavilyonlarda \u0259ksini tapd\u0131\u011f\u0131n\u0131&hellip;","_links":{"self":[{"href":"https:\/\/arantv.az\/index.php?rest_route=\/wp\/v2\/posts\/18279"}],"collection":[{"href":"https:\/\/arantv.az\/index.php?rest_route=\/wp\/v2\/posts"}],"about":[{"href":"https:\/\/arantv.az\/index.php?rest_route=\/wp\/v2\/types\/post"}],"author":[{"embeddable":true,"href":"https:\/\/arantv.az\/index.php?rest_route=\/wp\/v2\/users\/2"}],"replies":[{"embeddable":true,"href":"https:\/\/arantv.az\/index.php?rest_route=%2Fwp%2Fv2%2Fcomments&post=18279"}],"version-history":[{"count":0,"href":"https:\/\/arantv.az\/index.php?rest_route=\/wp\/v2\/posts\/18279\/revisions"}],"wp:featuredmedia":[{"embeddable":true,"href":"https:\/\/arantv.az\/index.php?rest_route=\/wp\/v2\/media\/18280"}],"wp:attachment":[{"href":"https:\/\/arantv.az\/index.php?rest_route=%2Fwp%2Fv2%2Fmedia&parent=18279"}],"wp:term":[{"taxonomy":"category","embeddable":true,"href":"https:\/\/arantv.az\/index.php?rest_route=%2Fwp%2Fv2%2Fcategories&post=18279"},{"taxonomy":"post_tag","embeddable":true,"href":"https:\/\/arantv.az\/index.php?rest_route=%2Fwp%2Fv2%2Ftags&post=18279"}],"curies":[{"name":"wp","href":"https:\/\/api.w.org\/{rel}","templated":true}]}}