{"id":18286,"date":"2018-10-11T10:32:13","date_gmt":"2018-10-11T07:32:13","guid":{"rendered":"http:\/\/arantv.az\/?p=18286"},"modified":"2018-10-11T10:32:13","modified_gmt":"2018-10-11T07:32:13","slug":"az%c9%99rbaycana-qeyri-adi-qurgu-g%c9%99tirildi-foto","status":"publish","type":"post","link":"https:\/\/arantv.az\/?p=18286","title":{"rendered":"Az\u0259rbaycana qeyri-adi qur\u011fu g\u0259tirildi &#8211; FOTO"},"content":{"rendered":"<p>T\u00fcrkiy\u0259nin Van b\u00f6lg\u0259sind\u0259 dolunun qar\u015f\u0131s\u0131n\u0131 almaq \u00fc\u00e7\u00fcn qeyri-adi cihaz haz\u0131rlan\u0131b.<\/p>\n<p><b>ARANTV.AZ <\/b>oxu.az-a istinad\u0259n x\u0259b\u0259r verir ki, \u201cDolusavar\u201d ad\u0131 veril\u0259n cihaz \u0130\u015f T\u0259kmill\u0259\u015fdirm\u0259 M\u0259rk\u0259zi (\u0130\u015eGEM) t\u0259r\u0259find\u0259n istehsal edilib.<\/p>\n<p>Cihaz Van Y\u00fcz\u00fcnc\u00fc \u0130l Universitetind\u0259 u\u011furla testd\u0259n ke\u00e7irilib.<\/p>\n<p>Bununla ba\u011fl\u0131 a\u00e7\u0131qlama ver\u0259n m\u0259rk\u0259zin idar\u0259 hey\u0259tinin s\u0259dri Mahmut Gedik deyib ki, qur\u011fu min hektarl\u0131q \u0259razid\u0259 v\u0259 12 kilometr h\u00fcnd\u00fcrl\u00fckd\u0259 suyun kristalla\u015fmas\u0131n\u0131n qar\u015f\u0131s\u0131n\u0131 al\u0131r.<\/p>\n<p>O \u0259lav\u0259 edib ki, cihaz\u0131n ilk ixrac edildiyi \u00f6lk\u0259 Az\u0259rbaycan olub.<\/p>\n<p><img src=\"https:\/\/image.yenisafak.com\/resim\/imagecrop\/2018\/10\/10\/02\/23\/resized_e46ba-11f48a73a512752_09.jpg\" alt=\"Yakla\u00c5\u009f\u00c4\u00b1k 2 y\u00c4\u00b1ld\u00c4\u00b1r ithal edilen makine T\u00c3\u00bcrkiye\u00e2\u0080\u0099de \u00c3\u00bcretilerek Azerbaycan\u00e2\u0080\u0099a ihra\u00c3\u00a7 edildi.\" \/><\/p>\n<p><img src=\"https:\/\/image.piri.net\/resim\/imagecrop\/2018\/10\/10\/02\/18\/resized_8475b-558fca12a512752_11.jpg\" \/><\/p>\n<p><img src=\"https:\/\/image.piri.net\/resim\/imagecrop\/2018\/10\/10\/02\/20\/resized_da0ff-7ee37b79a512752_02.jpg\" \/><\/p>\n<p><img src=\"https:\/\/image.piri.net\/resim\/imagecrop\/2018\/10\/10\/02\/20\/resized_8c593-2a4e73dda512752_05.jpg\" \/><img src=\"http:\/\/fotograf.gazetevatan.com\/vatanmediafile\/HaberIciResim\/2018\/10\/09\/--3770806.Jpeg\" \/><img src=\"http:\/\/www.haber2e.com\/images\/haberler\/vanda_dolu_onleme_makinesi_uretildi_h46391.jpg\" alt=\"Van'da dolu \u00c3\u00b6nleme makinesi \u00c3\u00bcretildi\" \/><\/p>\n<p><img src=\"http:\/\/fotograf.gazetevatan.com\/vatanmediafile\/HaberIciResim\/2018\/10\/09\/--3770807.Jpeg\" \/><\/p>\n","protected":false},"excerpt":{"rendered":"<p>T\u00fcrkiy\u0259nin Van b\u00f6lg\u0259sind\u0259 dolunun qar\u015f\u0131s\u0131n\u0131 almaq \u00fc\u00e7\u00fcn qeyri-adi cihaz haz\u0131rlan\u0131b. ARANTV.AZ oxu.az-a istinad\u0259n x\u0259b\u0259r verir ki, \u201cDolusavar\u201d ad\u0131 veril\u0259n cihaz \u0130\u015f T\u0259kmill\u0259\u015fdirm\u0259 M\u0259rk\u0259zi (\u0130\u015eGEM) t\u0259r\u0259find\u0259n istehsal edilib. Cihaz Van Y\u00fcz\u00fcnc\u00fc \u0130l Universitetind\u0259 u\u011furla testd\u0259n ke\u00e7irilib. Bununla ba\u011fl\u0131 a\u00e7\u0131qlama ver\u0259n m\u0259rk\u0259zin idar\u0259 hey\u0259tinin s\u0259dri Mahmut Gedik deyib ki, qur\u011fu min hektarl\u0131q \u0259razid\u0259 v\u0259 12 kilometr h\u00fcnd\u00fcrl\u00fckd\u0259 suyun kristalla\u015fmas\u0131n\u0131n qar\u015f\u0131s\u0131n\u0131 al\u0131r. O \u0259lav\u0259 edib ki, cihaz\u0131n ilk ixrac edildiyi \u00f6lk\u0259 Az\u0259rbaycan olub.<\/p>\n","protected":false},"author":2,"featured_media":18287,"comment_status":"closed","ping_status":"closed","sticky":false,"template":"","format":"standard","meta":{"om_disable_all_campaigns":false,"_monsterinsights_skip_tracking":false,"_monsterinsights_sitenote_active":false,"_monsterinsights_sitenote_note":"","_monsterinsights_sitenote_category":0},"categories":[1],"tags":[],"aioseo_notices":[],"gutentor_comment":0,"rttpg_featured_image_url":{"full":["https:\/\/arantv.az\/wp-content\/uploads\/2018\/10\/qur\u00c4_u.jpg",620,413,false],"landscape":["https:\/\/arantv.az\/wp-content\/uploads\/2018\/10\/qur\u00c4_u.jpg",620,413,false],"portraits":["https:\/\/arantv.az\/wp-content\/uploads\/2018\/10\/qur\u00c4_u.jpg",620,413,false],"thumbnail":["https:\/\/arantv.az\/wp-content\/uploads\/2018\/10\/qur\u00c4_u-150x150.jpg",150,150,true],"medium":["https:\/\/arantv.az\/wp-content\/uploads\/2018\/10\/qur\u00c4_u-300x200.jpg",300,200,true],"large":["https:\/\/arantv.az\/wp-content\/uploads\/2018\/10\/qur\u00c4_u.jpg",620,413,false],"1536x1536":["https:\/\/arantv.az\/wp-content\/uploads\/2018\/10\/qur\u00c4_u.jpg",620,413,false],"2048x2048":["https:\/\/arantv.az\/wp-content\/uploads\/2018\/10\/qur\u00c4_u.jpg",620,413,false],"post-thumbnail":["https:\/\/arantv.az\/wp-content\/uploads\/2018\/10\/qur\u00c4_u-240x172.jpg",240,172,true],"advps-thumb-one":["https:\/\/arantv.az\/wp-content\/uploads\/2018\/10\/qur\u00c4_u.jpg",620,413,false]},"rttpg_author":{"display_name":"V\u00fcsal Rafiqo\u011flu","author_link":"https:\/\/arantv.az\/?author=2"},"rttpg_comment":0,"rttpg_category":"<a href=\"https:\/\/arantv.az\/?cat=1\" rel=\"category\">C\u0259miyy\u0259t<\/a>","rttpg_excerpt":"T\u00fcrkiy\u0259nin Van b\u00f6lg\u0259sind\u0259 dolunun qar\u015f\u0131s\u0131n\u0131 almaq \u00fc\u00e7\u00fcn qeyri-adi cihaz haz\u0131rlan\u0131b. ARANTV.AZ oxu.az-a istinad\u0259n x\u0259b\u0259r verir ki, \u201cDolusavar\u201d ad\u0131 veril\u0259n cihaz \u0130\u015f T\u0259kmill\u0259\u015fdirm\u0259 M\u0259rk\u0259zi (\u0130\u015eGEM) t\u0259r\u0259find\u0259n istehsal edilib. Cihaz Van Y\u00fcz\u00fcnc\u00fc \u0130l Universitetind\u0259 u\u011furla testd\u0259n ke\u00e7irilib. Bununla ba\u011fl\u0131 a\u00e7\u0131qlama ver\u0259n m\u0259rk\u0259zin idar\u0259 hey\u0259tinin s\u0259dri Mahmut Gedik deyib ki, qur\u011fu min hektarl\u0131q \u0259razid\u0259 v\u0259 12 kilometr h\u00fcnd\u00fcrl\u00fckd\u0259&hellip;","_links":{"self":[{"href":"https:\/\/arantv.az\/index.php?rest_route=\/wp\/v2\/posts\/18286"}],"collection":[{"href":"https:\/\/arantv.az\/index.php?rest_route=\/wp\/v2\/posts"}],"about":[{"href":"https:\/\/arantv.az\/index.php?rest_route=\/wp\/v2\/types\/post"}],"author":[{"embeddable":true,"href":"https:\/\/arantv.az\/index.php?rest_route=\/wp\/v2\/users\/2"}],"replies":[{"embeddable":true,"href":"https:\/\/arantv.az\/index.php?rest_route=%2Fwp%2Fv2%2Fcomments&post=18286"}],"version-history":[{"count":0,"href":"https:\/\/arantv.az\/index.php?rest_route=\/wp\/v2\/posts\/18286\/revisions"}],"wp:featuredmedia":[{"embeddable":true,"href":"https:\/\/arantv.az\/index.php?rest_route=\/wp\/v2\/media\/18287"}],"wp:attachment":[{"href":"https:\/\/arantv.az\/index.php?rest_route=%2Fwp%2Fv2%2Fmedia&parent=18286"}],"wp:term":[{"taxonomy":"category","embeddable":true,"href":"https:\/\/arantv.az\/index.php?rest_route=%2Fwp%2Fv2%2Fcategories&post=18286"},{"taxonomy":"post_tag","embeddable":true,"href":"https:\/\/arantv.az\/index.php?rest_route=%2Fwp%2Fv2%2Ftags&post=18286"}],"curies":[{"name":"wp","href":"https:\/\/api.w.org\/{rel}","templated":true}]}}