{"id":18292,"date":"2018-10-11T12:59:09","date_gmt":"2018-10-11T09:59:09","guid":{"rendered":"http:\/\/arantv.az\/?p=18292"},"modified":"2018-10-11T12:59:09","modified_gmt":"2018-10-11T09:59:09","slug":"novruz-m%c9%99mm%c9%99dov-iclas-kecirdi","status":"publish","type":"post","link":"https:\/\/arantv.az\/?p=18292","title":{"rendered":"Novruz M\u0259mm\u0259dov iclas ke\u00e7irdi"},"content":{"rendered":"<p>Az\u0259rbaycan Respublikas\u0131n\u0131n prezidenti \u0130lham \u018fliyevin s\u0259drliyi il\u0259 ke\u00e7iril\u0259n Nazirl\u0259r Kabinetinin 2018-ci ilin doqquz ay\u0131n\u0131n sosial-iqtisadi inki\u015faf\u0131n\u0131n yekunlar\u0131na v\u0259 qar\u015f\u0131da duran v\u0259zif\u0259l\u0259r\u0259 h\u0259sr olunmu\u015f iclas\u0131nda qald\u0131r\u0131lan m\u0259s\u0259l\u0259l\u0259rl\u0259 \u0259laq\u0259dar ba\u015f nazir Novruz M\u0259mm\u0259dovun yan\u0131nda Nazirl\u0259r Kabineti Aparat\u0131n\u0131n iclas\u0131 olub.<\/p>\n<p><strong>ARANTV.AZ<\/strong> x\u0259b\u0259r verir ki, sosial-iqtisadi sah\u0259d\u0259 \u00f6lk\u0259mizin \u0259ld\u0259 etdiyi u\u011furlu n\u0259tic\u0259l\u0259rd\u0259n, iqtisadi islahatlar\u0131n daha da d\u0259rinl\u0259\u015fdirilm\u0259si istiqam\u0259tind\u0259 apar\u0131lan m\u0259qs\u0259dy\u00f6nl\u00fc i\u015fl\u0259rd\u0259n dan\u0131\u015fan ba\u015f nazir Novruz M\u0259mm\u0259dov vur\u011fulay\u0131b ki, iclasda prezident \u0130lham \u018fliyevin qeyd etdiyi kimi, beyn\u0259lxalq m\u00f6vqel\u0259ri daha da m\u00f6hk\u0259ml\u0259n\u0259n Az\u0259rbaycan regionda sabitliyin, t\u0259hl\u00fck\u0259sizliyin, \u0259m\u0259kda\u015fl\u0131\u011f\u0131n inki\u015faf\u0131na t\u00f6hf\u0259 verir:<\/p>\n<p>\u201cEyni zamanda, \u00f6lk\u0259mizd\u0259 iqtisadiyyat sah\u0259sind\u0259 islahatlar\u0131n d\u0259rinl\u0259\u015fm\u0259si, iqtisadiyyat\u0131n r\u0259qab\u0259tliliyinin art\u0131r\u0131lmas\u0131 \u00fc\u00e7\u00fcn \u00f6n\u0259mli add\u0131mlar at\u0131l\u0131r. X\u00fcsus\u0259n s\u0259naye istehsal\u0131nda, qeyri-neft sektorunda m\u00fch\u00fcm i\u015fl\u0259r g\u00f6r\u00fcl\u00fcr.<\/p>\n<p>\u00d6lk\u0259d\u0259 makroiqtisadi v\u0259ziyy\u0259t sabitdir, investisiya v\u0259 infrastruktur layih\u0259l\u0259ri ard\u0131c\u0131l icra edilir, \u0259halinin azt\u0259minatl\u0131 hiss\u0259sinin, \u015f\u0259hid ail\u0259l\u0259rinin, Qaraba\u011f m\u00fcharib\u0259si \u0259lill\u0259rinin, m\u0259cburi k\u00f6\u00e7k\u00fcnl\u0259rin sosial probleml\u0259ri daim d\u00f6vl\u0259tin diqq\u0259t m\u0259rk\u0259zind\u0259dir. D\u00f6vl\u0259t ba\u015f\u00e7\u0131s\u0131n\u0131n dediyi kimi, bu il C\u0259nub Qaz D\u0259hlizinin, TANAP layih\u0259sinin a\u00e7\u0131l\u0131\u015flar\u0131 b\u00f6y\u00fck nailiyy\u0259tl\u0259rdir.<\/p>\n<p>Bu yax\u0131nlarda \u201cAzerspace-2\u201d peykinin orbit\u0259 \u00e7\u0131xar\u0131lmas\u0131, h\u0259m\u00e7inin Sumqay\u0131tda, Ming\u0259\u00e7evird\u0259, Masall\u0131da S\u0259naye parklar\u0131n\u0131n yarad\u0131lmas\u0131 u\u011furlu i\u015fl\u0259rimizd\u0259ndir. \u0130nfrastruktur layih\u0259l\u0259ri il\u0259 ba\u011fl\u0131 n\u0259z\u0259rd\u0259 tutulan b\u00fct\u00fcn m\u0259s\u0259l\u0259l\u0259r \u00f6z m\u00fcsb\u0259t h\u0259llini tap\u0131r.<\/p>\n<p>K\u0259nd t\u0259s\u0259rr\u00fcfat\u0131n\u0131n inki\u015faf\u0131na, b\u00f6lg\u0259l\u0259rd\u0259 m\u0259\u015f\u011fullu\u011fun art\u0131r\u0131lmas\u0131na d\u00f6vl\u0259t qay\u011f\u0131s\u0131 da \u00f6z y\u00fcks\u0259k s\u0259m\u0259r\u0259sini g\u00f6st\u0259rm\u0259kd\u0259dir. Pamb\u0131q\u00e7\u0131l\u0131q, \u00fcz\u00fcm\u00e7\u00fcl\u00fck, meyv\u0259\u00e7ilik, t\u0259r\u0259v\u0259z\u00e7ilik sah\u0259l\u0259rind\u0259 b\u00f6y\u00fck ir\u0259lil\u0259yi\u015fl\u0259r m\u00fc\u015fahid\u0259 olunur\u201d.<\/p>\n<p>Yekunda sosial-iqtisadi inki\u015faf\u0131n n\u0259tic\u0259l\u0259rin\u0259 dair \u0259trafl\u0131 fikir m\u00fcbadil\u0259si apar\u0131ld\u0131qdan sonra Ba\u015f nazir Novruz M\u0259mm\u0259dov Az\u0259rbaycan Respublikas\u0131n\u0131n prezidenti \u0130lham \u018fliyevin m\u00fc\u015favir\u0259d\u0259 verdiyi tap\u015f\u0131r\u0131qlar\u0131n icras\u0131 il\u0259 \u0259laq\u0259dar Nazirl\u0259r Kabineti t\u0259r\u0259find\u0259n h\u0259yata ke\u00e7irilm\u0259si n\u0259z\u0259rd\u0259 tutulan t\u0259dbirl\u0259rl\u0259 ba\u011fl\u0131 Nazirl\u0259r Kabineti Aparat\u0131n\u0131n aidiyy\u0259ti \u015f\u00f6b\u0259l\u0259rin\u0259 m\u00fcvafiq g\u00f6st\u0259ri\u015fl\u0259r verib.oxu.az<\/p>\n","protected":false},"excerpt":{"rendered":"<p>Az\u0259rbaycan Respublikas\u0131n\u0131n prezidenti \u0130lham \u018fliyevin s\u0259drliyi il\u0259 ke\u00e7iril\u0259n Nazirl\u0259r Kabinetinin 2018-ci ilin doqquz ay\u0131n\u0131n sosial-iqtisadi inki\u015faf\u0131n\u0131n yekunlar\u0131na v\u0259 qar\u015f\u0131da duran v\u0259zif\u0259l\u0259r\u0259 h\u0259sr olunmu\u015f iclas\u0131nda qald\u0131r\u0131lan m\u0259s\u0259l\u0259l\u0259rl\u0259 \u0259laq\u0259dar ba\u015f nazir Novruz M\u0259mm\u0259dovun yan\u0131nda Nazirl\u0259r Kabineti Aparat\u0131n\u0131n iclas\u0131 olub. ARANTV.AZ x\u0259b\u0259r verir ki, sosial-iqtisadi sah\u0259d\u0259 \u00f6lk\u0259mizin \u0259ld\u0259 etdiyi u\u011furlu n\u0259tic\u0259l\u0259rd\u0259n, iqtisadi islahatlar\u0131n daha da d\u0259rinl\u0259\u015fdirilm\u0259si istiqam\u0259tind\u0259 apar\u0131lan m\u0259qs\u0259dy\u00f6nl\u00fc i\u015fl\u0259rd\u0259n dan\u0131\u015fan ba\u015f nazir Novruz M\u0259mm\u0259dov vur\u011fulay\u0131b ki, iclasda prezident \u0130lham \u018fliyevin qeyd etdiyi kimi, beyn\u0259lxalq m\u00f6vqel\u0259ri daha da m\u00f6hk\u0259ml\u0259n\u0259n Az\u0259rbaycan regionda sabitliyin, t\u0259hl\u00fck\u0259sizliyin, \u0259m\u0259kda\u015fl\u0131\u011f\u0131n inki\u015faf\u0131na t\u00f6hf\u0259 verir: \u201cEyni zamanda, \u00f6lk\u0259mizd\u0259 iqtisadiyyat sah\u0259sind\u0259 islahatlar\u0131n&hellip;<\/p>\n","protected":false},"author":2,"featured_media":18293,"comment_status":"closed","ping_status":"closed","sticky":false,"template":"","format":"standard","meta":{"om_disable_all_campaigns":false,"_monsterinsights_skip_tracking":false,"_monsterinsights_sitenote_active":false,"_monsterinsights_sitenote_note":"","_monsterinsights_sitenote_category":0},"categories":[4],"tags":[],"aioseo_notices":[],"gutentor_comment":0,"rttpg_featured_image_url":{"full":["https:\/\/arantv.az\/wp-content\/uploads\/2018\/10\/d3_71524296450-1.jpg",620,465,false],"landscape":["https:\/\/arantv.az\/wp-content\/uploads\/2018\/10\/d3_71524296450-1.jpg",620,465,false],"portraits":["https:\/\/arantv.az\/wp-content\/uploads\/2018\/10\/d3_71524296450-1.jpg",620,465,false],"thumbnail":["https:\/\/arantv.az\/wp-content\/uploads\/2018\/10\/d3_71524296450-1-150x150.jpg",150,150,true],"medium":["https:\/\/arantv.az\/wp-content\/uploads\/2018\/10\/d3_71524296450-1-300x225.jpg",300,225,true],"large":["https:\/\/arantv.az\/wp-content\/uploads\/2018\/10\/d3_71524296450-1.jpg",620,465,false],"1536x1536":["https:\/\/arantv.az\/wp-content\/uploads\/2018\/10\/d3_71524296450-1.jpg",620,465,false],"2048x2048":["https:\/\/arantv.az\/wp-content\/uploads\/2018\/10\/d3_71524296450-1.jpg",620,465,false],"post-thumbnail":["https:\/\/arantv.az\/wp-content\/uploads\/2018\/10\/d3_71524296450-1-240x172.jpg",240,172,true],"advps-thumb-one":["https:\/\/arantv.az\/wp-content\/uploads\/2018\/10\/d3_71524296450-1.jpg",620,465,false]},"rttpg_author":{"display_name":"V\u00fcsal Rafiqo\u011flu","author_link":"https:\/\/arantv.az\/?author=2"},"rttpg_comment":0,"rttpg_category":"<a href=\"https:\/\/arantv.az\/?cat=4\" rel=\"category\">Siyas\u0259t<\/a>","rttpg_excerpt":"Az\u0259rbaycan Respublikas\u0131n\u0131n prezidenti \u0130lham \u018fliyevin s\u0259drliyi il\u0259 ke\u00e7iril\u0259n Nazirl\u0259r Kabinetinin 2018-ci ilin doqquz ay\u0131n\u0131n sosial-iqtisadi inki\u015faf\u0131n\u0131n yekunlar\u0131na v\u0259 qar\u015f\u0131da duran v\u0259zif\u0259l\u0259r\u0259 h\u0259sr olunmu\u015f iclas\u0131nda qald\u0131r\u0131lan m\u0259s\u0259l\u0259l\u0259rl\u0259 \u0259laq\u0259dar ba\u015f nazir Novruz M\u0259mm\u0259dovun yan\u0131nda Nazirl\u0259r Kabineti Aparat\u0131n\u0131n iclas\u0131 olub. ARANTV.AZ x\u0259b\u0259r verir ki, sosial-iqtisadi sah\u0259d\u0259 \u00f6lk\u0259mizin \u0259ld\u0259 etdiyi u\u011furlu n\u0259tic\u0259l\u0259rd\u0259n, iqtisadi islahatlar\u0131n daha da d\u0259rinl\u0259\u015fdirilm\u0259si istiqam\u0259tind\u0259 apar\u0131lan&hellip;","_links":{"self":[{"href":"https:\/\/arantv.az\/index.php?rest_route=\/wp\/v2\/posts\/18292"}],"collection":[{"href":"https:\/\/arantv.az\/index.php?rest_route=\/wp\/v2\/posts"}],"about":[{"href":"https:\/\/arantv.az\/index.php?rest_route=\/wp\/v2\/types\/post"}],"author":[{"embeddable":true,"href":"https:\/\/arantv.az\/index.php?rest_route=\/wp\/v2\/users\/2"}],"replies":[{"embeddable":true,"href":"https:\/\/arantv.az\/index.php?rest_route=%2Fwp%2Fv2%2Fcomments&post=18292"}],"version-history":[{"count":0,"href":"https:\/\/arantv.az\/index.php?rest_route=\/wp\/v2\/posts\/18292\/revisions"}],"wp:featuredmedia":[{"embeddable":true,"href":"https:\/\/arantv.az\/index.php?rest_route=\/wp\/v2\/media\/18293"}],"wp:attachment":[{"href":"https:\/\/arantv.az\/index.php?rest_route=%2Fwp%2Fv2%2Fmedia&parent=18292"}],"wp:term":[{"taxonomy":"category","embeddable":true,"href":"https:\/\/arantv.az\/index.php?rest_route=%2Fwp%2Fv2%2Fcategories&post=18292"},{"taxonomy":"post_tag","embeddable":true,"href":"https:\/\/arantv.az\/index.php?rest_route=%2Fwp%2Fv2%2Ftags&post=18292"}],"curies":[{"name":"wp","href":"https:\/\/api.w.org\/{rel}","templated":true}]}}