{"id":183032,"date":"2020-06-24T12:46:24","date_gmt":"2020-06-24T09:46:24","guid":{"rendered":"http:\/\/arantv.az\/?p=183032"},"modified":"2020-06-24T12:46:24","modified_gmt":"2020-06-24T09:46:24","slug":"hansi-s%c9%99lahiyy%c9%99tl%c9%99rin-s%c9%99hiyy%c9%99-nazirliyin%c9%99-verildiyi-m%c9%99lum-oldu-r%c9%99smi","status":"publish","type":"post","link":"https:\/\/arantv.az\/?p=183032","title":{"rendered":"Hans\u0131 s\u0259lahiyy\u0259tl\u0259rin S\u0259hiyy\u0259 Nazirliyin\u0259 verildiyi m\u0259lum oldu &#8211; R\u018fSM\u0130"},"content":{"rendered":"<p>D\u00fcn\u0259n koronavirus infeksiyas\u0131na yoluxmu\u015f \u015f\u0259xsl\u0259r\u0259 ev \u015f\u0259raitind\u0259 ambulator-poliklinik, t\u0259cili v\u0259 t\u0259xir\u0259sal\u0131nmaz tibbi yard\u0131m\u0131n S\u0259hiyy\u0259 Nazirliyi, stasionar m\u00fcalic\u0259nin Tibbi \u018frazi B\u00f6lm\u0259l\u0259rinin \u0130dar\u0259etm\u0259 Birliyi t\u0259r\u0259find\u0259n h\u0259yata ke\u00e7irilm\u0259si bar\u0259d\u0259 m\u0259lumat yay\u0131l\u0131b.<\/p>\n<p>S\u0259hiyy\u0259 Nazirliyind\u0259n Oxu.Az-\u0131n sor\u011fusuna cavab olaraq bildirilib ki, d\u00f6vl\u0259t tibb m\u00fc\u0259ssis\u0259l\u0259rinin idar\u0259 edilm\u0259si Prezident \u0130lham \u018fliyevin f\u0259rman\u0131 il\u0259 Tibbi \u018frazi B\u00f6lm\u0259l\u0259rinin \u0130dar\u0259etm\u0259 Birliyin\u0259 (T\u018fB\u0130B) h\u0259val\u0259 olunub:<\/p>\n<p>\u201cNazirl\u0259r Kabineti yan\u0131nda operativ q\u0259rargah m\u00fcv\u0259qq\u0259ti olaraq S\u0259hiyy\u0259 Nazirliyin\u0259 Bak\u0131 \u015f\u0259h\u0259rind\u0259ki poliklinikalara metodiki t\u00f6vsiy\u0259l\u0259r verm\u0259yi tap\u015f\u0131r\u0131b\u201d.<\/p>\n<p>\u201cTibbi \u018frazi B\u00f6lm\u0259l\u0259rini \u0130dar\u0259etm\u0259 Birliyi\u201d publik h\u00fcquqi \u015f\u0259xs (bundan sonra \u2013 T\u018fB\u0130B) Az\u0259rbaycan Respublikas\u0131 Prezidentinin 2018-ci il 20 dekabr tarixli 418 n\u00f6mr\u0259li F\u0259rman\u0131na \u0259sas\u0259n yarad\u0131l\u0131b. F\u0259rman\u0131n icras\u0131 m\u0259qs\u0259dil\u0259 12 apreld\u0259 Nazirl\u0259r Kabineti T\u018fB\u0130B-in tabeliyind\u0259ki tibb m\u00fc\u0259ssis\u0259l\u0259rinin siyah\u0131s\u0131n\u0131n t\u0259sdiq edilm\u0259si bar\u0259d\u0259 q\u0259rar q\u0259bul edib. Q\u0259rar 2020-ci ilin yanvar\u0131n 1-d\u0259 q\u00fcvv\u0259y\u0259 minib.<\/p>\n<p>T\u018fB\u0130B-in \u0259sas v\u0259zif\u0259si icbari tibbi s\u0131\u011fortan\u0131n t\u0259tbiqi il\u0259 \u0259laq\u0259dar tibb m\u00fc\u0259ssis\u0259l\u0259rinin idar\u0259edilm\u0259sini v\u0259 bu sah\u0259d\u0259 n\u0259zar\u0259ti h\u0259yata ke\u00e7irm\u0259kdir.<\/p>\n<p>T\u018fB\u0130B-in f\u0259aliyy\u0259tinin \u0259sas m\u0259qs\u0259di tabeliyind\u0259 olan tibb m\u00fc\u0259ssis\u0259l\u0259rind\u0259 \u0259halinin sa\u011flaml\u0131\u011f\u0131n\u0131n qorunmas\u0131 \u00fc\u00e7\u00fcn tibbi xidm\u0259tl\u0259rin t\u0259\u015fkilini t\u0259min etm\u0259kd\u0259n v\u0259 tibbi xidm\u0259tl\u0259rin keyfiyy\u0259tinin y\u00fcks\u0259ldilm\u0259si \u00fc\u00e7\u00fcn t\u0259dbirl\u0259r g\u00f6rm\u0259kd\u0259n ibar\u0259tdir.<\/p>\n<p>Qeyd ed\u0259k ki, bu q\u0259rarla \u00f6lk\u0259d\u0259 sanitariya-epidemioloji v\u0259ziyy\u0259t\u0259 n\u0259zar\u0259t t\u0259dbirl\u0259rinin t\u0259kmill\u0259\u015fdirilm\u0259si v\u0259 koronavirus pandemiyas\u0131 il\u0259 m\u00fcbariz\u0259nin g\u00fccl\u0259ndirilm\u0259si m\u0259qs\u0259dil\u0259 bir s\u0131ra t\u0259dbirl\u0259r icra olunur. H\u0259yata ke\u00e7iril\u0259n n\u00f6vb\u0259ti \u0259h\u0259miyy\u0259tli t\u0259dbirl\u0259rd\u0259n biri d\u0259 yeni n\u00f6v koronavirus (COVID-19) infeksiyas\u0131na yoluxmu\u015f \u015f\u0259xsl\u0259r\u0259 h\u0259m ambulator-poliklinik, t\u0259cili v\u0259 t\u0259xir\u0259sal\u0131nmaz tibbi yard\u0131m\u0131n, h\u0259m d\u0259 stasionar m\u00fcalic\u0259nin keyfiyy\u0259tli g\u00f6st\u0259rilm\u0259si, bu sah\u0259l\u0259r\u0259 ayr\u0131-ayr\u0131l\u0131qda diqq\u0259tin y\u00f6n\u0259ldilm\u0259si v\u0259 prosesl\u0259rin icras\u0131n\u0131n g\u00fccl\u0259ndirilm\u0259sidir.<\/p>\n","protected":false},"excerpt":{"rendered":"<p>D\u00fcn\u0259n koronavirus infeksiyas\u0131na yoluxmu\u015f \u015f\u0259xsl\u0259r\u0259 ev \u015f\u0259raitind\u0259 ambulator-poliklinik, t\u0259cili v\u0259 t\u0259xir\u0259sal\u0131nmaz tibbi yard\u0131m\u0131n S\u0259hiyy\u0259 Nazirliyi, stasionar m\u00fcalic\u0259nin Tibbi \u018frazi B\u00f6lm\u0259l\u0259rinin \u0130dar\u0259etm\u0259 Birliyi t\u0259r\u0259find\u0259n h\u0259yata ke\u00e7irilm\u0259si bar\u0259d\u0259 m\u0259lumat yay\u0131l\u0131b. S\u0259hiyy\u0259 Nazirliyind\u0259n Oxu.Az-\u0131n sor\u011fusuna cavab olaraq bildirilib ki, d\u00f6vl\u0259t tibb m\u00fc\u0259ssis\u0259l\u0259rinin idar\u0259 edilm\u0259si Prezident \u0130lham \u018fliyevin f\u0259rman\u0131 il\u0259 Tibbi \u018frazi B\u00f6lm\u0259l\u0259rinin \u0130dar\u0259etm\u0259 Birliyin\u0259 (T\u018fB\u0130B) h\u0259val\u0259 olunub: \u201cNazirl\u0259r Kabineti yan\u0131nda operativ q\u0259rargah m\u00fcv\u0259qq\u0259ti olaraq S\u0259hiyy\u0259 Nazirliyin\u0259 Bak\u0131 \u015f\u0259h\u0259rind\u0259ki poliklinikalara metodiki t\u00f6vsiy\u0259l\u0259r verm\u0259yi tap\u015f\u0131r\u0131b\u201d. \u201cTibbi \u018frazi B\u00f6lm\u0259l\u0259rini \u0130dar\u0259etm\u0259 Birliyi\u201d publik h\u00fcquqi \u015f\u0259xs (bundan sonra \u2013 T\u018fB\u0130B) Az\u0259rbaycan Respublikas\u0131 Prezidentinin 2018-ci il 20 dekabr tarixli&hellip;<\/p>\n","protected":false},"author":2,"featured_media":183033,"comment_status":"closed","ping_status":"closed","sticky":false,"template":"","format":"standard","meta":{"om_disable_all_campaigns":false,"_monsterinsights_skip_tracking":false,"_monsterinsights_sitenote_active":false,"_monsterinsights_sitenote_note":"","_monsterinsights_sitenote_category":0},"categories":[26],"tags":[],"aioseo_notices":[],"gutentor_comment":0,"rttpg_featured_image_url":{"full":["https:\/\/arantv.az\/wp-content\/uploads\/2020\/06\/sehiyyee.jpg",620,335,false],"landscape":["https:\/\/arantv.az\/wp-content\/uploads\/2020\/06\/sehiyyee.jpg",620,335,false],"portraits":["https:\/\/arantv.az\/wp-content\/uploads\/2020\/06\/sehiyyee.jpg",620,335,false],"thumbnail":["https:\/\/arantv.az\/wp-content\/uploads\/2020\/06\/sehiyyee-150x150.jpg",150,150,true],"medium":["https:\/\/arantv.az\/wp-content\/uploads\/2020\/06\/sehiyyee-300x162.jpg",300,162,true],"large":["https:\/\/arantv.az\/wp-content\/uploads\/2020\/06\/sehiyyee.jpg",620,335,false],"1536x1536":["https:\/\/arantv.az\/wp-content\/uploads\/2020\/06\/sehiyyee.jpg",620,335,false],"2048x2048":["https:\/\/arantv.az\/wp-content\/uploads\/2020\/06\/sehiyyee.jpg",620,335,false],"post-thumbnail":["https:\/\/arantv.az\/wp-content\/uploads\/2020\/06\/sehiyyee-240x172.jpg",240,172,true],"advps-thumb-one":["https:\/\/arantv.az\/wp-content\/uploads\/2020\/06\/sehiyyee.jpg",620,335,false]},"rttpg_author":{"display_name":"V\u00fcsal Rafiqo\u011flu","author_link":"https:\/\/arantv.az\/?author=2"},"rttpg_comment":0,"rttpg_category":"<a href=\"https:\/\/arantv.az\/?cat=26\" rel=\"category\">Sosial<\/a>","rttpg_excerpt":"D\u00fcn\u0259n koronavirus infeksiyas\u0131na yoluxmu\u015f \u015f\u0259xsl\u0259r\u0259 ev \u015f\u0259raitind\u0259 ambulator-poliklinik, t\u0259cili v\u0259 t\u0259xir\u0259sal\u0131nmaz tibbi yard\u0131m\u0131n S\u0259hiyy\u0259 Nazirliyi, stasionar m\u00fcalic\u0259nin Tibbi \u018frazi B\u00f6lm\u0259l\u0259rinin \u0130dar\u0259etm\u0259 Birliyi t\u0259r\u0259find\u0259n h\u0259yata ke\u00e7irilm\u0259si bar\u0259d\u0259 m\u0259lumat yay\u0131l\u0131b. S\u0259hiyy\u0259 Nazirliyind\u0259n Oxu.Az-\u0131n sor\u011fusuna cavab olaraq bildirilib ki, d\u00f6vl\u0259t tibb m\u00fc\u0259ssis\u0259l\u0259rinin idar\u0259 edilm\u0259si Prezident \u0130lham \u018fliyevin f\u0259rman\u0131 il\u0259 Tibbi \u018frazi B\u00f6lm\u0259l\u0259rinin \u0130dar\u0259etm\u0259 Birliyin\u0259 (T\u018fB\u0130B) h\u0259val\u0259 olunub: \u201cNazirl\u0259r&hellip;","_links":{"self":[{"href":"https:\/\/arantv.az\/index.php?rest_route=\/wp\/v2\/posts\/183032"}],"collection":[{"href":"https:\/\/arantv.az\/index.php?rest_route=\/wp\/v2\/posts"}],"about":[{"href":"https:\/\/arantv.az\/index.php?rest_route=\/wp\/v2\/types\/post"}],"author":[{"embeddable":true,"href":"https:\/\/arantv.az\/index.php?rest_route=\/wp\/v2\/users\/2"}],"replies":[{"embeddable":true,"href":"https:\/\/arantv.az\/index.php?rest_route=%2Fwp%2Fv2%2Fcomments&post=183032"}],"version-history":[{"count":0,"href":"https:\/\/arantv.az\/index.php?rest_route=\/wp\/v2\/posts\/183032\/revisions"}],"wp:featuredmedia":[{"embeddable":true,"href":"https:\/\/arantv.az\/index.php?rest_route=\/wp\/v2\/media\/183033"}],"wp:attachment":[{"href":"https:\/\/arantv.az\/index.php?rest_route=%2Fwp%2Fv2%2Fmedia&parent=183032"}],"wp:term":[{"taxonomy":"category","embeddable":true,"href":"https:\/\/arantv.az\/index.php?rest_route=%2Fwp%2Fv2%2Fcategories&post=183032"},{"taxonomy":"post_tag","embeddable":true,"href":"https:\/\/arantv.az\/index.php?rest_route=%2Fwp%2Fv2%2Ftags&post=183032"}],"curies":[{"name":"wp","href":"https:\/\/api.w.org\/{rel}","templated":true}]}}