{"id":18314,"date":"2018-10-11T13:17:10","date_gmt":"2018-10-11T10:17:10","guid":{"rendered":"http:\/\/arantv.az\/?p=18314"},"modified":"2018-10-11T13:17:10","modified_gmt":"2018-10-11T10:17:10","slug":"deputat-az%c9%99rbaycanda-k%c9%99nd-t%c9%99s%c9%99rrufatinin-inkisafi-ucun-muhum-islahatlar-h%c9%99yata-kecirilir","status":"publish","type":"post","link":"https:\/\/arantv.az\/?p=18314","title":{"rendered":"Deputat: &#8220;Az\u0259rbaycanda k\u0259nd t\u0259s\u0259rr\u00fcfat\u0131n\u0131n inki\u015faf\u0131 \u00fc\u00e7\u00fcn m\u00fch\u00fcm islahatlar h\u0259yata ke\u00e7irilir&#8221;"},"content":{"rendered":"<blockquote><p><em><strong>Bu g\u00fcn Az\u0259rbaycanda k\u0259nd t\u0259s\u0259rr\u00fcfat\u0131n\u0131n inki\u015faf\u0131 \u00fc\u00e7\u00fcn h\u0259r c\u00fcr \u015f\u0259rait var v\u0259 bu istiqam\u0259td\u0259 m\u00fch\u00fcm islahatlar h\u0259yata ke\u00e7irilir.<\/strong><\/em><\/p><\/blockquote>\n<p><strong>ARANTV.AZ<\/strong>\u00a0 x\u0259b\u0259r verir ki, bunu\u00a0 trend-\u0259 Milli M\u0259clisin deputat\u0131 Tahir Rzayev Az\u0259rbaycan Prezidenti \u0130lham \u018fliyevin Nazirl\u0259r Kabinetinin 2018-ci ilin doqquz ay\u0131n\u0131n sosial-iqtisadi inki\u015faf\u0131n\u0131n yekunlar\u0131na v\u0259 qar\u015f\u0131da duran v\u0259zif\u0259l\u0259r\u0259 h\u0259sr olunan iclas\u0131nda \u00e7\u0131x\u0131\u015f\u0131na m\u00fcnasib\u0259t bildir\u0259rk\u0259n deyib.<\/p>\n<p>Deputat bildirib ki, k\u0259nd t\u0259s\u0259rr\u00fcfat\u0131n\u0131n inki\u015faf\u0131 \u00f6lk\u0259nin dig\u0259r sah\u0259l\u0259rinin inki\u015faf\u0131na da stimul verir: &#8220;K\u0259nd t\u0259s\u0259rr\u00fcfat\u0131 il\u0259 \u0259laq\u0259dar s\u0259naye sah\u0259l\u0259ri inki\u015faf edir, yeni emal m\u00fc\u0259ssis\u0259l\u0259ri a\u00e7\u0131l\u0131r ki, bu da \u00f6z n\u00f6vb\u0259sind\u0259 \u0259halinin m\u0259\u015f\u011fullu\u011funun t\u0259min edilm\u0259sin\u0259, yeni i\u015f yerl\u0259rinin yarad\u0131lmas\u0131na s\u0259b\u0259b olur&#8221;.<\/p>\n<p>T.Rzayev qeyd edib ki, Prezident \u0130lham \u018fliyev k\u0259nd t\u0259s\u0259rr\u00fcfat\u0131n\u0131n inki\u015faf\u0131na x\u00fcsusi diqq\u0259t yetirir: &#8220;C\u0259nab Prezidentin vaxta\u015f\u0131r\u0131 olaraq regionlara s\u0259f\u0259rl\u0259ri, emal m\u00fc\u0259ssis\u0259l\u0259rinin a\u00e7\u0131l\u0131\u015f\u0131nda i\u015ftirak etm\u0259si, regionlarda pamb\u0131q\u00e7\u0131l\u0131\u011f\u0131n v\u0259 dig\u0259r aqrar sah\u0259l\u0259rin inki\u015faf\u0131 il\u0259 ba\u011fl\u0131 m\u00fc\u015favir\u0259l\u0259r ke\u00e7irm\u0259si k\u0259nd t\u0259s\u0259rr\u00fcfat\u0131 sah\u0259sinin inki\u015faf\u0131na xidm\u0259t edir&#8221;.<\/p>\n<p>Mill\u0259t v\u0259kili vur\u011fulay\u0131b ki, bu g\u00fcn Az\u0259rbaycanda k\u0259nd t\u0259s\u0259rr\u00fcfat\u0131n\u0131n inki\u015faf\u0131 \u00fc\u00e7\u00fcn h\u0259r c\u00fcr \u015f\u0259rait var: &#8220;\u018fvv\u0259ll\u0259r qaz, su, yol v\u0259 dig\u0259r probleml\u0259r var idis\u0259, art\u0131q bu g\u00fcn h\u0259min probleml\u0259r aradan qald\u0131r\u0131l\u0131b. Dig\u0259r t\u0259r\u0259fd\u0259n, k\u0259nd t\u0259s\u0259rr\u00fcfat\u0131n\u0131n inki\u015faf\u0131 \u00fc\u00e7\u00fcn m\u00fcasir texnikalar al\u0131n\u0131b. B\u00fct\u00fcn bunlar t\u0259dqir\u0259layiq hald\u0131r, insanlar\u0131n rifah hal\u0131n\u0131n yax\u015f\u0131la\u015fmas\u0131na c\u0259nab Prezidentin diqq\u0259t yetirm\u0259sinin n\u0259tic\u0259sidir&#8221;.<\/p>\n","protected":false},"excerpt":{"rendered":"<p>Bu g\u00fcn Az\u0259rbaycanda k\u0259nd t\u0259s\u0259rr\u00fcfat\u0131n\u0131n inki\u015faf\u0131 \u00fc\u00e7\u00fcn h\u0259r c\u00fcr \u015f\u0259rait var v\u0259 bu istiqam\u0259td\u0259 m\u00fch\u00fcm islahatlar h\u0259yata ke\u00e7irilir. ARANTV.AZ\u00a0 x\u0259b\u0259r verir ki, bunu\u00a0 trend-\u0259 Milli M\u0259clisin deputat\u0131 Tahir Rzayev Az\u0259rbaycan Prezidenti \u0130lham \u018fliyevin Nazirl\u0259r Kabinetinin 2018-ci ilin doqquz ay\u0131n\u0131n sosial-iqtisadi inki\u015faf\u0131n\u0131n yekunlar\u0131na v\u0259 qar\u015f\u0131da duran v\u0259zif\u0259l\u0259r\u0259 h\u0259sr olunan iclas\u0131nda \u00e7\u0131x\u0131\u015f\u0131na m\u00fcnasib\u0259t bildir\u0259rk\u0259n deyib. Deputat bildirib ki, k\u0259nd t\u0259s\u0259rr\u00fcfat\u0131n\u0131n inki\u015faf\u0131 \u00f6lk\u0259nin dig\u0259r sah\u0259l\u0259rinin inki\u015faf\u0131na da stimul verir: &#8220;K\u0259nd t\u0259s\u0259rr\u00fcfat\u0131 il\u0259 \u0259laq\u0259dar s\u0259naye sah\u0259l\u0259ri inki\u015faf edir, yeni emal m\u00fc\u0259ssis\u0259l\u0259ri a\u00e7\u0131l\u0131r ki, bu da \u00f6z n\u00f6vb\u0259sind\u0259 \u0259halinin m\u0259\u015f\u011fullu\u011funun t\u0259min edilm\u0259sin\u0259, yeni i\u015f yerl\u0259rinin&hellip;<\/p>\n","protected":false},"author":2,"featured_media":18315,"comment_status":"closed","ping_status":"closed","sticky":false,"template":"","format":"standard","meta":{"om_disable_all_campaigns":false,"_monsterinsights_skip_tracking":false,"_monsterinsights_sitenote_active":false,"_monsterinsights_sitenote_note":"","_monsterinsights_sitenote_category":0},"categories":[1],"tags":[],"aioseo_notices":[],"gutentor_comment":0,"rttpg_featured_image_url":{"full":["https:\/\/arantv.az\/wp-content\/uploads\/2018\/10\/tahir_rzayev_000.jpg",482,361,false],"landscape":["https:\/\/arantv.az\/wp-content\/uploads\/2018\/10\/tahir_rzayev_000.jpg",482,361,false],"portraits":["https:\/\/arantv.az\/wp-content\/uploads\/2018\/10\/tahir_rzayev_000.jpg",482,361,false],"thumbnail":["https:\/\/arantv.az\/wp-content\/uploads\/2018\/10\/tahir_rzayev_000-150x150.jpg",150,150,true],"medium":["https:\/\/arantv.az\/wp-content\/uploads\/2018\/10\/tahir_rzayev_000-300x225.jpg",300,225,true],"large":["https:\/\/arantv.az\/wp-content\/uploads\/2018\/10\/tahir_rzayev_000.jpg",482,361,false],"1536x1536":["https:\/\/arantv.az\/wp-content\/uploads\/2018\/10\/tahir_rzayev_000.jpg",482,361,false],"2048x2048":["https:\/\/arantv.az\/wp-content\/uploads\/2018\/10\/tahir_rzayev_000.jpg",482,361,false],"post-thumbnail":["https:\/\/arantv.az\/wp-content\/uploads\/2018\/10\/tahir_rzayev_000-240x172.jpg",240,172,true],"advps-thumb-one":["https:\/\/arantv.az\/wp-content\/uploads\/2018\/10\/tahir_rzayev_000.jpg",482,361,false]},"rttpg_author":{"display_name":"V\u00fcsal Rafiqo\u011flu","author_link":"https:\/\/arantv.az\/?author=2"},"rttpg_comment":0,"rttpg_category":"<a href=\"https:\/\/arantv.az\/?cat=1\" rel=\"category\">C\u0259miyy\u0259t<\/a>","rttpg_excerpt":"Bu g\u00fcn Az\u0259rbaycanda k\u0259nd t\u0259s\u0259rr\u00fcfat\u0131n\u0131n inki\u015faf\u0131 \u00fc\u00e7\u00fcn h\u0259r c\u00fcr \u015f\u0259rait var v\u0259 bu istiqam\u0259td\u0259 m\u00fch\u00fcm islahatlar h\u0259yata ke\u00e7irilir. ARANTV.AZ\u00a0 x\u0259b\u0259r verir ki, bunu\u00a0 trend-\u0259 Milli M\u0259clisin deputat\u0131 Tahir Rzayev Az\u0259rbaycan Prezidenti \u0130lham \u018fliyevin Nazirl\u0259r Kabinetinin 2018-ci ilin doqquz ay\u0131n\u0131n sosial-iqtisadi inki\u015faf\u0131n\u0131n yekunlar\u0131na v\u0259 qar\u015f\u0131da duran v\u0259zif\u0259l\u0259r\u0259 h\u0259sr olunan iclas\u0131nda \u00e7\u0131x\u0131\u015f\u0131na m\u00fcnasib\u0259t bildir\u0259rk\u0259n deyib. Deputat bildirib&hellip;","_links":{"self":[{"href":"https:\/\/arantv.az\/index.php?rest_route=\/wp\/v2\/posts\/18314"}],"collection":[{"href":"https:\/\/arantv.az\/index.php?rest_route=\/wp\/v2\/posts"}],"about":[{"href":"https:\/\/arantv.az\/index.php?rest_route=\/wp\/v2\/types\/post"}],"author":[{"embeddable":true,"href":"https:\/\/arantv.az\/index.php?rest_route=\/wp\/v2\/users\/2"}],"replies":[{"embeddable":true,"href":"https:\/\/arantv.az\/index.php?rest_route=%2Fwp%2Fv2%2Fcomments&post=18314"}],"version-history":[{"count":0,"href":"https:\/\/arantv.az\/index.php?rest_route=\/wp\/v2\/posts\/18314\/revisions"}],"wp:featuredmedia":[{"embeddable":true,"href":"https:\/\/arantv.az\/index.php?rest_route=\/wp\/v2\/media\/18315"}],"wp:attachment":[{"href":"https:\/\/arantv.az\/index.php?rest_route=%2Fwp%2Fv2%2Fmedia&parent=18314"}],"wp:term":[{"taxonomy":"category","embeddable":true,"href":"https:\/\/arantv.az\/index.php?rest_route=%2Fwp%2Fv2%2Fcategories&post=18314"},{"taxonomy":"post_tag","embeddable":true,"href":"https:\/\/arantv.az\/index.php?rest_route=%2Fwp%2Fv2%2Ftags&post=18314"}],"curies":[{"name":"wp","href":"https:\/\/api.w.org\/{rel}","templated":true}]}}