{"id":18320,"date":"2018-10-11T13:22:18","date_gmt":"2018-10-11T10:22:18","guid":{"rendered":"http:\/\/arantv.az\/?p=18320"},"modified":"2018-10-11T13:22:18","modified_gmt":"2018-10-11T10:22:18","slug":"frankfurt-beyn%c9%99lxalq-kitab-s%c9%99rgisind%c9%99-az%c9%99rbaycan-da-t%c9%99msil-olunur","status":"publish","type":"post","link":"https:\/\/arantv.az\/?p=18320","title":{"rendered":"Frankfurt Beyn\u0259lxalq Kitab S\u0259rgisind\u0259 Az\u0259rbaycan da t\u0259msil olunur"},"content":{"rendered":"<p><strong>ARANTV.AZ<\/strong> x\u0259b\u0259r verir ki, \u00d6lk\u0259miz Almaniyada ke\u00e7iril\u0259n Frankfurt Beyn\u0259lxalq Kitab S\u0259rgisind\u0259 t\u0259msil olunur. S\u0259rgi \u00e7\u0259r\u00e7iv\u0259sind\u0259 Az\u0259rbaycan Xalq C\u00fcmhuriyy\u0259tinin v\u0259 g\u00f6rk\u0259mli b\u0259st\u0259kar Qara Qarayevin 100 illik yubileyl\u0259ri m\u00fcnasib\u0259til\u0259 t\u0259dbir d\u0259 ke\u00e7irilib.<\/p>\n<p>Frankfurt Beyn\u0259lxalq Kitab S\u0259rgisind\u0259 \u00f6lk\u0259miz \u201cQ\u0131z qalas\u0131\u201d v\u0259 \u201cQala divarlar\u0131\u201d dizayn\u0131 il\u0259 haz\u0131rlanan x\u00fcsusi stendl\u0259 t\u0259msil olunur. Burada \u00fcmummilli lider Heyd\u0259r \u018fliyev v\u0259\u00a0 Prezident \u0130lham \u018fliyevin h\u0259yat v\u0259 f\u0259aliyy\u0259tini \u0259ks etdir\u0259n kitablar, tariximiz\u0259, m\u0259d\u0259niyy\u0259timiz\u0259, Qaraba\u011f h\u0259qiq\u0259tl\u0259rin\u0259 dair n\u0259\u015frl\u0259r alman, ingilis v\u0259 Az\u0259rbaycan dill\u0259rind\u0259 t\u0259qdim edilir. S\u0259rgi \u00e7\u0259r\u00e7iv\u0259sind\u0259 Az\u0259rbaycan Xalq C\u00fcmhuriyy\u0259tinin v\u0259 g\u00f6rk\u0259mli b\u0259st\u0259kar Qara Qarayevin 100 illikl\u0259rin\u0259 h\u0259sr olunan t\u0259dbir ke\u00e7irildi. M\u0259d\u0259niyy\u0259t nazirinin m\u00fcavini Vaqif \u018fliyev C\u00fcmhuriyy\u0259tin 100 illik yubileyi il\u0259 ba\u011fl\u0131 ke\u00e7iril\u0259n geni\u015fmiqyasl\u0131 t\u0259dbirl\u0259rin \u0259h\u0259miyy\u0259tin\u0259 toxundu, dahi b\u0259st\u0259kar Qara Qarayevin Az\u0259rbaycan v\u0259 d\u00fcnya musiqisi tarixind\u0259ki xidm\u0259tl\u0259rind\u0259n b\u0259hs etdi. \u201cQara Qarayev. Se\u00e7ilmi\u015f fortepiano \u0259s\u0259rl\u0259ri\u201d v\u0259 \u201cQara Qarayev. H\u0259yat v\u0259 yarad\u0131c\u0131l\u0131\u011f\u0131 haqq\u0131nda q\u0131sa o\u00e7erk\u201d kitablar\u0131n\u0131n dahi b\u0259st\u0259kar\u0131n irsinin \u00f6yr\u0259nilm\u0259si v\u0259 d\u00fcnyada t\u0259bli\u011fi bax\u0131m\u0131ndan \u0259v\u0259zsiz m\u0259nb\u0259 oldu\u011fu qeyd edildi. T\u00fcrkiy\u0259nin m\u0259d\u0259niyy\u0259t v\u0259 turizm nazirinin m\u00fcavini Haluk Dursun, \u00f6lk\u0259mizin Almaniyadak\u0131 s\u0259firi Ramin H\u0259s\u0259nov v\u0259 dig\u0259rl\u0259ri Az\u0259rbaycan Xalq C\u00fcmhuriyy\u0259tinin \u00f6lk\u0259mizin tarixinin parlaq s\u0259hif\u0259si oldu\u011funu bildirdil\u0259r. Eyni zamanda, dahi b\u0259st\u0259kar Qara Qarayevin 100 illiyi m\u00fcnasib\u0259til\u0259 \u00e7ap olunan n\u0259\u015frl\u0259rin Az\u0259rbaycan m\u0259d\u0259niyy\u0259tinin t\u0259bli\u011fi bax\u0131m\u0131ndan \u0259h\u0259miyy\u0259tind\u0259n dan\u0131\u015f\u0131ld\u0131.<\/p>\n<p>Sonra qonaqlara kitablar t\u0259qdim olundu. T\u0259dbirin m\u00fczakir\u0259 ponelind\u0259 d\u0259\u00a0 n\u0259\u015frl\u0259rin \u0259h\u0259miyy\u0259tin\u0259 toxunuldu.<\/p>\n<p>&nbsp;<\/p>\n","protected":false},"excerpt":{"rendered":"<p>ARANTV.AZ x\u0259b\u0259r verir ki, \u00d6lk\u0259miz Almaniyada ke\u00e7iril\u0259n Frankfurt Beyn\u0259lxalq Kitab S\u0259rgisind\u0259 t\u0259msil olunur. S\u0259rgi \u00e7\u0259r\u00e7iv\u0259sind\u0259 Az\u0259rbaycan Xalq C\u00fcmhuriyy\u0259tinin v\u0259 g\u00f6rk\u0259mli b\u0259st\u0259kar Qara Qarayevin 100 illik yubileyl\u0259ri m\u00fcnasib\u0259til\u0259 t\u0259dbir d\u0259 ke\u00e7irilib. Frankfurt Beyn\u0259lxalq Kitab S\u0259rgisind\u0259 \u00f6lk\u0259miz \u201cQ\u0131z qalas\u0131\u201d v\u0259 \u201cQala divarlar\u0131\u201d dizayn\u0131 il\u0259 haz\u0131rlanan x\u00fcsusi stendl\u0259 t\u0259msil olunur. Burada \u00fcmummilli lider Heyd\u0259r \u018fliyev v\u0259\u00a0 Prezident \u0130lham \u018fliyevin h\u0259yat v\u0259 f\u0259aliyy\u0259tini \u0259ks etdir\u0259n kitablar, tariximiz\u0259, m\u0259d\u0259niyy\u0259timiz\u0259, Qaraba\u011f h\u0259qiq\u0259tl\u0259rin\u0259 dair n\u0259\u015frl\u0259r alman, ingilis v\u0259 Az\u0259rbaycan dill\u0259rind\u0259 t\u0259qdim edilir. S\u0259rgi \u00e7\u0259r\u00e7iv\u0259sind\u0259 Az\u0259rbaycan Xalq C\u00fcmhuriyy\u0259tinin v\u0259 g\u00f6rk\u0259mli b\u0259st\u0259kar Qara Qarayevin 100 illikl\u0259rin\u0259 h\u0259sr olunan t\u0259dbir&hellip;<\/p>\n","protected":false},"author":2,"featured_media":18321,"comment_status":"closed","ping_status":"closed","sticky":false,"template":"","format":"standard","meta":{"om_disable_all_campaigns":false,"_monsterinsights_skip_tracking":false,"_monsterinsights_sitenote_active":false,"_monsterinsights_sitenote_note":"","_monsterinsights_sitenote_category":0},"categories":[1],"tags":[],"aioseo_notices":[],"gutentor_comment":0,"rttpg_featured_image_url":{"full":["https:\/\/arantv.az\/wp-content\/uploads\/2018\/10\/r9636vu1h718e7n8vhgr1uijo5frank.jpg",1000,666,false],"landscape":["https:\/\/arantv.az\/wp-content\/uploads\/2018\/10\/r9636vu1h718e7n8vhgr1uijo5frank.jpg",1000,666,false],"portraits":["https:\/\/arantv.az\/wp-content\/uploads\/2018\/10\/r9636vu1h718e7n8vhgr1uijo5frank.jpg",1000,666,false],"thumbnail":["https:\/\/arantv.az\/wp-content\/uploads\/2018\/10\/r9636vu1h718e7n8vhgr1uijo5frank-150x150.jpg",150,150,true],"medium":["https:\/\/arantv.az\/wp-content\/uploads\/2018\/10\/r9636vu1h718e7n8vhgr1uijo5frank-300x200.jpg",300,200,true],"large":["https:\/\/arantv.az\/wp-content\/uploads\/2018\/10\/r9636vu1h718e7n8vhgr1uijo5frank.jpg",640,426,false],"1536x1536":["https:\/\/arantv.az\/wp-content\/uploads\/2018\/10\/r9636vu1h718e7n8vhgr1uijo5frank.jpg",1000,666,false],"2048x2048":["https:\/\/arantv.az\/wp-content\/uploads\/2018\/10\/r9636vu1h718e7n8vhgr1uijo5frank.jpg",1000,666,false],"post-thumbnail":["https:\/\/arantv.az\/wp-content\/uploads\/2018\/10\/r9636vu1h718e7n8vhgr1uijo5frank-240x172.jpg",240,172,true],"advps-thumb-one":["https:\/\/arantv.az\/wp-content\/uploads\/2018\/10\/r9636vu1h718e7n8vhgr1uijo5frank-1000x620.jpg",1000,620,true]},"rttpg_author":{"display_name":"V\u00fcsal Rafiqo\u011flu","author_link":"https:\/\/arantv.az\/?author=2"},"rttpg_comment":0,"rttpg_category":"<a href=\"https:\/\/arantv.az\/?cat=1\" rel=\"category\">C\u0259miyy\u0259t<\/a>","rttpg_excerpt":"ARANTV.AZ x\u0259b\u0259r verir ki, \u00d6lk\u0259miz Almaniyada ke\u00e7iril\u0259n Frankfurt Beyn\u0259lxalq Kitab S\u0259rgisind\u0259 t\u0259msil olunur. S\u0259rgi \u00e7\u0259r\u00e7iv\u0259sind\u0259 Az\u0259rbaycan Xalq C\u00fcmhuriyy\u0259tinin v\u0259 g\u00f6rk\u0259mli b\u0259st\u0259kar Qara Qarayevin 100 illik yubileyl\u0259ri m\u00fcnasib\u0259til\u0259 t\u0259dbir d\u0259 ke\u00e7irilib. Frankfurt Beyn\u0259lxalq Kitab S\u0259rgisind\u0259 \u00f6lk\u0259miz \u201cQ\u0131z qalas\u0131\u201d v\u0259 \u201cQala divarlar\u0131\u201d dizayn\u0131 il\u0259 haz\u0131rlanan x\u00fcsusi stendl\u0259 t\u0259msil olunur. Burada \u00fcmummilli lider Heyd\u0259r \u018fliyev v\u0259\u00a0 Prezident \u0130lham&hellip;","_links":{"self":[{"href":"https:\/\/arantv.az\/index.php?rest_route=\/wp\/v2\/posts\/18320"}],"collection":[{"href":"https:\/\/arantv.az\/index.php?rest_route=\/wp\/v2\/posts"}],"about":[{"href":"https:\/\/arantv.az\/index.php?rest_route=\/wp\/v2\/types\/post"}],"author":[{"embeddable":true,"href":"https:\/\/arantv.az\/index.php?rest_route=\/wp\/v2\/users\/2"}],"replies":[{"embeddable":true,"href":"https:\/\/arantv.az\/index.php?rest_route=%2Fwp%2Fv2%2Fcomments&post=18320"}],"version-history":[{"count":0,"href":"https:\/\/arantv.az\/index.php?rest_route=\/wp\/v2\/posts\/18320\/revisions"}],"wp:featuredmedia":[{"embeddable":true,"href":"https:\/\/arantv.az\/index.php?rest_route=\/wp\/v2\/media\/18321"}],"wp:attachment":[{"href":"https:\/\/arantv.az\/index.php?rest_route=%2Fwp%2Fv2%2Fmedia&parent=18320"}],"wp:term":[{"taxonomy":"category","embeddable":true,"href":"https:\/\/arantv.az\/index.php?rest_route=%2Fwp%2Fv2%2Fcategories&post=18320"},{"taxonomy":"post_tag","embeddable":true,"href":"https:\/\/arantv.az\/index.php?rest_route=%2Fwp%2Fv2%2Ftags&post=18320"}],"curies":[{"name":"wp","href":"https:\/\/api.w.org\/{rel}","templated":true}]}}