{"id":18367,"date":"2018-10-12T09:31:25","date_gmt":"2018-10-12T06:31:25","guid":{"rendered":"http:\/\/arantv.az\/?p=18367"},"modified":"2018-10-12T09:31:25","modified_gmt":"2018-10-12T06:31:25","slug":"kadirov-nurm%c9%99h%c9%99mm%c9%99dova-avtomobil-bagisladi-video","status":"publish","type":"post","link":"https:\/\/arantv.az\/?p=18367","title":{"rendered":"Kad\u0131rov Nurm\u0259h\u0259mm\u0259dova avtomobil ba\u011f\u0131\u015flad\u0131 &#8211; V\u0130DEO"},"content":{"rendered":"<p>\u00c7e\u00e7enistan lideri\u00a0<strong>Ramzan Kad\u0131rov<\/strong>\u00a07 oktyabrda Las-Veqasda ke\u00e7iril\u0259n UFC 229 yar\u0131\u015f\u0131nda irlandiyal\u0131 d\u00f6y\u00fc\u015f\u00e7\u00fc\u00a0<strong>Konor Makqreqor<\/strong>u m\u0259\u011flub ed\u0259n rusiyal\u0131 d\u00f6y\u00fc\u015f\u00e7\u00fc\u00a0<strong>H\u0259bib Nurm\u0259h\u0259mm\u0259dov<\/strong>a avtomobil h\u0259diyy\u0259 edib.<\/p>\n<p><strong>ARQANTV.AZ<\/strong>\u00a0x\u0259b\u0259r verir ki, \u00e7e\u00e7en ba\u015f\u00e7\u0131 h\u0259diyy\u0259ni atas\u0131n\u0131n ad\u0131na t\u0259sis etdiyi \u018fhm\u0259d-Hac\u0131 Kad\u0131rov Fondu ad\u0131ndan ba\u011f\u0131\u015flay\u0131b.<\/p>\n<p>Bundan ba\u015fqa, o, H\u0259bibin atas\u0131 olan m\u0259\u015fq\u00e7isi\u00a0<strong>\u018fbd\u00fclmanaf Nurm\u0259h\u0259mm\u0259dov<\/strong>a \u00c7e\u00e7enistan\u0131n \u201c\u018fm\u0259kdar b\u0259d\u0259n t\u0259rbiy\u0259si i\u015f\u00e7isi\u201d f\u0259xri \u00fcnvan\u0131 verilm\u0259si haqq\u0131nda s\u0259r\u0259ncam imzalay\u0131b.<\/p>\n<div><iframe loading=\"lazy\" src=\"https:\/\/baku.tv\/embed\/4447\" width=\"640\" height=\"360\" frameborder=\"0\" scrolling=\"no\" allowfullscreen=\"allowfullscreen\" data-mce-fragment=\"1\"><\/iframe><\/div>\n<p>Qrozn\u0131 \u015f\u0259h\u0259rinin meri\u00a0<strong>\u0130brahim Zakriyev<\/strong>\u00a0is\u0259 H\u0259bib Nurm\u0259h\u0259mm\u0259dova \u201cQrozn\u0131 \u015f\u0259h\u0259rinin f\u0259xri v\u0259t\u0259nda\u015f\u0131\u201d titulunu verib.oxu.az<\/p>\n","protected":false},"excerpt":{"rendered":"<p>\u00c7e\u00e7enistan lideri\u00a0Ramzan Kad\u0131rov\u00a07 oktyabrda Las-Veqasda ke\u00e7iril\u0259n UFC 229 yar\u0131\u015f\u0131nda irlandiyal\u0131 d\u00f6y\u00fc\u015f\u00e7\u00fc\u00a0Konor Makqreqoru m\u0259\u011flub ed\u0259n rusiyal\u0131 d\u00f6y\u00fc\u015f\u00e7\u00fc\u00a0H\u0259bib Nurm\u0259h\u0259mm\u0259dova avtomobil h\u0259diyy\u0259 edib. ARQANTV.AZ\u00a0x\u0259b\u0259r verir ki, \u00e7e\u00e7en ba\u015f\u00e7\u0131 h\u0259diyy\u0259ni atas\u0131n\u0131n ad\u0131na t\u0259sis etdiyi \u018fhm\u0259d-Hac\u0131 Kad\u0131rov Fondu ad\u0131ndan ba\u011f\u0131\u015flay\u0131b. Bundan ba\u015fqa, o, H\u0259bibin atas\u0131 olan m\u0259\u015fq\u00e7isi\u00a0\u018fbd\u00fclmanaf Nurm\u0259h\u0259mm\u0259dova \u00c7e\u00e7enistan\u0131n \u201c\u018fm\u0259kdar b\u0259d\u0259n t\u0259rbiy\u0259si i\u015f\u00e7isi\u201d f\u0259xri \u00fcnvan\u0131 verilm\u0259si haqq\u0131nda s\u0259r\u0259ncam imzalay\u0131b. Qrozn\u0131 \u015f\u0259h\u0259rinin meri\u00a0\u0130brahim Zakriyev\u00a0is\u0259 H\u0259bib Nurm\u0259h\u0259mm\u0259dova \u201cQrozn\u0131 \u015f\u0259h\u0259rinin f\u0259xri v\u0259t\u0259nda\u015f\u0131\u201d titulunu verib.oxu.az<\/p>\n","protected":false},"author":2,"featured_media":18368,"comment_status":"closed","ping_status":"closed","sticky":false,"template":"","format":"standard","meta":{"om_disable_all_campaigns":false,"_monsterinsights_skip_tracking":false,"_monsterinsights_sitenote_active":false,"_monsterinsights_sitenote_note":"","_monsterinsights_sitenote_category":0},"categories":[6],"tags":[],"aioseo_notices":[],"gutentor_comment":0,"rttpg_featured_image_url":{"full":["https:\/\/arantv.az\/wp-content\/uploads\/2018\/10\/5a50b195abb626d8d0eddaab95ff195e__1440x.jpg",620,413,false],"landscape":["https:\/\/arantv.az\/wp-content\/uploads\/2018\/10\/5a50b195abb626d8d0eddaab95ff195e__1440x.jpg",620,413,false],"portraits":["https:\/\/arantv.az\/wp-content\/uploads\/2018\/10\/5a50b195abb626d8d0eddaab95ff195e__1440x.jpg",620,413,false],"thumbnail":["https:\/\/arantv.az\/wp-content\/uploads\/2018\/10\/5a50b195abb626d8d0eddaab95ff195e__1440x-150x150.jpg",150,150,true],"medium":["https:\/\/arantv.az\/wp-content\/uploads\/2018\/10\/5a50b195abb626d8d0eddaab95ff195e__1440x-300x200.jpg",300,200,true],"large":["https:\/\/arantv.az\/wp-content\/uploads\/2018\/10\/5a50b195abb626d8d0eddaab95ff195e__1440x.jpg",620,413,false],"1536x1536":["https:\/\/arantv.az\/wp-content\/uploads\/2018\/10\/5a50b195abb626d8d0eddaab95ff195e__1440x.jpg",620,413,false],"2048x2048":["https:\/\/arantv.az\/wp-content\/uploads\/2018\/10\/5a50b195abb626d8d0eddaab95ff195e__1440x.jpg",620,413,false],"post-thumbnail":["https:\/\/arantv.az\/wp-content\/uploads\/2018\/10\/5a50b195abb626d8d0eddaab95ff195e__1440x-240x172.jpg",240,172,true],"advps-thumb-one":["https:\/\/arantv.az\/wp-content\/uploads\/2018\/10\/5a50b195abb626d8d0eddaab95ff195e__1440x.jpg",620,413,false]},"rttpg_author":{"display_name":"V\u00fcsal Rafiqo\u011flu","author_link":"https:\/\/arantv.az\/?author=2"},"rttpg_comment":0,"rttpg_category":"<a href=\"https:\/\/arantv.az\/?cat=6\" rel=\"category\">\u0130dman<\/a>","rttpg_excerpt":"\u00c7e\u00e7enistan lideri\u00a0Ramzan Kad\u0131rov\u00a07 oktyabrda Las-Veqasda ke\u00e7iril\u0259n UFC 229 yar\u0131\u015f\u0131nda irlandiyal\u0131 d\u00f6y\u00fc\u015f\u00e7\u00fc\u00a0Konor Makqreqoru m\u0259\u011flub ed\u0259n rusiyal\u0131 d\u00f6y\u00fc\u015f\u00e7\u00fc\u00a0H\u0259bib Nurm\u0259h\u0259mm\u0259dova avtomobil h\u0259diyy\u0259 edib. ARQANTV.AZ\u00a0x\u0259b\u0259r verir ki, \u00e7e\u00e7en ba\u015f\u00e7\u0131 h\u0259diyy\u0259ni atas\u0131n\u0131n ad\u0131na t\u0259sis etdiyi \u018fhm\u0259d-Hac\u0131 Kad\u0131rov Fondu ad\u0131ndan ba\u011f\u0131\u015flay\u0131b. Bundan ba\u015fqa, o, H\u0259bibin atas\u0131 olan m\u0259\u015fq\u00e7isi\u00a0\u018fbd\u00fclmanaf Nurm\u0259h\u0259mm\u0259dova \u00c7e\u00e7enistan\u0131n \u201c\u018fm\u0259kdar b\u0259d\u0259n t\u0259rbiy\u0259si i\u015f\u00e7isi\u201d f\u0259xri \u00fcnvan\u0131 verilm\u0259si haqq\u0131nda s\u0259r\u0259ncam imzalay\u0131b. Qrozn\u0131&hellip;","_links":{"self":[{"href":"https:\/\/arantv.az\/index.php?rest_route=\/wp\/v2\/posts\/18367"}],"collection":[{"href":"https:\/\/arantv.az\/index.php?rest_route=\/wp\/v2\/posts"}],"about":[{"href":"https:\/\/arantv.az\/index.php?rest_route=\/wp\/v2\/types\/post"}],"author":[{"embeddable":true,"href":"https:\/\/arantv.az\/index.php?rest_route=\/wp\/v2\/users\/2"}],"replies":[{"embeddable":true,"href":"https:\/\/arantv.az\/index.php?rest_route=%2Fwp%2Fv2%2Fcomments&post=18367"}],"version-history":[{"count":0,"href":"https:\/\/arantv.az\/index.php?rest_route=\/wp\/v2\/posts\/18367\/revisions"}],"wp:featuredmedia":[{"embeddable":true,"href":"https:\/\/arantv.az\/index.php?rest_route=\/wp\/v2\/media\/18368"}],"wp:attachment":[{"href":"https:\/\/arantv.az\/index.php?rest_route=%2Fwp%2Fv2%2Fmedia&parent=18367"}],"wp:term":[{"taxonomy":"category","embeddable":true,"href":"https:\/\/arantv.az\/index.php?rest_route=%2Fwp%2Fv2%2Fcategories&post=18367"},{"taxonomy":"post_tag","embeddable":true,"href":"https:\/\/arantv.az\/index.php?rest_route=%2Fwp%2Fv2%2Ftags&post=18367"}],"curies":[{"name":"wp","href":"https:\/\/api.w.org\/{rel}","templated":true}]}}