{"id":18381,"date":"2018-10-12T10:03:50","date_gmt":"2018-10-12T07:03:50","guid":{"rendered":"http:\/\/arantv.az\/?p=18381"},"modified":"2018-10-12T10:03:50","modified_gmt":"2018-10-12T07:03:50","slug":"evd%c9%99n-qacan-22-yasli-mu%c9%99llim%c9%99-bakida-tapildi","status":"publish","type":"post","link":"https:\/\/arantv.az\/?p=18381","title":{"rendered":"Evd\u0259n qa\u00e7an 22 ya\u015fl\u0131 m\u00fc\u0259llim\u0259 Bak\u0131da tap\u0131ld\u0131"},"content":{"rendered":"<p><strong>Oktyabr\u0131n 2-d\u0259 G\u0259nc\u0259d\u0259 itkin d\u00fc\u015f\u0259n 22 ya\u015fl\u0131 m\u00fc\u0259llim\u0259 Bak\u0131da tap\u0131l\u0131b.<\/strong><\/p>\n<p><strong>ARANTV.AZ-\u0131n<\/strong>\u00a0m\u0259lumat\u0131na g\u00f6r\u0259, apar\u0131lan axtar\u0131\u015f t\u0259dbirl\u0259ri n\u0259tic\u0259sind\u0259 G\u0259nc\u0259 \u015f\u0259h\u0259r Vaqif k\u00fc\u00e7\u0259sind\u0259 ya\u015fayan 1996-c\u0131 il t\u0259v\u0259ll\u00fcdl\u00fc \u018fsg\u0259rova G\u00fcnay Zahid q\u0131z\u0131n\u0131n Bak\u0131da oldu\u011fu m\u00fc\u0259yy\u0259n edilib. Onun tap\u0131lmas\u0131 bar\u0259d\u0259 ail\u0259sin\u0259 m\u0259lumat verilib.<\/p>\n<p>Bildirilir ki, evd\u0259n qa\u00e7an g\u0259nc m\u00fc\u0259llim\u0259 G\u0259nc\u0259d\u0259ki \u201cZ\u0259ka\u201d haz\u0131rl\u0131q kurslar\u0131nda i\u015fl\u0259yir v\u0259 i\u015fd\u0259n \u00e7\u0131xandan sonra yoxa \u00e7\u0131x\u0131b.<\/p>\n<p>Onun Bak\u0131ya hans\u0131 m\u0259qs\u0259dl\u0259 g\u0259lm\u0259si m\u0259lum deyil.<\/p>\n<p>publika.az<\/p>\n","protected":false},"excerpt":{"rendered":"<p>Oktyabr\u0131n 2-d\u0259 G\u0259nc\u0259d\u0259 itkin d\u00fc\u015f\u0259n 22 ya\u015fl\u0131 m\u00fc\u0259llim\u0259 Bak\u0131da tap\u0131l\u0131b. ARANTV.AZ-\u0131n\u00a0m\u0259lumat\u0131na g\u00f6r\u0259, apar\u0131lan axtar\u0131\u015f t\u0259dbirl\u0259ri n\u0259tic\u0259sind\u0259 G\u0259nc\u0259 \u015f\u0259h\u0259r Vaqif k\u00fc\u00e7\u0259sind\u0259 ya\u015fayan 1996-c\u0131 il t\u0259v\u0259ll\u00fcdl\u00fc \u018fsg\u0259rova G\u00fcnay Zahid q\u0131z\u0131n\u0131n Bak\u0131da oldu\u011fu m\u00fc\u0259yy\u0259n edilib. Onun tap\u0131lmas\u0131 bar\u0259d\u0259 ail\u0259sin\u0259 m\u0259lumat verilib. Bildirilir ki, evd\u0259n qa\u00e7an g\u0259nc m\u00fc\u0259llim\u0259 G\u0259nc\u0259d\u0259ki \u201cZ\u0259ka\u201d haz\u0131rl\u0131q kurslar\u0131nda i\u015fl\u0259yir v\u0259 i\u015fd\u0259n \u00e7\u0131xandan sonra yoxa \u00e7\u0131x\u0131b. Onun Bak\u0131ya hans\u0131 m\u0259qs\u0259dl\u0259 g\u0259lm\u0259si m\u0259lum deyil. publika.az<\/p>\n","protected":false},"author":2,"featured_media":18382,"comment_status":"closed","ping_status":"closed","sticky":false,"template":"","format":"standard","meta":{"om_disable_all_campaigns":false,"_monsterinsights_skip_tracking":false,"_monsterinsights_sitenote_active":false,"_monsterinsights_sitenote_note":"","_monsterinsights_sitenote_category":0},"categories":[1],"tags":[],"aioseo_notices":[],"gutentor_comment":0,"rttpg_featured_image_url":{"full":["https:\/\/arantv.az\/wp-content\/uploads\/2018\/10\/itkin_0003.jpg",800,450,false],"landscape":["https:\/\/arantv.az\/wp-content\/uploads\/2018\/10\/itkin_0003.jpg",800,450,false],"portraits":["https:\/\/arantv.az\/wp-content\/uploads\/2018\/10\/itkin_0003.jpg",800,450,false],"thumbnail":["https:\/\/arantv.az\/wp-content\/uploads\/2018\/10\/itkin_0003-150x150.jpg",150,150,true],"medium":["https:\/\/arantv.az\/wp-content\/uploads\/2018\/10\/itkin_0003-300x169.jpg",300,169,true],"large":["https:\/\/arantv.az\/wp-content\/uploads\/2018\/10\/itkin_0003.jpg",640,360,false],"1536x1536":["https:\/\/arantv.az\/wp-content\/uploads\/2018\/10\/itkin_0003.jpg",800,450,false],"2048x2048":["https:\/\/arantv.az\/wp-content\/uploads\/2018\/10\/itkin_0003.jpg",800,450,false],"post-thumbnail":["https:\/\/arantv.az\/wp-content\/uploads\/2018\/10\/itkin_0003-240x172.jpg",240,172,true],"advps-thumb-one":["https:\/\/arantv.az\/wp-content\/uploads\/2018\/10\/itkin_0003.jpg",800,450,false]},"rttpg_author":{"display_name":"V\u00fcsal Rafiqo\u011flu","author_link":"https:\/\/arantv.az\/?author=2"},"rttpg_comment":0,"rttpg_category":"<a href=\"https:\/\/arantv.az\/?cat=1\" rel=\"category\">C\u0259miyy\u0259t<\/a>","rttpg_excerpt":"Oktyabr\u0131n 2-d\u0259 G\u0259nc\u0259d\u0259 itkin d\u00fc\u015f\u0259n 22 ya\u015fl\u0131 m\u00fc\u0259llim\u0259 Bak\u0131da tap\u0131l\u0131b. ARANTV.AZ-\u0131n\u00a0m\u0259lumat\u0131na g\u00f6r\u0259, apar\u0131lan axtar\u0131\u015f t\u0259dbirl\u0259ri n\u0259tic\u0259sind\u0259 G\u0259nc\u0259 \u015f\u0259h\u0259r Vaqif k\u00fc\u00e7\u0259sind\u0259 ya\u015fayan 1996-c\u0131 il t\u0259v\u0259ll\u00fcdl\u00fc \u018fsg\u0259rova G\u00fcnay Zahid q\u0131z\u0131n\u0131n Bak\u0131da oldu\u011fu m\u00fc\u0259yy\u0259n edilib. Onun tap\u0131lmas\u0131 bar\u0259d\u0259 ail\u0259sin\u0259 m\u0259lumat verilib. Bildirilir ki, evd\u0259n qa\u00e7an g\u0259nc m\u00fc\u0259llim\u0259 G\u0259nc\u0259d\u0259ki \u201cZ\u0259ka\u201d haz\u0131rl\u0131q kurslar\u0131nda i\u015fl\u0259yir v\u0259 i\u015fd\u0259n \u00e7\u0131xandan sonra yoxa \u00e7\u0131x\u0131b.&hellip;","_links":{"self":[{"href":"https:\/\/arantv.az\/index.php?rest_route=\/wp\/v2\/posts\/18381"}],"collection":[{"href":"https:\/\/arantv.az\/index.php?rest_route=\/wp\/v2\/posts"}],"about":[{"href":"https:\/\/arantv.az\/index.php?rest_route=\/wp\/v2\/types\/post"}],"author":[{"embeddable":true,"href":"https:\/\/arantv.az\/index.php?rest_route=\/wp\/v2\/users\/2"}],"replies":[{"embeddable":true,"href":"https:\/\/arantv.az\/index.php?rest_route=%2Fwp%2Fv2%2Fcomments&post=18381"}],"version-history":[{"count":0,"href":"https:\/\/arantv.az\/index.php?rest_route=\/wp\/v2\/posts\/18381\/revisions"}],"wp:featuredmedia":[{"embeddable":true,"href":"https:\/\/arantv.az\/index.php?rest_route=\/wp\/v2\/media\/18382"}],"wp:attachment":[{"href":"https:\/\/arantv.az\/index.php?rest_route=%2Fwp%2Fv2%2Fmedia&parent=18381"}],"wp:term":[{"taxonomy":"category","embeddable":true,"href":"https:\/\/arantv.az\/index.php?rest_route=%2Fwp%2Fv2%2Fcategories&post=18381"},{"taxonomy":"post_tag","embeddable":true,"href":"https:\/\/arantv.az\/index.php?rest_route=%2Fwp%2Fv2%2Ftags&post=18381"}],"curies":[{"name":"wp","href":"https:\/\/api.w.org\/{rel}","templated":true}]}}