{"id":18438,"date":"2018-10-12T10:49:55","date_gmt":"2018-10-12T07:49:55","guid":{"rendered":"http:\/\/arantv.az\/?p=18438"},"modified":"2018-10-12T10:49:55","modified_gmt":"2018-10-12T07:49:55","slug":"turkiy%c9%99d%c9%99-az%c9%99rbaycana-m%c9%99xsus-yuk-masini-caya-dusdu-yaralilar-var","status":"publish","type":"post","link":"https:\/\/arantv.az\/?p=18438","title":{"rendered":"T\u00fcrkiy\u0259d\u0259 Az\u0259rbaycana m\u0259xsus y\u00fck ma\u015f\u0131n\u0131 \u00e7aya d\u00fc\u015fd\u00fc: yaral\u0131lar var"},"content":{"rendered":"<p><strong>T\u00fcrkiy\u0259nin Kayseri vilay\u0259tind\u0259 Az\u0259rbaycan seriyal\u0131 &#8220;99-AZ-285&#8221; d\u00f6vl\u0259t qeydiyyat ni\u015fanl\u0131 y\u00fck avtomobili q\u0259zaya u\u011fray\u0131b.<\/strong><\/p>\n<p><strong>ARANTV.AZ<\/strong> trend-\u0259 istinad\u0259n x\u0259b\u0259r verir ki, avtomobil 15 metr y\u00fcks\u0259klikd\u0259n K\u0131z\u0131l\u0131rmak \u00e7ay\u0131na d\u00fc\u015f\u00fcb.<\/p>\n<p>Q\u0259zada eyni zamanda d\u00f6rd avtomobil\u0259 ziyan d\u0259yib.<\/p>\n<p>Hadis\u0259 n\u0259tic\u0259sind\u0259 \u00fcmumilikd\u0259 7 n\u0259f\u0259r yaralan\u0131b. Onlar\u0131n \u015f\u0259h\u0259r x\u0259st\u0259xanas\u0131na \u00e7atd\u0131r\u0131ld\u0131\u011f\u0131, v\u0259ziyy\u0259tl\u0259rinin normal oldu\u011fu bildirilir.<\/p>\n<p>Yol-n\u0259qliyyat hadis\u0259sinin hans\u0131 s\u0259b\u0259bd\u0259n ba\u015f verdiyi ara\u015fd\u0131r\u0131l\u0131r.<\/p>\n","protected":false},"excerpt":{"rendered":"<p>T\u00fcrkiy\u0259nin Kayseri vilay\u0259tind\u0259 Az\u0259rbaycan seriyal\u0131 &#8220;99-AZ-285&#8221; d\u00f6vl\u0259t qeydiyyat ni\u015fanl\u0131 y\u00fck avtomobili q\u0259zaya u\u011fray\u0131b. ARANTV.AZ trend-\u0259 istinad\u0259n x\u0259b\u0259r verir ki, avtomobil 15 metr y\u00fcks\u0259klikd\u0259n K\u0131z\u0131l\u0131rmak \u00e7ay\u0131na d\u00fc\u015f\u00fcb. Q\u0259zada eyni zamanda d\u00f6rd avtomobil\u0259 ziyan d\u0259yib. Hadis\u0259 n\u0259tic\u0259sind\u0259 \u00fcmumilikd\u0259 7 n\u0259f\u0259r yaralan\u0131b. Onlar\u0131n \u015f\u0259h\u0259r x\u0259st\u0259xanas\u0131na \u00e7atd\u0131r\u0131ld\u0131\u011f\u0131, v\u0259ziyy\u0259tl\u0259rinin normal oldu\u011fu bildirilir. Yol-n\u0259qliyyat hadis\u0259sinin hans\u0131 s\u0259b\u0259bd\u0259n ba\u015f verdiyi ara\u015fd\u0131r\u0131l\u0131r.<\/p>\n","protected":false},"author":2,"featured_media":18439,"comment_status":"closed","ping_status":"closed","sticky":false,"template":"","format":"standard","meta":{"om_disable_all_campaigns":false,"_monsterinsights_skip_tracking":false,"_monsterinsights_sitenote_active":false,"_monsterinsights_sitenote_note":"","_monsterinsights_sitenote_category":0},"categories":[5],"tags":[],"aioseo_notices":[],"gutentor_comment":0,"rttpg_featured_image_url":{"full":["https:\/\/arantv.az\/wp-content\/uploads\/2018\/10\/qeza_0148-1.jpg",800,600,false],"landscape":["https:\/\/arantv.az\/wp-content\/uploads\/2018\/10\/qeza_0148-1.jpg",800,600,false],"portraits":["https:\/\/arantv.az\/wp-content\/uploads\/2018\/10\/qeza_0148-1.jpg",800,600,false],"thumbnail":["https:\/\/arantv.az\/wp-content\/uploads\/2018\/10\/qeza_0148-1-150x150.jpg",150,150,true],"medium":["https:\/\/arantv.az\/wp-content\/uploads\/2018\/10\/qeza_0148-1-300x225.jpg",300,225,true],"large":["https:\/\/arantv.az\/wp-content\/uploads\/2018\/10\/qeza_0148-1.jpg",640,480,false],"1536x1536":["https:\/\/arantv.az\/wp-content\/uploads\/2018\/10\/qeza_0148-1.jpg",800,600,false],"2048x2048":["https:\/\/arantv.az\/wp-content\/uploads\/2018\/10\/qeza_0148-1.jpg",800,600,false],"post-thumbnail":["https:\/\/arantv.az\/wp-content\/uploads\/2018\/10\/qeza_0148-1-240x172.jpg",240,172,true],"advps-thumb-one":["https:\/\/arantv.az\/wp-content\/uploads\/2018\/10\/qeza_0148-1.jpg",800,600,false]},"rttpg_author":{"display_name":"V\u00fcsal Rafiqo\u011flu","author_link":"https:\/\/arantv.az\/?author=2"},"rttpg_comment":0,"rttpg_category":"<a href=\"https:\/\/arantv.az\/?cat=5\" rel=\"category\">Hadis\u0259<\/a>","rttpg_excerpt":"T\u00fcrkiy\u0259nin Kayseri vilay\u0259tind\u0259 Az\u0259rbaycan seriyal\u0131 &#8220;99-AZ-285&#8221; d\u00f6vl\u0259t qeydiyyat ni\u015fanl\u0131 y\u00fck avtomobili q\u0259zaya u\u011fray\u0131b. ARANTV.AZ trend-\u0259 istinad\u0259n x\u0259b\u0259r verir ki, avtomobil 15 metr y\u00fcks\u0259klikd\u0259n K\u0131z\u0131l\u0131rmak \u00e7ay\u0131na d\u00fc\u015f\u00fcb. Q\u0259zada eyni zamanda d\u00f6rd avtomobil\u0259 ziyan d\u0259yib. Hadis\u0259 n\u0259tic\u0259sind\u0259 \u00fcmumilikd\u0259 7 n\u0259f\u0259r yaralan\u0131b. Onlar\u0131n \u015f\u0259h\u0259r x\u0259st\u0259xanas\u0131na \u00e7atd\u0131r\u0131ld\u0131\u011f\u0131, v\u0259ziyy\u0259tl\u0259rinin normal oldu\u011fu bildirilir. Yol-n\u0259qliyyat hadis\u0259sinin hans\u0131 s\u0259b\u0259bd\u0259n ba\u015f verdiyi ara\u015fd\u0131r\u0131l\u0131r.","_links":{"self":[{"href":"https:\/\/arantv.az\/index.php?rest_route=\/wp\/v2\/posts\/18438"}],"collection":[{"href":"https:\/\/arantv.az\/index.php?rest_route=\/wp\/v2\/posts"}],"about":[{"href":"https:\/\/arantv.az\/index.php?rest_route=\/wp\/v2\/types\/post"}],"author":[{"embeddable":true,"href":"https:\/\/arantv.az\/index.php?rest_route=\/wp\/v2\/users\/2"}],"replies":[{"embeddable":true,"href":"https:\/\/arantv.az\/index.php?rest_route=%2Fwp%2Fv2%2Fcomments&post=18438"}],"version-history":[{"count":0,"href":"https:\/\/arantv.az\/index.php?rest_route=\/wp\/v2\/posts\/18438\/revisions"}],"wp:featuredmedia":[{"embeddable":true,"href":"https:\/\/arantv.az\/index.php?rest_route=\/wp\/v2\/media\/18439"}],"wp:attachment":[{"href":"https:\/\/arantv.az\/index.php?rest_route=%2Fwp%2Fv2%2Fmedia&parent=18438"}],"wp:term":[{"taxonomy":"category","embeddable":true,"href":"https:\/\/arantv.az\/index.php?rest_route=%2Fwp%2Fv2%2Fcategories&post=18438"},{"taxonomy":"post_tag","embeddable":true,"href":"https:\/\/arantv.az\/index.php?rest_route=%2Fwp%2Fv2%2Ftags&post=18438"}],"curies":[{"name":"wp","href":"https:\/\/api.w.org\/{rel}","templated":true}]}}