{"id":18448,"date":"2018-10-12T13:22:52","date_gmt":"2018-10-12T10:22:52","guid":{"rendered":"http:\/\/arantv.az\/?p=18448"},"modified":"2018-10-12T13:22:52","modified_gmt":"2018-10-12T10:22:52","slug":"az%c9%99rbaycan-farer-adalarina-bel%c9%99-qalib-g%c9%99ldi-video","status":"publish","type":"post","link":"https:\/\/arantv.az\/?p=18448","title":{"rendered":"Az\u0259rbaycan Farer adalar\u0131na bel\u0259 qalib g\u0259ldi &#8211; V\u0130DEO"},"content":{"rendered":"<p>X\u0259b\u0259r verdiyimiz kimi, oktyabr\u0131n 11-d\u0259 Az\u0259rbaycan millisi UEFA Mill\u0259tl\u0259r Liqas\u0131 \u00e7\u0259r\u00e7iv\u0259sind\u0259 s\u0259f\u0259rd\u0259 Farer adalar\u0131n\u0131 3:0 hesab\u0131 il\u0259 m\u0259\u011flub edib.<\/p>\n<p><strong>ARANTV.AZ<\/strong>-\u0131n m\u0259lumat\u0131na g\u00f6r\u0259, millimizin hey\u0259tind\u0259<strong>\u00a0Ri\u00e7ard Almeyda<\/strong>\u00a0dubla imza at\u0131b, daha bir d\u0259f\u0259 is\u0259<strong>\u00a0Dmitri N\u0259z\u0259rov<\/strong>\u00a0f\u0259rql\u0259nib.<\/p>\n<p>Bu q\u0259l\u0259b\u0259d\u0259n sonra xallar\u0131n\u0131n say\u0131n\u0131 be\u015f\u0259 \u00e7atd\u0131ran\u00a0<strong>Qurban Qurbanov<\/strong>un yetirm\u0259l\u0259ri D liqas\u0131n\u0131n \u00fc\u00e7\u00fcnc\u00fc qrupunda ikinci pill\u0259d\u0259 q\u0259rarla\u015f\u0131b.<\/p>\n<div id=\"AdributorNativeVideo0\" class=\"AdributorNativeVideo\"><\/div>\n<p>Paralel ke\u00e7iril\u0259n qar\u015f\u0131la\u015fmada qrup lideri Kosovo do\u011fma meydanda Malta millisini 3:1 hesab\u0131 il\u0259 m\u0259\u011flub edib.<\/p>\n<p>Farer adalar\u0131-Az\u0259rbaycan mat\u00e7\u0131n\u0131n icmal\u0131n\u0131 t\u0259qdim edirik:<\/p>\n<div><iframe loading=\"lazy\" src=\"https:\/\/player.baku.tv\/embed\/4453\" width=\"560\" height=\"315\" frameborder=\"0\" allowfullscreen=\"allowfullscreen\" data-mce-fragment=\"1\"><\/iframe><\/div>\n<p><b>oxu.az<\/b><\/p>\n","protected":false},"excerpt":{"rendered":"<p>X\u0259b\u0259r verdiyimiz kimi, oktyabr\u0131n 11-d\u0259 Az\u0259rbaycan millisi UEFA Mill\u0259tl\u0259r Liqas\u0131 \u00e7\u0259r\u00e7iv\u0259sind\u0259 s\u0259f\u0259rd\u0259 Farer adalar\u0131n\u0131 3:0 hesab\u0131 il\u0259 m\u0259\u011flub edib. ARANTV.AZ-\u0131n m\u0259lumat\u0131na g\u00f6r\u0259, millimizin hey\u0259tind\u0259\u00a0Ri\u00e7ard Almeyda\u00a0dubla imza at\u0131b, daha bir d\u0259f\u0259 is\u0259\u00a0Dmitri N\u0259z\u0259rov\u00a0f\u0259rql\u0259nib. Bu q\u0259l\u0259b\u0259d\u0259n sonra xallar\u0131n\u0131n say\u0131n\u0131 be\u015f\u0259 \u00e7atd\u0131ran\u00a0Qurban Qurbanovun yetirm\u0259l\u0259ri D liqas\u0131n\u0131n \u00fc\u00e7\u00fcnc\u00fc qrupunda ikinci pill\u0259d\u0259 q\u0259rarla\u015f\u0131b. Paralel ke\u00e7iril\u0259n qar\u015f\u0131la\u015fmada qrup lideri Kosovo do\u011fma meydanda Malta millisini 3:1 hesab\u0131 il\u0259 m\u0259\u011flub edib. Farer adalar\u0131-Az\u0259rbaycan mat\u00e7\u0131n\u0131n icmal\u0131n\u0131 t\u0259qdim edirik: oxu.az<\/p>\n","protected":false},"author":2,"featured_media":18449,"comment_status":"closed","ping_status":"closed","sticky":false,"template":"","format":"standard","meta":{"om_disable_all_campaigns":false,"_monsterinsights_skip_tracking":false,"_monsterinsights_sitenote_active":false,"_monsterinsights_sitenote_note":"","_monsterinsights_sitenote_category":0},"categories":[6],"tags":[],"aioseo_notices":[],"gutentor_comment":0,"rttpg_featured_image_url":{"full":["https:\/\/arantv.az\/wp-content\/uploads\/2018\/10\/21-1.jpg",600,450,false],"landscape":["https:\/\/arantv.az\/wp-content\/uploads\/2018\/10\/21-1.jpg",600,450,false],"portraits":["https:\/\/arantv.az\/wp-content\/uploads\/2018\/10\/21-1.jpg",600,450,false],"thumbnail":["https:\/\/arantv.az\/wp-content\/uploads\/2018\/10\/21-1-150x150.jpg",150,150,true],"medium":["https:\/\/arantv.az\/wp-content\/uploads\/2018\/10\/21-1-300x225.jpg",300,225,true],"large":["https:\/\/arantv.az\/wp-content\/uploads\/2018\/10\/21-1.jpg",600,450,false],"1536x1536":["https:\/\/arantv.az\/wp-content\/uploads\/2018\/10\/21-1.jpg",600,450,false],"2048x2048":["https:\/\/arantv.az\/wp-content\/uploads\/2018\/10\/21-1.jpg",600,450,false],"post-thumbnail":["https:\/\/arantv.az\/wp-content\/uploads\/2018\/10\/21-1-240x172.jpg",240,172,true],"advps-thumb-one":["https:\/\/arantv.az\/wp-content\/uploads\/2018\/10\/21-1.jpg",600,450,false]},"rttpg_author":{"display_name":"V\u00fcsal Rafiqo\u011flu","author_link":"https:\/\/arantv.az\/?author=2"},"rttpg_comment":0,"rttpg_category":"<a href=\"https:\/\/arantv.az\/?cat=6\" rel=\"category\">\u0130dman<\/a>","rttpg_excerpt":"X\u0259b\u0259r verdiyimiz kimi, oktyabr\u0131n 11-d\u0259 Az\u0259rbaycan millisi UEFA Mill\u0259tl\u0259r Liqas\u0131 \u00e7\u0259r\u00e7iv\u0259sind\u0259 s\u0259f\u0259rd\u0259 Farer adalar\u0131n\u0131 3:0 hesab\u0131 il\u0259 m\u0259\u011flub edib. ARANTV.AZ-\u0131n m\u0259lumat\u0131na g\u00f6r\u0259, millimizin hey\u0259tind\u0259\u00a0Ri\u00e7ard Almeyda\u00a0dubla imza at\u0131b, daha bir d\u0259f\u0259 is\u0259\u00a0Dmitri N\u0259z\u0259rov\u00a0f\u0259rql\u0259nib. Bu q\u0259l\u0259b\u0259d\u0259n sonra xallar\u0131n\u0131n say\u0131n\u0131 be\u015f\u0259 \u00e7atd\u0131ran\u00a0Qurban Qurbanovun yetirm\u0259l\u0259ri D liqas\u0131n\u0131n \u00fc\u00e7\u00fcnc\u00fc qrupunda ikinci pill\u0259d\u0259 q\u0259rarla\u015f\u0131b. Paralel ke\u00e7iril\u0259n qar\u015f\u0131la\u015fmada qrup lideri Kosovo do\u011fma&hellip;","_links":{"self":[{"href":"https:\/\/arantv.az\/index.php?rest_route=\/wp\/v2\/posts\/18448"}],"collection":[{"href":"https:\/\/arantv.az\/index.php?rest_route=\/wp\/v2\/posts"}],"about":[{"href":"https:\/\/arantv.az\/index.php?rest_route=\/wp\/v2\/types\/post"}],"author":[{"embeddable":true,"href":"https:\/\/arantv.az\/index.php?rest_route=\/wp\/v2\/users\/2"}],"replies":[{"embeddable":true,"href":"https:\/\/arantv.az\/index.php?rest_route=%2Fwp%2Fv2%2Fcomments&post=18448"}],"version-history":[{"count":0,"href":"https:\/\/arantv.az\/index.php?rest_route=\/wp\/v2\/posts\/18448\/revisions"}],"wp:featuredmedia":[{"embeddable":true,"href":"https:\/\/arantv.az\/index.php?rest_route=\/wp\/v2\/media\/18449"}],"wp:attachment":[{"href":"https:\/\/arantv.az\/index.php?rest_route=%2Fwp%2Fv2%2Fmedia&parent=18448"}],"wp:term":[{"taxonomy":"category","embeddable":true,"href":"https:\/\/arantv.az\/index.php?rest_route=%2Fwp%2Fv2%2Fcategories&post=18448"},{"taxonomy":"post_tag","embeddable":true,"href":"https:\/\/arantv.az\/index.php?rest_route=%2Fwp%2Fv2%2Ftags&post=18448"}],"curies":[{"name":"wp","href":"https:\/\/api.w.org\/{rel}","templated":true}]}}